{"id":323004,"date":"2025-08-16T13:50:11","date_gmt":"2025-08-16T13:50:11","guid":{"rendered":"https:\/\/www.europesays.com\/fr\/323004\/"},"modified":"2025-08-16T13:50:11","modified_gmt":"2025-08-16T13:50:11","slug":"david-hallyday-decide-de-tout-arreter-et-previent-ses-fans","status":"publish","type":"post","link":"https:\/\/www.europesays.com\/fr\/323004\/","title":{"rendered":"David Hallyday d\u00e9cide de tout arr\u00eater et pr\u00e9vient ses fans"},"content":{"rendered":"<p>      R\u00e9sum\u00e9<\/p>\n<p>David Hallyday annonce une pause loin des r\u00e9seaux sociaux cet \u00e9t\u00e9, avant sa tourn\u00e9e fran\u00e7aise pr\u00e9vue en novembre prochain.<\/p>\n<p>        Sommaire<\/p>\n<p><strong>David Hallyday a pris une grande d\u00e9cision<\/strong>. Le chanteur, qui s&rsquo;appr\u00eate \u00e0 repartir en tourn\u00e9e dans toute la France en novembre prochain, a d\u00e9cid\u00e9 de prendre du temps pour lui. En ce vendredi 15 ao\u00fbt, \u00e0 l&rsquo;occasion <a href=\"https:\/\/www.public.fr\/sylvie-vartan-une-maladie-incurable-tout-son-clan-sous-le-choc\" target=\"_blank\" rel=\"noopener\">du 81e anniversaire de sa m\u00e8re Sylvie Vartan<\/a>, le fils a\u00een\u00e9 de Johnny a d\u00e9cid\u00e9 de plaquer les r\u00e9seaux sociaux et d&rsquo;abandonner ses fans. Massivement suivi, <strong>le chanteur qui a lui aussi f\u00eat\u00e9 ses 59 ans<\/strong> la veille de sa m\u00e8re a d\u00e9cid\u00e9 d&rsquo;\u00e9loigner son t\u00e9l\u00e9phone portable pour les prochaines semaines.<\/p>\n<p>En effet, dans une story qu&rsquo;il a partag\u00e9e sur son compte Instagram, David Hallyday a averti ses fans : <strong>ses prochaines publications ne seront pas pour tout de suite<\/strong>. Quelques heures apr\u00e8s avoir rendu un tr\u00e8s bel hommage \u00e0 sa maman pour son anniversaire, l&rsquo;interpr\u00e8te de Tu ne m&rsquo;as pas laiss\u00e9 le temps a d\u00e9cid\u00e9 de raccrocher.<\/p>\n<p>David Hallyday coupe tout, l&rsquo;\u00e9t\u00e9 est sa priorit\u00e9 !<\/p>\n<p>\u00ab\u00a0Passez une belle fin d&rsquo;\u00e9t\u00e9. <strong>Je me d\u00e9connecte jusqu&rsquo;\u00e0 fin ao\u00fbt<\/strong>. Merci pour tous vos messages d&rsquo;anniversaire\u00a0\u00bb a \u00e9crit David Hallyday. Le chanteur a post\u00e9 une photo de lui en pleine nature ensoleill\u00e9e. C&rsquo;est donc en vacances que <a href=\"https:\/\/www.public.fr\/emma-smet-transformee-ressemble-a-natasha-st-pier-la-nouvelle-tete-de-la-petite-fille-de-johnny-devoilee\" target=\"_blank\" rel=\"noopener\">le p\u00e8re d&rsquo;Ilona et Laura<\/a> profite d&rsquo;un repos bien m\u00e9rit\u00e9,<strong> loin du t\u00e9l\u00e9phone portable qui ne le quitte jamais<\/strong>&#8230; Assis sur une chaise dans son jardin, le futur sexag\u00e9naire profite de la nature environnante et caniculaire. Et il a bien raison !<\/p>\n<p>Auteur de quinze albums, le dernier en date, baptis\u00e9 Requiem pour un fou, est une ode \u00e0 son p\u00e8re Johnny. En novembre prochain, <a href=\"https:\/\/vsd.fr\/62349-ne-tapproche-pas-un-proche-brise-le-silence-sur-les-derniers-instants-de-johnny-hallyday\/\" target=\"_blank\" rel=\"noopener\">huit ans apr\u00e8s la mort du rockeur<\/a>, David Hallyday entamera une nouvelle tourn\u00e9e \u00e0 travers toute la France. <strong>Elle d\u00e9butera \u00e0 Toulon le 6 novembre<\/strong>, puis le chanteur encha\u00eenera durant tout le mois. Il reprendra ensuite sa tourn\u00e9e en mars 2026. Elle se cl\u00f4turera le 2 avril \u00e0 Epernay, au terme de 33 dates au total.<\/p>\n<p><img loading=\"lazy\" decoding=\"async\" width=\"587\" height=\"1024\" src=\"data:image\/svg+xml,%3Csvg%20xmlns=\" http:=\"\" alt=\"David Hallyday d\u00e9cide de tout arr\u00eater et pr\u00e9vient ses fans\" class=\"wp-image-2579663\" data-lazy- data-lazy- data-lazy-src=\"https:\/\/www.europesays.com\/fr\/wp-content\/uploads\/2025\/08\/WhatsApp-Image-2025-08-16-at-10.15.29-e1755339909744-587x1024.jpeg\"\/>INSTAGRAM DAVID HALLYDAY<\/p>\n<p>      Mentionn\u00e9s dans cet article<\/p>\n<p>      Sur le m\u00eame sujet<\/p>\n","protected":false},"excerpt":{"rendered":"R\u00e9sum\u00e9 David Hallyday annonce une pause loin des r\u00e9seaux sociaux cet \u00e9t\u00e9, avant sa tourn\u00e9e fran\u00e7aise pr\u00e9vue en&hellip;\n","protected":false},"author":2,"featured_media":323005,"comment_status":"","ping_status":"","sticky":false,"template":"","format":"standard","meta":{"footnotes":""},"categories":[1359],"tags":[1300,58,59,1011,27,2440,973,7409],"class_list":{"0":"post-323004","1":"post","2":"type-post","3":"status-publish","4":"format-standard","5":"has-post-thumbnail","7":"category-people","8":"tag-david-hallyday","9":"tag-divertissement","10":"tag-entertainment","11":"tag-fr","12":"tag-france","13":"tag-instagram","14":"tag-people","15":"tag-sylvie-vartan"},"share_on_mastodon":{"url":"https:\/\/pubeurope.com\/@fr\/115038769923825861","error":""},"_links":{"self":[{"href":"https:\/\/www.europesays.com\/fr\/wp-json\/wp\/v2\/posts\/323004","targetHints":{"allow":["GET"]}}],"collection":[{"href":"https:\/\/www.europesays.com\/fr\/wp-json\/wp\/v2\/posts"}],"about":[{"href":"https:\/\/www.europesays.com\/fr\/wp-json\/wp\/v2\/types\/post"}],"author":[{"embeddable":true,"href":"https:\/\/www.europesays.com\/fr\/wp-json\/wp\/v2\/users\/2"}],"replies":[{"embeddable":true,"href":"https:\/\/www.europesays.com\/fr\/wp-json\/wp\/v2\/comments?post=323004"}],"version-history":[{"count":0,"href":"https:\/\/www.europesays.com\/fr\/wp-json\/wp\/v2\/posts\/323004\/revisions"}],"wp:featuredmedia":[{"embeddable":true,"href":"https:\/\/www.europesays.com\/fr\/wp-json\/wp\/v2\/media\/323005"}],"wp:attachment":[{"href":"https:\/\/www.europesays.com\/fr\/wp-json\/wp\/v2\/media?parent=323004"}],"wp:term":[{"taxonomy":"category","embeddable":true,"href":"https:\/\/www.europesays.com\/fr\/wp-json\/wp\/v2\/categories?post=323004"},{"taxonomy":"post_tag","embeddable":true,"href":"https:\/\/www.europesays.com\/fr\/wp-json\/wp\/v2\/tags?post=323004"}],"curies":[{"name":"wp","href":"https:\/\/api.w.org\/{rel}","templated":true}]}}