{"id":323012,"date":"2025-08-16T13:55:11","date_gmt":"2025-08-16T13:55:11","guid":{"rendered":"https:\/\/www.europesays.com\/fr\/323012\/"},"modified":"2025-08-16T13:55:11","modified_gmt":"2025-08-16T13:55:11","slug":"cree-en-2005-ce-groupe-de-rap-familial-du-lot-et-garonne-fete-cette-annee-ses-20-ans-dexistence","status":"publish","type":"post","link":"https:\/\/www.europesays.com\/fr\/323012\/","title":{"rendered":"Cr\u00e9\u00e9 en 2005, ce groupe de rap familial du Lot-et-Garonne f\u00eate cette ann\u00e9e ses 20 ans d\u2019existence"},"content":{"rendered":"<p>            Par<br \/>\n        <strong><br \/>\n            <a href=\"https:\/\/actu.fr\/auteur\/redaction-republicainmarmande\" title=\"Consulter tous les articles de R\u00e9daction Le R\u00e9publicain Marmande\" target=\"_blank\" rel=\"noopener\">R\u00e9daction Le R\u00e9publicain Marmande<\/a><br \/>\n        <\/strong><\/p>\n<p>        Publi\u00e9 le<\/p>\n<p>            15 ao\u00fbt 2025 \u00e0 19h00        <\/p>\n<p>Le groupe rap cr\u00e9\u00e9 en 2005 par les fr\u00e8res Jollis\u2009: Aur\u00e9lien alias Jarh et Damien alias Royal Rimeur, leurs noms de sc\u00e8ne, f\u00eatent cette ann\u00e9e les 20\u00a0ans du groupe.<\/p>\n<p class=\" wall-content\">Jeunes adolescents, ils ont eu un coup de c\u0153ur pour ce type de musique. E<b>n 2016, il fonde l\u2019association Voca\u2019Son, suite \u00e0 la disparition de leur maman d\u2019un cancer du sein<\/b>. Elle organise des \u00e9v\u00e9nements, concerts, vide-greniers et repas \u00e0 l\u2019occasion du week-end rose, <a href=\"https:\/\/actu.fr\/le-republicain-lot-et-garonne\/\" target=\"_blank\" rel=\"noopener\">\u00e0 La Sauvetat-du-Dropt<\/a>.<\/p>\n<p>La cr\u00e9ation d\u2019un studio d\u2019enregistrement<\/p>\n<p class=\" wall-content\">Les recettes des \u00e9v\u00e9nements et du studio sont vers\u00e9es \u00e0 Octobre Rose pour aider la recherche contre le cancer.<\/p>\n<p class=\" wall-content\">Aur\u00e9lien Jollis a install\u00e9 son studio associatif Home studio ADM, contigu \u00e0 son logement, avec du mat\u00e9riel professionnel, pour s\u2019enregistrer et faire du mixage sonore.<\/p>\n<p class=\" wall-content\"><b>Ce studio permet de favoriser le d\u00e9veloppement d\u2019artistes ou groupes d\u2019artistes pour des prestations de sc\u00e8ne<\/b>. Il mixe les morceaux des artistes ayant enregistr\u00e9 dans son studio, il est \u00e9galement technicien et r\u00e9gisseur sur leur <a href=\"https:\/\/fr.wikipedia.org\/wiki\/Exploration_urbaine\" target=\"_blank\" rel=\"noopener\">\u00e9v\u00e9nement Urbex<\/a> (N.D.L.R.\u2009: lieu abandonn\u00e9 ou d\u00e9saffect\u00e9).<\/p>\n<p>Vid\u00e9os : en ce moment sur Actu<\/p>\n<p class=\" wall-content\"><b>Leur 15e et dernier enregistrement cette ann\u00e9e avec 14 rappeurs<\/b> et la chanteuse, Jas, Xino, Pact\u2019all, AMF, le Z, Apo, Lobo, Tims, Jarh, Royal Rimeur, Karla, Tiotto, LuchKo, Tazy et le jeune Jason, fils d\u2019Aur\u00e9lien, venus du Lot-et-Garonne, de Dordogne et de Gironde.<\/p>\n<p>    <a href=\"https:\/\/www.youtube.com\/embed\/yfBMbQAlZe8\" title=\"Ouvrie le lien\" target=\"_blank\" rel=\"noopener\">Cliquez ici pour visualiser le contenu<\/a><\/p>\n<p class=\" wall-content\">Pour le Freestyle 2025, la vid\u00e9o a \u00e9t\u00e9 tourn\u00e9e et improvis\u00e9e sur les sites de Miramont, La Sauvetat, Agnac et Eymet. Le tout a \u00e9t\u00e9 mix\u00e9 dans le studio d\u2019Aur\u00e9lien et produit par Ach-Prodd. <a href=\"https:\/\/www.youtube.com\/watch?v=yfBMbQAlZe8\" target=\"_blank\" rel=\"noopener\">Ce freestyle est visible sur YouTube\u2009: \u00ab\u2009Les As du Mic.\u2009\u00bb<\/a><\/p>\n<p class=\" wall-content\">Avec Monique Mor\u00e9nas<\/p>\n<p>Home studio ADM. T\u00e9l\u2009: 06.31.04.92.57. E-mail\u2009: <a href=\"https:\/\/actu.fr\/cdn-cgi\/l\/email-protection\" class=\"__cf_email__\" data-cfemail=\"4c262d3e2461787b0c242338212d2520622a3e\" target=\"_blank\" rel=\"noopener\">[email\u00a0protected]<\/a><\/p>\n<p class=\" wall-content\">Suivez toute l\u2019actualit\u00e9 de vos villes et m\u00e9dias favoris en vous inscrivant \u00e0 <a href=\"https:\/\/moncompte.actu.fr\" title=\"D\u00e9couvez Mon Actu\" rel=\"nofollow noopener\" data-trk=\"{&quot;cta&quot;:{&quot;action&quot;:&quot;https:\\\/\\\/moncompte.actu.fr&quot;,&quot;category&quot;:&quot;mon compte&quot;,&quot;from&quot;:&quot;article footer&quot;,&quot;name&quot;:&quot;Mon actu&quot;,&quot;type&quot;:&quot;cta&quot;}}\" target=\"_blank\">Mon Actu<\/a>.<\/p>\n","protected":false},"excerpt":{"rendered":"Par R\u00e9daction Le R\u00e9publicain Marmande Publi\u00e9 le 15 ao\u00fbt 2025 \u00e0 19h00 Le groupe rap cr\u00e9\u00e9 en 2005&hellip;\n","protected":false},"author":2,"featured_media":323013,"comment_status":"","ping_status":"","sticky":false,"template":"","format":"standard","meta":{"footnotes":""},"categories":[1355],"tags":[101,58,59,1011,27,1652,1361,873,3616],"class_list":{"0":"post-323012","1":"post","2":"type-post","3":"status-publish","4":"format-standard","5":"has-post-thumbnail","7":"category-musique","8":"tag-cancer","9":"tag-divertissement","10":"tag-entertainment","11":"tag-fr","12":"tag-france","13":"tag-loisirs-culture","14":"tag-music","15":"tag-musique","16":"tag-rap"},"share_on_mastodon":{"url":"https:\/\/pubeurope.com\/@fr\/115038789563027261","error":""},"_links":{"self":[{"href":"https:\/\/www.europesays.com\/fr\/wp-json\/wp\/v2\/posts\/323012","targetHints":{"allow":["GET"]}}],"collection":[{"href":"https:\/\/www.europesays.com\/fr\/wp-json\/wp\/v2\/posts"}],"about":[{"href":"https:\/\/www.europesays.com\/fr\/wp-json\/wp\/v2\/types\/post"}],"author":[{"embeddable":true,"href":"https:\/\/www.europesays.com\/fr\/wp-json\/wp\/v2\/users\/2"}],"replies":[{"embeddable":true,"href":"https:\/\/www.europesays.com\/fr\/wp-json\/wp\/v2\/comments?post=323012"}],"version-history":[{"count":0,"href":"https:\/\/www.europesays.com\/fr\/wp-json\/wp\/v2\/posts\/323012\/revisions"}],"wp:featuredmedia":[{"embeddable":true,"href":"https:\/\/www.europesays.com\/fr\/wp-json\/wp\/v2\/media\/323013"}],"wp:attachment":[{"href":"https:\/\/www.europesays.com\/fr\/wp-json\/wp\/v2\/media?parent=323012"}],"wp:term":[{"taxonomy":"category","embeddable":true,"href":"https:\/\/www.europesays.com\/fr\/wp-json\/wp\/v2\/categories?post=323012"},{"taxonomy":"post_tag","embeddable":true,"href":"https:\/\/www.europesays.com\/fr\/wp-json\/wp\/v2\/tags?post=323012"}],"curies":[{"name":"wp","href":"https:\/\/api.w.org\/{rel}","templated":true}]}}