{"id":323024,"date":"2025-08-16T14:01:16","date_gmt":"2025-08-16T14:01:16","guid":{"rendered":"https:\/\/www.europesays.com\/fr\/323024\/"},"modified":"2025-08-16T14:01:16","modified_gmt":"2025-08-16T14:01:16","slug":"pascal-praud-cette-diatribe-sur-nicolas-sarkozy-qui-lui-vaut-une-mise-au-point-severe","status":"publish","type":"post","link":"https:\/\/www.europesays.com\/fr\/323024\/","title":{"rendered":"Pascal Praud : cette diatribe sur Nicolas Sarkozy qui lui vaut une mise au point s\u00e9v\u00e8re"},"content":{"rendered":"<p>Des propos qui lui ont valu une <strong>mise au point s\u00e9v\u00e8re par<br \/>\nl&rsquo;Arcom.\u00a0<\/strong> Le 6 janvier 2025, <a href=\"https:\/\/www.closermag.fr\/people\/il-va-deraper-le-joker-de-pascal-praud-se-vautre-sur-la-loi-duplomb-3570666\" target=\"_blank\" rel=\"noopener\"><br \/>\nPascal Praud<\/a> avait prononc\u00e9 une diatribe sur <a href=\"https:\/\/www.closermag.fr\/people\/carla-bruni-et-nicolas-sarkozy-en-vacances-en-italie-decouvrez-lhotel-de-luxe-ou-ils-ont-sejourne-en-altitude-3569796\" target=\"_blank\" rel=\"noopener\"><br \/>\nNicolas Sarkozy<\/a> dans son habituel \u00e9ditorial. Le sujet ? Le<br \/>\n\u00ab\u00a0financement libyen\u00a0\u00bb pr\u00e9sum\u00e9 de la campagne 2007 pour lequel l&rsquo;ex<br \/>\npr\u00e9sident de la R\u00e9publique \u00e9tait jug\u00e9 au tribunal de Paris.<\/p>\n<p>Dans l&rsquo;heure des pros, sur CNews, le pr\u00e9sentateur n&rsquo;avait pas<br \/>\ncherch\u00e9 \u00e0 cacher sa position. Il avait prononc\u00e9 des mots plus que<br \/>\nsubjectifs sur le jugement \u00e0 venir de l&rsquo;\u00e9poux de <a href=\"https:\/\/www.closermag.fr\/people\/carla-bruni-en-vacances-en-italie-elle-filme-nicolas-sarkozy-et-manque-de-devoiler-un-secret-detat-3570554\" target=\"_blank\" rel=\"noopener\"><br \/>\nCarla Bruni<\/a>. \u00ab\u00a0Que penser d\u2019un proc\u00e8s o\u00f9 les preuves<br \/>\nmanquent\u00a0? Que penser d\u2019une accusation qui, jusqu\u2019\u00e0 ce jour,<br \/>\n<strong>n\u2019a pas apport\u00e9 des \u00e9l\u00e9ments tangibles<\/strong> pour une<br \/>\ncondamnation et s\u2019appuie sur les d\u00e9clarations changeantes d\u2019un<br \/>\nhomme qui refuse de compara\u00eetre devant la justice fran\u00e7aise,<br \/>\nmonsieur Takieddine ?\u00a0C\u2019est <strong>tout l\u2019enjeu d\u2019un<br \/>\nproc\u00e8s qui montre l\u2019ent\u00eatement<\/strong>, pour ne pas dire<br \/>\nl\u2019acharnement de la justice fran\u00e7aise \u00e0 d\u00e9signer\u00a0<a href=\"http:\/\/www.lefigaro.fr\/actualite-france\/nicolas-sarkozy-est-innocent-quand-son-avocat-reecrit-l-affaire-du-financement-libyen-20250408\" target=\"_blank\" rel=\"noopener\" data-fig-type=\"Article\" data-gtm-custom-categorie=\"navigation\" data-gtm-custom-action=\"crossclick\" data-gtm-custom-label=\"Contextuel\" data-gtm-event=\"customEventSPE\" data-fig-domain=\"LEFIGARO\" data-mrf-link=\"http:\/\/www.lefigaro.fr\/actualite-france\/nicolas-sarkozy-est-innocent-quand-son-avocat-reecrit-l-affaire-du-financement-libyen-20250408\">Nicolas<br \/>\nSarkozy<\/a> comme un coupable dans de nombreuses<br \/>\naffaires\u00a0\u00bb.<\/p>\n<p>\u00ab\u00a0Les propos tenus en plateau, d\u00e9nu\u00e9s de<br \/>\nnuance&#8230;\u00a0\u00bb<\/p>\n<p>Cet \u00e9dito de <a href=\"https:\/\/www.closermag.fr\/people\/pascal-praud-lache-par-deux-proches-coup-dur-pour-le-journaliste-de-cnews-3568953\" target=\"_blank\" rel=\"noopener\"><br \/>\nl&rsquo;ex journaliste sportif<\/a> n&rsquo;est pas pass\u00e9 du tout. Le gendarme<br \/>\nde l&rsquo;audiovisuel a jug\u00e9 que \u00ab\u00a0les propos tenus en plateau,<br \/>\nd\u00e9nu\u00e9s de nuance <strong>\u00e0 l\u2019\u00e9gard du proc\u00e8s alors en<br \/>\ncours<\/strong>, ne satisfaisaient pas aux exigences de mesure, de<br \/>\nrigueur et d\u2019honn\u00eatet\u00e9 dans le traitement des proc\u00e9dures<br \/>\njudiciaires, <strong>en m\u00e9connaissance des dispositions de<br \/>\nl\u2019article 3<\/strong> de la d\u00e9lib\u00e9ration du 18 avril<br \/>\n2018&Prime;.\u00a0<\/p>\n<p>L&rsquo;Arcom a \u00e9galement consid\u00e9r\u00e9 que \u00ab\u00a0aucune des personnes<br \/>\npr\u00e9sentes en plateau n\u2019avait mod\u00e9r\u00e9 ou mis en perspective ces<br \/>\nd\u00e9clarations, traduisant ainsi <strong>un d\u00e9faut de ma\u00eetrise de<br \/>\nl\u2019antenne<\/strong> constitutif d\u2019un manquement aux stipulations de<br \/>\nl\u2019article 2-2-1 de la convention de la cha\u00eene\u00a0\u00bb.\u00a0<\/p>\n<p>Pascal Praud rappel\u00e9 \u00e0 l&rsquo;ordre par<br \/>\nl&rsquo;Arcom<\/p>\n<p>Pour l&rsquo;instant, pas de sanction. Juste un rappel \u00e0 l&rsquo;ordre.<br \/>\nL&rsquo;autorit\u00e9 de r\u00e9gulation a demand\u00e9 \u00e0 la cha\u00eene de montrer une<br \/>\n<strong>\u00ab\u00a0<\/strong><strong>vigilance accrue quant au respect de<br \/>\nces obligations\u00a0\u00bb<\/strong> \u00e0 l&rsquo;avenir.<\/p>\n<p>Comme le rappelle <a href=\"https:\/\/tvmag.lefigaro.fr\/programme-tv\/actu-tele\/pascal-praud-epingle-par-l-arcom-pour-des-propos-denues-de-nuance-dans-l-heure-des-pros-sur-cnews-20250814\" target=\"_blank\" rel=\"noopener\"><br \/>\nTV Mag,<\/a> deux autres affaires avaient d\u00e9j\u00e0 alert\u00e9 l&rsquo;Arcom. Pour<br \/>\nla couverture du proc\u00e8s du Rassemblement national pendant la<br \/>\njourn\u00e9e du 31 mars 2025, l&rsquo;entit\u00e9 avait notamment observ\u00e9 \u00ab\u00a0de<br \/>\nnombreuses d\u00e9clarations tendaient \u00e0 <strong>mettre en exergue sans<br \/>\nmesure<\/strong>, ni mod\u00e9ration le caract\u00e8re suppos\u00e9ment indu, voire<br \/>\nill\u00e9gal, de la peine d\u2019in\u00e9ligibilit\u00e9 prononc\u00e9e \u00e0 l\u2019encontre de la<br \/>\npr\u00e9sidente du groupe RN \u00e0 l\u2019Assembl\u00e9e nationale, cette derni\u00e8re<br \/>\n\u00e9tant <strong>pr\u00e9sent\u00e9e comme la victime d\u2019un complot<br \/>\njudiciaire\u00a0\u00bb.\u00a0<\/strong><\/p>\n","protected":false},"excerpt":{"rendered":"Des propos qui lui ont valu une mise au point s\u00e9v\u00e8re par l&rsquo;Arcom.\u00a0 Le 6 janvier 2025, Pascal&hellip;\n","protected":false},"author":2,"featured_media":323025,"comment_status":"","ping_status":"","sticky":false,"template":"","format":"standard","meta":{"footnotes":""},"categories":[6],"tags":[548,35,33,34,1011,27,10160],"class_list":{"0":"post-323024","1":"post","2":"type-post","3":"status-publish","4":"format-standard","5":"has-post-thumbnail","7":"category-economie","8":"tag-article-simple","9":"tag-business","10":"tag-economie","11":"tag-economy","12":"tag-fr","13":"tag-france","14":"tag-pascal-praud"},"share_on_mastodon":{"url":"https:\/\/pubeurope.com\/@fr\/115038813079462964","error":""},"_links":{"self":[{"href":"https:\/\/www.europesays.com\/fr\/wp-json\/wp\/v2\/posts\/323024","targetHints":{"allow":["GET"]}}],"collection":[{"href":"https:\/\/www.europesays.com\/fr\/wp-json\/wp\/v2\/posts"}],"about":[{"href":"https:\/\/www.europesays.com\/fr\/wp-json\/wp\/v2\/types\/post"}],"author":[{"embeddable":true,"href":"https:\/\/www.europesays.com\/fr\/wp-json\/wp\/v2\/users\/2"}],"replies":[{"embeddable":true,"href":"https:\/\/www.europesays.com\/fr\/wp-json\/wp\/v2\/comments?post=323024"}],"version-history":[{"count":0,"href":"https:\/\/www.europesays.com\/fr\/wp-json\/wp\/v2\/posts\/323024\/revisions"}],"wp:featuredmedia":[{"embeddable":true,"href":"https:\/\/www.europesays.com\/fr\/wp-json\/wp\/v2\/media\/323025"}],"wp:attachment":[{"href":"https:\/\/www.europesays.com\/fr\/wp-json\/wp\/v2\/media?parent=323024"}],"wp:term":[{"taxonomy":"category","embeddable":true,"href":"https:\/\/www.europesays.com\/fr\/wp-json\/wp\/v2\/categories?post=323024"},{"taxonomy":"post_tag","embeddable":true,"href":"https:\/\/www.europesays.com\/fr\/wp-json\/wp\/v2\/tags?post=323024"}],"curies":[{"name":"wp","href":"https:\/\/api.w.org\/{rel}","templated":true}]}}