{"id":323028,"date":"2025-08-16T14:04:22","date_gmt":"2025-08-16T14:04:22","guid":{"rendered":"https:\/\/www.europesays.com\/fr\/323028\/"},"modified":"2025-08-16T14:04:22","modified_gmt":"2025-08-16T14:04:22","slug":"une-deuxieme-enquete-pour-homicide-a-ete-ouverte","status":"publish","type":"post","link":"https:\/\/www.europesays.com\/fr\/323028\/","title":{"rendered":"une deuxi\u00e8me enqu\u00eate pour homicide a \u00e9t\u00e9 ouverte"},"content":{"rendered":"<p>        <img decoding=\"async\" loading=\"lazy\" src=\"https:\/\/www.europesays.com\/fr\/wp-content\/uploads\/2025\/08\/0d0639d_upload-1-ys5v2g1fbbtp-afp-20250814-69hv6f3-v1-highres-franceinvestigationcrime.jpg\"  width=\"728\" height=\"409\" alt=\"Photographie prise au lendemain de la d\u00e9couverte de quatre corps, mercredi 13\u00a0ao\u00fbt \u00e0 Choisy-le-Roi, dans le Val-de-Marne pr\u00e8s de Paris. \"\/>  <\/p>\n<p>BERTRAND GUAY \/ AFP<\/p>\n<p>Photographie prise au lendemain de la d\u00e9couverte de quatre corps, mercredi 13\u00a0ao\u00fbt \u00e0 Choisy-le-Roi, dans le Val-de-Marne pr\u00e8s de Paris. <\/p>\n<p class=\"asset asset-text\">FAIT DIVERS &#8211; Une deuxi\u00e8me enqu\u00eate pour homicide a \u00e9t\u00e9 ouverte concernant un des <a href=\"https:\/\/www.huffingtonpost.fr\/faits-divers\/article\/val-de-marne-a-choisy-le-roi-quatre-corps-decouverts-dans-la-seine_253588.html\" target=\"_blank\" rel=\"noopener\">quatre cadavres retrouv\u00e9s dans la Seine<\/a> \u00e0 Choisy-le-Roi (Val-de-Marne) apr\u00e8s des examens plus pouss\u00e9s qui ont r\u00e9v\u00e9l\u00e9 des traces de violences sur un autre corps.<\/p>\n<p class=\"asset asset-text\">Des scanners pratiqu\u00e9s <a href=\"https:\/\/www.huffingtonpost.fr\/faits-divers\/article\/choisy-le-roi-ce-que-l-on-sait-de-la-decouverte-de-quatre-corps-dans-la-seine_253610.html\" target=\"_blank\" rel=\"noopener\">sur les quatre cadavres<\/a> ont permis \u00ab\u00a0d\u2019apprendre qu\u2019un deuxi\u00e8me corps pr\u00e9sentait des l\u00e9sions de violences\u00a0\u00bb, indique le minist\u00e8re public dans un communiqu\u00e9 publi\u00e9 ce samedi 16\u00a0ao\u00fbt.<\/p>\n<p class=\"asset asset-text\">Mercredi, un corps flottant dans la Seine avait \u00e9t\u00e9 rep\u00e9r\u00e9 par un passant pr\u00e8s du pont de Choisy, qui relie cette ville de banlieue \u00e0 Cr\u00e9teil. En inspectant la zone, les sapeurs-pompiers et les forces de l\u2019ordre avaient d\u00e9couvert trois autres corps immerg\u00e9s.<\/p>\n<p class=\"asset asset-text\">\u00ab\u00a0La d\u00e9couverte de quatre corps immerg\u00e9s dans la Seine dans un p\u00e9rim\u00e8tre restreint pourrait s\u2019expliquer par la configuration du fleuve \u00e0 cet endroit\u00a0\u00bb, pr\u00e9cise le parquet dans son communiqu\u00e9. Le fleuve coule plus lentement \u00e0 ce niveau, ce qui accro\u00eet les risques de noyade mais pourrait \u00e9galement expliquer que des corps noy\u00e9s en amont soient charri\u00e9s par le courant jusqu\u2019\u00e0 cette zone, estime une source proche du dossier qui n\u2019exclut aucune hypoth\u00e8se.<\/p>\n<p>                     Une des quatre victimes identifi\u00e9e    <\/p>\n<p class=\"asset asset-text\">Un premier corps, rest\u00e9 immerg\u00e9 moins longtemps, est d\u00e9sormais identifi\u00e9. Il s\u2019agit d\u2019\u00ab\u00a0un homme, \u00e2g\u00e9 d\u2019une quarantaine d\u2019ann\u00e9es et domicili\u00e9 dans le Val-de-Marne\u00a0\u00bb. D\u00e8s jeudi, \u00ab\u00a0des l\u00e9sions de violences ont conduit \u00e0 retenir l\u2019hypoth\u00e8se d\u2019un d\u00e9c\u00e8s d\u2019origine criminelle\u00a0\u00bb et une enqu\u00eate pour homicide volontaire avait \u00e9t\u00e9 confi\u00e9e \u00e0 la brigade criminelle de la police judiciaire parisienne.<\/p>\n<p class=\"asset asset-text\">Quant aux trois autres cadavres, y compris celui pour lequel la deuxi\u00e8me enqu\u00eate a \u00e9t\u00e9 ouverte, \u00ab\u00a0eu \u00e9gard \u00e0 l\u2019\u00e9tat tr\u00e8s d\u00e9grad\u00e9 des corps retrouv\u00e9s, du fait de leur immersion dans l\u2019eau, il \u00e9tait seulement possible de d\u00e9terminer que les d\u00e9funts \u00e9taient trois hommes, adultes, sans plus de pr\u00e9cision\u00a0\u00bb. \u00ab\u00a0De nombreux examens techniques (notamment m\u00e9dico-l\u00e9gaux) et investigations sont en cours afin notamment d\u2019\u00e9tablir l\u2019identit\u00e9 des trois d\u00e9funts non identifi\u00e9s, mais aussi les circonstances et la date de d\u00e9c\u00e8s de l\u2019ensemble des corps retrouv\u00e9s\u00a0\u00bb, ajoute le minist\u00e8re public.<\/p>\n","protected":false},"excerpt":{"rendered":"BERTRAND GUAY \/ AFP Photographie prise au lendemain de la d\u00e9couverte de quatre corps, mercredi 13\u00a0ao\u00fbt \u00e0 Choisy-le-Roi,&hellip;\n","protected":false},"author":2,"featured_media":323029,"comment_status":"","ping_status":"","sticky":false,"template":"","format":"standard","meta":{"footnotes":""},"categories":[2],"tags":[11,118,1011,27,12,1072,13527],"class_list":{"0":"post-323028","1":"post","2":"type-post","3":"status-publish","4":"format-standard","5":"has-post-thumbnail","7":"category-actualites","8":"tag-actualites","9":"tag-faits-divers","10":"tag-fr","11":"tag-france","12":"tag-news","13":"tag-police","14":"tag-seine"},"share_on_mastodon":{"url":"https:\/\/pubeurope.com\/@fr\/115038824921279250","error":""},"_links":{"self":[{"href":"https:\/\/www.europesays.com\/fr\/wp-json\/wp\/v2\/posts\/323028","targetHints":{"allow":["GET"]}}],"collection":[{"href":"https:\/\/www.europesays.com\/fr\/wp-json\/wp\/v2\/posts"}],"about":[{"href":"https:\/\/www.europesays.com\/fr\/wp-json\/wp\/v2\/types\/post"}],"author":[{"embeddable":true,"href":"https:\/\/www.europesays.com\/fr\/wp-json\/wp\/v2\/users\/2"}],"replies":[{"embeddable":true,"href":"https:\/\/www.europesays.com\/fr\/wp-json\/wp\/v2\/comments?post=323028"}],"version-history":[{"count":0,"href":"https:\/\/www.europesays.com\/fr\/wp-json\/wp\/v2\/posts\/323028\/revisions"}],"wp:featuredmedia":[{"embeddable":true,"href":"https:\/\/www.europesays.com\/fr\/wp-json\/wp\/v2\/media\/323029"}],"wp:attachment":[{"href":"https:\/\/www.europesays.com\/fr\/wp-json\/wp\/v2\/media?parent=323028"}],"wp:term":[{"taxonomy":"category","embeddable":true,"href":"https:\/\/www.europesays.com\/fr\/wp-json\/wp\/v2\/categories?post=323028"},{"taxonomy":"post_tag","embeddable":true,"href":"https:\/\/www.europesays.com\/fr\/wp-json\/wp\/v2\/tags?post=323028"}],"curies":[{"name":"wp","href":"https:\/\/api.w.org\/{rel}","templated":true}]}}