{"id":323051,"date":"2025-08-16T14:30:17","date_gmt":"2025-08-16T14:30:17","guid":{"rendered":"https:\/\/www.europesays.com\/fr\/323051\/"},"modified":"2025-08-16T14:30:17","modified_gmt":"2025-08-16T14:30:17","slug":"le-ballon-dor-mercato-objectifs-les-mots-forts-de-luis-enrique-avant-nantes-psg","status":"publish","type":"post","link":"https:\/\/www.europesays.com\/fr\/323051\/","title":{"rendered":"Le Ballon d\u2019Or, mercato, objectifs\u2026 Les mots forts de Luis Enrique avant Nantes-PSG"},"content":{"rendered":"<p data-testid=\"article-teaser\" class=\"article_teaser__rjxUK\">Luis Enrique a livr\u00e9 un discours clair avant le d\u00e9placement du PSG \u00e0 Nantes : ambition, mercato, blessures et m\u00eame Ballon d\u2019Or.<\/p>\n<p><a href=\"https:\/\/www.goal.com\/fr\/news\/paris-s-impose-aux-tirs-au-but-premiere-couronne-de-la-saison-arrachee-in-extremis\/blt6b5ae35a800a125d\" target=\"_self\" rel=\"noopener\">Trois jours apr\u00e8s son sacre en Supercoupe d\u2019Europe contre Tottenham, le Paris Saint-Germain<\/a> replonge dans la r\u00e9alit\u00e9 de la Ligue 1. Dimanche soir (20h45), les joueurs de Luis Enrique se rendent sur la pelouse de Nantes pour lancer leur saison 2025-2026. Fid\u00e8le \u00e0 l\u2019exercice m\u00e9diatique d\u2019avant-match, l\u2019entra\u00eeneur espagnol s\u2019est exprim\u00e9 ce samedi. Il a abord\u00e9 la concurrence attendue en championnat, les risques physiques li\u00e9s \u00e0 un calendrier charg\u00e9, l\u2019int\u00e9gration des nouvelles recrues et m\u00eame la question du Ballon d\u2019Or. Ses mots en disent long sur l\u2019\u00e9tat d\u2019esprit du PSG \u00e0 l\u2019or\u00e9e d\u2019une campagne qui s\u2019annonce dense et pleine de d\u00e9fis.<\/p>\n","protected":false},"excerpt":{"rendered":"Luis Enrique a livr\u00e9 un discours clair avant le d\u00e9placement du PSG \u00e0 Nantes : ambition, mercato, blessures&hellip;\n","protected":false},"author":2,"featured_media":323052,"comment_status":"","ping_status":"","sticky":false,"template":"","format":"standard","meta":{"footnotes":""},"categories":[2818],"tags":[16288,1111,11,1777,674,1011,27,28400,66,921,766,46054,12,46055,2782,91,2636,25],"class_list":{"0":"post-323051","1":"post","2":"type-post","3":"status-publish","4":"format-standard","5":"has-post-thumbnail","7":"category-nantes","8":"tag-a-hakimi","9":"tag-actu","10":"tag-actualites","11":"tag-eu","12":"tag-europe","13":"tag-fr","14":"tag-france","15":"tag-i-zabarnyi","16":"tag-ligue-1","17":"tag-luis-enrique","18":"tag-nantes","19":"tag-nantes-vs-paris-saint-germain","20":"tag-news","21":"tag-o-dembele","22":"tag-ousmane-dembele","23":"tag-paris-saint-germain","24":"tag-pays-de-la-loire","25":"tag-republique-francaise"},"share_on_mastodon":{"url":"https:\/\/pubeurope.com\/@fr\/115038927109385517","error":""},"_links":{"self":[{"href":"https:\/\/www.europesays.com\/fr\/wp-json\/wp\/v2\/posts\/323051","targetHints":{"allow":["GET"]}}],"collection":[{"href":"https:\/\/www.europesays.com\/fr\/wp-json\/wp\/v2\/posts"}],"about":[{"href":"https:\/\/www.europesays.com\/fr\/wp-json\/wp\/v2\/types\/post"}],"author":[{"embeddable":true,"href":"https:\/\/www.europesays.com\/fr\/wp-json\/wp\/v2\/users\/2"}],"replies":[{"embeddable":true,"href":"https:\/\/www.europesays.com\/fr\/wp-json\/wp\/v2\/comments?post=323051"}],"version-history":[{"count":0,"href":"https:\/\/www.europesays.com\/fr\/wp-json\/wp\/v2\/posts\/323051\/revisions"}],"wp:featuredmedia":[{"embeddable":true,"href":"https:\/\/www.europesays.com\/fr\/wp-json\/wp\/v2\/media\/323052"}],"wp:attachment":[{"href":"https:\/\/www.europesays.com\/fr\/wp-json\/wp\/v2\/media?parent=323051"}],"wp:term":[{"taxonomy":"category","embeddable":true,"href":"https:\/\/www.europesays.com\/fr\/wp-json\/wp\/v2\/categories?post=323051"},{"taxonomy":"post_tag","embeddable":true,"href":"https:\/\/www.europesays.com\/fr\/wp-json\/wp\/v2\/tags?post=323051"}],"curies":[{"name":"wp","href":"https:\/\/api.w.org\/{rel}","templated":true}]}}