{"id":323053,"date":"2025-08-16T14:32:17","date_gmt":"2025-08-16T14:32:17","guid":{"rendered":"https:\/\/www.europesays.com\/fr\/323053\/"},"modified":"2025-08-16T14:32:17","modified_gmt":"2025-08-16T14:32:17","slug":"un-suspect-arrete-par-la-bac-police-realites","status":"publish","type":"post","link":"https:\/\/www.europesays.com\/fr\/323053\/","title":{"rendered":"un suspect arr\u00eat\u00e9 par la BAC \u2013 Police &#038; R\u00e9alit\u00e9s"},"content":{"rendered":"<p>\u00c0 Bordeaux, la police a interpell\u00e9 un homme de 29 ans en doudoune et gants sous 36 \u00b0C. Il portait un fusil \u00e0 canon sci\u00e9 et des munitions. Les enqu\u00eateurs soup\u00e7onnent une tentative de braquage.<\/p>\n<p><img loading=\"lazy\" data-recalc-dims=\"1\" decoding=\"async\" width=\"640\" height=\"405\" data-attachment-id=\"178001\" data-permalink=\"https:\/\/policeetrealites.com\/police-bac-policier-investigation\/\" data-orig-file=\"https:\/\/i0.wp.com\/policeetrealites.com\/wp-content\/uploads\/2021\/07\/police-bac-policier-investigation.jpg?fit=870%2C551&amp;ssl=1\" data-orig-size=\"870,551\" data-comments-opened=\"0\" data-image-meta=\"{&quot;aperture&quot;:&quot;0&quot;,&quot;credit&quot;:&quot;&quot;,&quot;camera&quot;:&quot;&quot;,&quot;caption&quot;:&quot;&quot;,&quot;created_timestamp&quot;:&quot;0&quot;,&quot;copyright&quot;:&quot;&quot;,&quot;focal_length&quot;:&quot;0&quot;,&quot;iso&quot;:&quot;0&quot;,&quot;shutter_speed&quot;:&quot;0&quot;,&quot;title&quot;:&quot;&quot;,&quot;orientation&quot;:&quot;0&quot;}\" data-image-title=\"POLICE BAC POLICIER INVESTIGATION\" data-image-description=\"\" data-image-caption=\"\" data-medium-file=\"https:\/\/i0.wp.com\/policeetrealites.com\/wp-content\/uploads\/2021\/07\/police-bac-policier-investigation.jpg?fit=300%2C190&amp;ssl=1\" data-large-file=\"https:\/\/i0.wp.com\/policeetrealites.com\/wp-content\/uploads\/2021\/07\/police-bac-policier-investigation.jpg?fit=640%2C405&amp;ssl=1\" src=\"https:\/\/www.europesays.com\/fr\/wp-content\/uploads\/2025\/08\/police-bac-policier-investigation.jpg\" alt=\"\" class=\"wp-image-178001\"\/><\/p>\n<p>Un comportement suspect en pleine chaleur<\/p>\n<p class=\"p3\">Selon les informations de <a href=\"https:\/\/www.sudouest.fr\/gironde\/bordeaux\/en-doudoune-et-en-gants-par-36-0c-la-police-pense-avoir-arrete-un-braqueur-a-bordeaux-25557956.php\" target=\"_blank\" rel=\"noreferrer noopener nofollow\">Sud-ouest<\/a>, jeudi 14 ao\u00fbt, en plein c\u0153ur de Bordeaux (Gironde), la Brigade anticriminalit\u00e9 (BAC) a mis la main sur un individu au comportement pour le moins \u00e9trange. Alors que la temp\u00e9rature avoisinait les 36 \u00b0C, l\u2019homme arpentait la rue Monthyon v\u00eatu d\u2019une doudoune, de gants et d\u2019une capuche.<\/p>\n<p class=\"p3\">Cette tenue inhabituelle par temps de canicule a imm\u00e9diatement \u00e9veill\u00e9 les soup\u00e7ons des policiers, en patrouille ce jour-l\u00e0. \u00c0 la vue des agents, le suspect aurait tent\u00e9 de se d\u00e9barrasser discr\u00e8tement de plusieurs objets.<\/p>\n<p>Un fusil et des munitions d\u00e9couverts<\/p>\n<p class=\"p3\">Le contr\u00f4le a rapidement confirm\u00e9 les craintes des forces de l\u2019ordre. Sous la doudoune du suspect, \u00e2g\u00e9 de 29 ans, se trouvait un fusil \u00e0 canon sci\u00e9. Les objets jet\u00e9s au sol \u00e9taient des cartouches de calibre 12, selon les premiers \u00e9l\u00e9ments de l\u2019enqu\u00eate.<\/p>\n<p class=\"p3\">L\u2019homme a aussit\u00f4t \u00e9t\u00e9 interpell\u00e9 et plac\u00e9 en garde \u00e0 vue.<\/p>\n<p>Un pass\u00e9 judiciaire qui alimente les soup\u00e7ons<\/p>\n<p class=\"p3\">Les enqu\u00eateurs privil\u00e9gient l\u2019hypoth\u00e8se d\u2019un vol \u00e0 main arm\u00e9e en pr\u00e9paration, possiblement contre un commerce du secteur. Le profil du suspect, d\u00e9j\u00e0 condamn\u00e9 par le pass\u00e9, renforce cette piste.<\/p>\n<p class=\"p3\">L\u2019enqu\u00eate devra d\u00e9sormais d\u00e9terminer ses v\u00e9ritables intentions et les circonstances de sa pr\u00e9sence arm\u00e9e dans le centre-ville.<\/p>\n<p>J\u2019aime \u00e7a\u00a0:<\/p>\n<p>J\u2019aime chargement\u2026<\/p>\n<p><a class=\"sd-link-color\"\/><\/p>\n<p>\tEn savoir plus sur Police &amp; R\u00e9alit\u00e9s<\/p>\n<p class=\"has-text-align-center\" style=\"margin-top:10px;margin-bottom:10px;font-size:15px\">Subscribe to get the latest posts sent to your email.<\/p>\n<p>\t\tContinue Reading<\/p>\n","protected":false},"excerpt":{"rendered":"\u00c0 Bordeaux, la police a interpell\u00e9 un homme de 29 ans en doudoune et gants sous 36 \u00b0C.&hellip;\n","protected":false},"author":2,"featured_media":163496,"comment_status":"","ping_status":"","sticky":false,"template":"","format":"standard","meta":{"footnotes":""},"categories":[2817],"tags":[1111,11,1997,1777,674,1011,27,12,2219,25],"class_list":{"0":"post-323053","1":"post","2":"type-post","3":"status-publish","4":"format-standard","5":"has-post-thumbnail","7":"category-bordeaux","8":"tag-actu","9":"tag-actualites","10":"tag-bordeaux","11":"tag-eu","12":"tag-europe","13":"tag-fr","14":"tag-france","15":"tag-news","16":"tag-nouvelle-aquitaine","17":"tag-republique-francaise"},"share_on_mastodon":{"url":"https:\/\/pubeurope.com\/@fr\/115038935226257302","error":""},"_links":{"self":[{"href":"https:\/\/www.europesays.com\/fr\/wp-json\/wp\/v2\/posts\/323053","targetHints":{"allow":["GET"]}}],"collection":[{"href":"https:\/\/www.europesays.com\/fr\/wp-json\/wp\/v2\/posts"}],"about":[{"href":"https:\/\/www.europesays.com\/fr\/wp-json\/wp\/v2\/types\/post"}],"author":[{"embeddable":true,"href":"https:\/\/www.europesays.com\/fr\/wp-json\/wp\/v2\/users\/2"}],"replies":[{"embeddable":true,"href":"https:\/\/www.europesays.com\/fr\/wp-json\/wp\/v2\/comments?post=323053"}],"version-history":[{"count":0,"href":"https:\/\/www.europesays.com\/fr\/wp-json\/wp\/v2\/posts\/323053\/revisions"}],"wp:featuredmedia":[{"embeddable":true,"href":"https:\/\/www.europesays.com\/fr\/wp-json\/wp\/v2\/media\/163496"}],"wp:attachment":[{"href":"https:\/\/www.europesays.com\/fr\/wp-json\/wp\/v2\/media?parent=323053"}],"wp:term":[{"taxonomy":"category","embeddable":true,"href":"https:\/\/www.europesays.com\/fr\/wp-json\/wp\/v2\/categories?post=323053"},{"taxonomy":"post_tag","embeddable":true,"href":"https:\/\/www.europesays.com\/fr\/wp-json\/wp\/v2\/tags?post=323053"}],"curies":[{"name":"wp","href":"https:\/\/api.w.org\/{rel}","templated":true}]}}