{"id":323054,"date":"2025-08-16T14:33:16","date_gmt":"2025-08-16T14:33:16","guid":{"rendered":"https:\/\/www.europesays.com\/fr\/323054\/"},"modified":"2025-08-16T14:33:16","modified_gmt":"2025-08-16T14:33:16","slug":"le-trafic-se-charge-entre-toulouse-et-narbonne","status":"publish","type":"post","link":"https:\/\/www.europesays.com\/fr\/323054\/","title":{"rendered":"le trafic se charge entre Toulouse et Narbonne"},"content":{"rendered":"<p>            Par<br \/>\n        <strong><br \/>\n            <a href=\"https:\/\/actu.fr\/auteur\/marie-lamarque\" title=\"Consulter tous les articles de Marie Lamarque\" target=\"_blank\" rel=\"noopener\">Marie Lamarque<\/a><br \/>\n        <\/strong><\/p>\n<p>        Publi\u00e9 le<\/p>\n<p>            16 ao\u00fbt 2025 \u00e0 9h42<br \/>\n        ; mis \u00e0 jour le 16 ao\u00fbt 2025 \u00e0 12h28    <\/p>\n<p>Un nouveau week-end estival charg\u00e9 s\u2019annonce sur les autoroutes autour de <a href=\"https:\/\/actu.fr\/toulouse\/\" target=\"_blank\" rel=\"noopener\">Toulouse<\/a>. Les automobilistes vont profiter de<strong> ce week-end prolong\u00e9 du 15 ao\u00fbt<\/strong> pour rejoindre leur destination de vacances, ou a contrario cl\u00f4turer leur s\u00e9jour.<\/p>\n<p class=\" wall-content\">Bison Fut\u00e9 annonce<strong> une journ\u00e9e orange<\/strong> en Haute-Garonne dans le sens des d\u00e9parts, mais <strong>rouge dans le sens des retours<\/strong> pour ce samedi 16 ao\u00fbt 2025. S\u2019ajoutent au trafic dense, <a href=\"https:\/\/actu.fr\/occitanie\/toulouse_31555\/meteo-nouveau-week-end-sous-la-chaleur-a-toulouse-et-en-occitanie-jusqu-a-42-c-annonces_63041817.html\" target=\"_blank\" rel=\"noopener\">des fortes chaleurs<\/a>. La pr\u00e9fecture appelle \u00e0 la plus grande prudence.<\/p>\n<p class=\" wall-content\">En direct, Actu Toulouse fait le point tout au long de la journ\u00e9e sur vos conditions de circulation.<\/p>\n<p>12h23 \u2013 La situation sur les routes<br \/>\n    <img   decoding=\"async\" loading=\"lazy\" src=\"https:\/\/www.europesays.com\/fr\/wp-content\/uploads\/2025\/08\/trafic-toulouse-autoroutes-960x631.png\" alt=\"L'\u00e9tat du trafic \u00e0 la mi-journ\u00e9e.\" width=\"960\" height=\"631\"\/><br \/>\n    L\u2019\u00e9tat du trafic \u00e0 la mi-journ\u00e9e. (\u00a9Capture d\u2019\u00e9cran \/ Vinci Autoroutes)12h21 \u2013 Trafic fluide sur l\u2019A62<\/p>\n<p class=\" wall-content\">En revanche, sur l\u2019A62, entre Toulouse et Bordeaux, Radio Vinci souligne que le trafic est tr\u00e8s fluide.<\/p>\n<p>Vid\u00e9os : en ce moment sur Actu<\/p>\n<p class=\" wall-content\">\n<p class=\" wall-content\">Pas de difficult\u00e9s \u00e0 relever non plus sur l\u2019A68, comme sur l\u2019A64.<\/p>\n<p>12h16 \u2013 Trafic dense sur l\u2019A61<\/p>\n<p class=\" wall-content\">\u00c0 la mi-journ\u00e9e, le trafic est particuli\u00e8rement dense sur l\u2019A61, entre Toulouse et Narbonne, dans les deux sens de circulation :<\/p>\n<ul class=\" wall-content\">\n<li>ans le sens Narbonne-Toulouse, il faut compter 1h25 de trajet au lieu d\u20191h10 ;<\/li>\n<li>dans l\u2019autre sens, il faut compter presque 2h de trajet au lieu d\u20191h10.<\/li>\n<\/ul>\n<p class=\" wall-content\">\n<p>09h50 \u2013 Le point sur les conditions de circulation en matin\u00e9e<\/p>\n<p class=\" wall-content\">Ce samedi, le trafic s\u2019annonce particuli\u00e8rement charg\u00e9 <strong>sur l\u2019A61<\/strong> qui relie Toulouse \u00e0 Narbonne. \u00c0 9h, Vinci Autoroutes ne notait, pour le moment, pas de ralentissement particulier :<\/p>\n<p class=\" wall-content\">\n<p class=\" wall-content\"><strong>Sur l\u2019A62<\/strong>, qui relie Toulouse \u00e0 Bordeaux, on ne note aucune difficult\u00e9 particuli\u00e8re ce samedi matin :<\/p>\n<p class=\" wall-content\">\n<p class=\" wall-content\">Le trafic est \u00e9galement fluide sur<strong> l\u2019A64<\/strong>, entre Toulouse et Bayonne ; ainsi que <strong>sur l\u2019A68<\/strong>, entre Toulouse et Albi :<\/p>\n<p>    <img   decoding=\"async\" loading=\"lazy\" src=\"https:\/\/www.europesays.com\/fr\/wp-content\/uploads\/2025\/08\/toulouse-trafic-vacances-960x640.png\" alt=\"Les conditions de circulation autour de Toulouse \u00e0 10h ce samedi 16 ao\u00fbt 2025.\" width=\"960\" height=\"640\"\/><br \/>\n    Les conditions de circulation autour de Toulouse \u00e0 10h ce samedi 16 ao\u00fbt 2025. (\u00a9Capture d\u2019\u00e9cran \/ Vinci Autoroutes)09h47 \u2013 Quels sont les horaires \u00e0 \u00e9viter ?<\/p>\n<p class=\" wall-content\">En amont de ce week-end prolong\u00e9, Vinci Autoroutes avait donn\u00e9 <a href=\"https:\/\/actu.fr\/occitanie\/toulouse_31555\/trafic-dense-attendu-sur-les-autoroutes-de-toulouse-pour-le-week-end-du-15-aout-les-horaires-a-eviter_63030813.html\" target=\"_blank\" rel=\"noopener\">les cr\u00e9neaux \u00e0 \u00e9viter<\/a> pour ce samedi :<\/p>\n<ul class=\" wall-content\">\n<li><strong>au d\u00e9part de Toulouse vers Narbonne : entre 8h et 19h ;<\/strong><\/li>\n<li><strong>en direction de Toulouse pour les retours de vacances : entre 9h et 18h.<\/strong><\/li>\n<\/ul>\n<p>09h30 \u2013 Les bons conseils \u00e0 suivre<\/p>\n<p class=\" wall-content\">En Haute-Garonne, le trafic s\u2019annonce difficile dans le sens des d\u00e9parts, et tr\u00e8s difficile dans le sens des retours ce samedi 16 ao\u00fbt. Les automobilistes seront nombreux \u00e0 prendre le volant en ce week-end prolong\u00e9.<\/p>\n<p class=\" wall-content\">Par ailleurs, le d\u00e9partement reste en vigilance orange \u00e0 la canicule. M\u00e9t\u00e9o-France annonce <strong>jusqu\u2019\u00e0 40\u00b0C \u00e0 Toulouse<\/strong>. Face \u00e0 ces fortes chaleurs, la pr\u00e9fecture rappelle les bons gestes \u00e0 adopter :<\/p>\n<ul class=\" wall-content\">\n<li>faire des pauses r\u00e9guli\u00e8res ;<\/li>\n<li>ne pas jeter ses m\u00e9gots au sol ou par la fen\u00eatre afin d\u2019\u00e9viter tout risque d\u2019incendie ;<\/li>\n<li>au volant, pas de t\u00e9l\u00e9phone ni de consommation d\u2019alcool ou de stup\u00e9fiants.<\/li>\n<\/ul>\n<p class=\" wall-content\">\n<p class=\" wall-content\">Suivez toute l\u2019actualit\u00e9 de vos villes et m\u00e9dias favoris en vous inscrivant \u00e0 <a href=\"https:\/\/moncompte.actu.fr\" title=\"D\u00e9couvez Mon Actu\" rel=\"nofollow noopener\" data-trk=\"{&quot;cta&quot;:{&quot;action&quot;:&quot;https:\\\/\\\/moncompte.actu.fr&quot;,&quot;category&quot;:&quot;mon compte&quot;,&quot;from&quot;:&quot;article footer&quot;,&quot;name&quot;:&quot;Mon actu&quot;,&quot;type&quot;:&quot;cta&quot;}}\" target=\"_blank\">Mon Actu<\/a>.<\/p>\n","protected":false},"excerpt":{"rendered":"Par Marie Lamarque Publi\u00e9 le 16 ao\u00fbt 2025 \u00e0 9h42 ; mis \u00e0 jour le 16 ao\u00fbt 2025&hellip;\n","protected":false},"author":2,"featured_media":323055,"comment_status":"","ping_status":"","sticky":false,"template":"","format":"standard","meta":{"footnotes":""},"categories":[2816],"tags":[1111,11,3542,1777,674,1011,27,12,2680,25,104,2312],"class_list":{"0":"post-323054","1":"post","2":"type-post","3":"status-publish","4":"format-standard","5":"has-post-thumbnail","7":"category-toulouse","8":"tag-actu","9":"tag-actualites","10":"tag-circulation","11":"tag-eu","12":"tag-europe","13":"tag-fr","14":"tag-france","15":"tag-news","16":"tag-occitanie","17":"tag-republique-francaise","18":"tag-societe","19":"tag-toulouse"},"share_on_mastodon":{"url":"https:\/\/pubeurope.com\/@fr\/115038939175097364","error":""},"_links":{"self":[{"href":"https:\/\/www.europesays.com\/fr\/wp-json\/wp\/v2\/posts\/323054","targetHints":{"allow":["GET"]}}],"collection":[{"href":"https:\/\/www.europesays.com\/fr\/wp-json\/wp\/v2\/posts"}],"about":[{"href":"https:\/\/www.europesays.com\/fr\/wp-json\/wp\/v2\/types\/post"}],"author":[{"embeddable":true,"href":"https:\/\/www.europesays.com\/fr\/wp-json\/wp\/v2\/users\/2"}],"replies":[{"embeddable":true,"href":"https:\/\/www.europesays.com\/fr\/wp-json\/wp\/v2\/comments?post=323054"}],"version-history":[{"count":0,"href":"https:\/\/www.europesays.com\/fr\/wp-json\/wp\/v2\/posts\/323054\/revisions"}],"wp:featuredmedia":[{"embeddable":true,"href":"https:\/\/www.europesays.com\/fr\/wp-json\/wp\/v2\/media\/323055"}],"wp:attachment":[{"href":"https:\/\/www.europesays.com\/fr\/wp-json\/wp\/v2\/media?parent=323054"}],"wp:term":[{"taxonomy":"category","embeddable":true,"href":"https:\/\/www.europesays.com\/fr\/wp-json\/wp\/v2\/categories?post=323054"},{"taxonomy":"post_tag","embeddable":true,"href":"https:\/\/www.europesays.com\/fr\/wp-json\/wp\/v2\/tags?post=323054"}],"curies":[{"name":"wp","href":"https:\/\/api.w.org\/{rel}","templated":true}]}}