{"id":323062,"date":"2025-08-16T14:39:09","date_gmt":"2025-08-16T14:39:09","guid":{"rendered":"https:\/\/www.europesays.com\/fr\/323062\/"},"modified":"2025-08-16T14:39:09","modified_gmt":"2025-08-16T14:39:09","slug":"john-cena-a-hate-de-rencontrer-le-meilleur-public-de-lhistoire-a-lyon","status":"publish","type":"post","link":"https:\/\/www.europesays.com\/fr\/323062\/","title":{"rendered":"John Cena a h\u00e2te de rencontrer \u00ab\u00a0le meilleur public de l&rsquo;histoire \u00e0 Lyon\u00a0\u00bb"},"content":{"rendered":"<p itemprop=\"description\"><strong>Il n&rsquo;avait pas besoin de flatter \u00e0 l&rsquo;avance les futurs spectateurs du WWE Friday Night Smackdown du 29 ao\u00fbt \u00e0 la LDLC Arena.<\/strong><\/p>\n<p>Mais John Cena sait comment r\u00e9veiller le chauvinisme des Lyonnais.<\/p>\n<p>La star du catch, reconvertie en acteur (Peacemaker, Fast and Furious), \u00e9tait l&rsquo;invit\u00e9 de Jimmy Fallon ce jeudi.<\/p>\n<p>Lors du late show, John Cena s&rsquo;est exprim\u00e9 sur le grand \u00e9v\u00e8nement pr\u00e9vu \u00e0 la fin du mois \u00e0 D\u00e9cines, qui r\u00e9unira de grands noms de la discipline \u00e0 ses c\u00f4t\u00e9s : \u00ab\u00a0J\u2019ai fait des tas de choses dans ma carri\u00e8re. J\u2019ai \u00e9t\u00e9 face \u00e0 des publics compl\u00e8tement fous. Mais je n\u2019ai jamais \u00e9t\u00e9 devant le public que notre roaster d\u00e9signe comme &lsquo;le meilleur public de toute l\u2019histoire de la WWE&rsquo;, \u00e0 Lyon, en France. Donc, dans quelques semaines, j\u2019ai vraiment h\u00e2te de me retrouver face \u00e0 lui (\u2026) je d\u00e9couvre toujours de nouvelles choses encore aujourd&rsquo;hui !\u00a0\u00bb<\/p>\n<blockquote class=\"twitter-tweet\"><p>&#13;<\/p>\n<p dir=\"ltr\" lang=\"en\">.<a href=\"https:\/\/twitter.com\/JohnCena?ref_src=twsrc%5Etfw\" rel=\"nofollow noopener\" target=\"_blank\">@JohnCena<\/a> is saying goodbye to <a href=\"https:\/\/twitter.com\/WWE?ref_src=twsrc%5Etfw\" rel=\"nofollow noopener\" target=\"_blank\">@WWE<\/a> \ud83d\udc94 <a href=\"https:\/\/twitter.com\/hashtag\/FallonTonight?src=hash&amp;ref_src=twsrc%5Etfw\" rel=\"nofollow noopener\" target=\"_blank\">#FallonTonight<\/a> <a href=\"https:\/\/t.co\/dbnMp3KIrm\" rel=\"nofollow\">pic.twitter.com\/dbnMp3KIrm<\/a><\/p>\n<p>&#13;<br \/>\n\u2014 The Tonight Show (@FallonTonight) <a href=\"https:\/\/twitter.com\/FallonTonight\/status\/1955843297814941863?ref_src=twsrc%5Etfw\" rel=\"nofollow noopener\" target=\"_blank\">August 14, 2025<\/a><\/p><\/blockquote>\n<p>John Cena sera donc de la partie le 29 ao\u00fbt \u00e0 Lyon, aux c\u00f4t\u00e9s de \u00ab\u00a0The American Nightmare\u00a0\u00bb Cody Rhodes et du roaster f\u00e9minin &#8211; Tiffany Stratton, Seth Rollins, Rhea Ripley, Bianca Belair, Charlotte Flair, Sami Zayn&#8230;<\/p>\n<p>\u00ab\u00a0Pour la premi\u00e8re fois de ma vie, je n\u2019ai pas pu m\u2019entendre.\u00a0\u00bb \u00ab\u00a0C&rsquo;est tout simplement dingue !\u00a0\u00bb Que ce soit Cody Rhodes ou Triple H, les grandes figures du catch am\u00e9ricain avaient \u00e9t\u00e9 dithyrambiques quant \u00e0 la ferveur du public lyonnais \u00e0 la LDLC Arena d\u00e9but mai 2024. Chants, encouragements, les d\u00e9cibels avaient \u00e9t\u00e9 pouss\u00e9s au maximum pour surprendre les catcheurs, habitu\u00e9s \u00e0 des spectateurs am\u00e9ricains blas\u00e9s et plus sages.<\/p>\n<p>\t\t  <script async src=\"https:\/\/platform.twitter.com\/widgets.js\" charset=\"utf-8\"><\/script><\/p>\n","protected":false},"excerpt":{"rendered":"Il n&rsquo;avait pas besoin de flatter \u00e0 l&rsquo;avance les futurs spectateurs du WWE Friday Night Smackdown du 29&hellip;\n","protected":false},"author":2,"featured_media":323063,"comment_status":"","ping_status":"","sticky":false,"template":"","format":"standard","meta":{"footnotes":""},"categories":[1889],"tags":[1111,11,2813,2190,2430,1109,251,1112,2811,1777,674,118,1011,27,1922,1110,1114,2428,2810,12,241,316,25,2812,517,800],"class_list":{"0":"post-323062","1":"post","2":"type-post","3":"status-publish","4":"format-standard","5":"has-post-thumbnail","7":"category-lyon","8":"tag-actu","9":"tag-actualites","10":"tag-article","11":"tag-asvel","12":"tag-auvergne-rhone-alpes","13":"tag-breves","14":"tag-culture","15":"tag-depeches","16":"tag-economique","17":"tag-eu","18":"tag-europe","19":"tag-faits-divers","20":"tag-fr","21":"tag-france","22":"tag-info","23":"tag-informations","24":"tag-infos","25":"tag-lyon","26":"tag-lyonmag","27":"tag-news","28":"tag-ol","29":"tag-politique","30":"tag-republique-francaise","31":"tag-sociale","32":"tag-sport","33":"tag-transports"},"share_on_mastodon":{"url":"https:\/\/pubeurope.com\/@fr\/115038962602986344","error":""},"_links":{"self":[{"href":"https:\/\/www.europesays.com\/fr\/wp-json\/wp\/v2\/posts\/323062","targetHints":{"allow":["GET"]}}],"collection":[{"href":"https:\/\/www.europesays.com\/fr\/wp-json\/wp\/v2\/posts"}],"about":[{"href":"https:\/\/www.europesays.com\/fr\/wp-json\/wp\/v2\/types\/post"}],"author":[{"embeddable":true,"href":"https:\/\/www.europesays.com\/fr\/wp-json\/wp\/v2\/users\/2"}],"replies":[{"embeddable":true,"href":"https:\/\/www.europesays.com\/fr\/wp-json\/wp\/v2\/comments?post=323062"}],"version-history":[{"count":0,"href":"https:\/\/www.europesays.com\/fr\/wp-json\/wp\/v2\/posts\/323062\/revisions"}],"wp:featuredmedia":[{"embeddable":true,"href":"https:\/\/www.europesays.com\/fr\/wp-json\/wp\/v2\/media\/323063"}],"wp:attachment":[{"href":"https:\/\/www.europesays.com\/fr\/wp-json\/wp\/v2\/media?parent=323062"}],"wp:term":[{"taxonomy":"category","embeddable":true,"href":"https:\/\/www.europesays.com\/fr\/wp-json\/wp\/v2\/categories?post=323062"},{"taxonomy":"post_tag","embeddable":true,"href":"https:\/\/www.europesays.com\/fr\/wp-json\/wp\/v2\/tags?post=323062"}],"curies":[{"name":"wp","href":"https:\/\/api.w.org\/{rel}","templated":true}]}}