{"id":323066,"date":"2025-08-16T14:43:10","date_gmt":"2025-08-16T14:43:10","guid":{"rendered":"https:\/\/www.europesays.com\/fr\/323066\/"},"modified":"2025-08-16T14:43:10","modified_gmt":"2025-08-16T14:43:10","slug":"une-femme-accouche-sur-les-quais-du-rer-a","status":"publish","type":"post","link":"https:\/\/www.europesays.com\/fr\/323066\/","title":{"rendered":"une femme accouche sur les quais du RER A"},"content":{"rendered":"<p>            Par<br \/>\n        <strong><br \/>\n            <a href=\"https:\/\/actu.fr\/auteur\/antoine-grotteria02\" title=\"Consulter tous les articles de Antoine Grotteria\" target=\"_blank\" rel=\"noopener\">Antoine Grotteria<\/a><br \/>\n        <\/strong><\/p>\n<p>        Publi\u00e9 le<\/p>\n<p>            16 ao\u00fbt 2025 \u00e0 15h29        <\/p>\n<p>Une sc\u00e8ne peu banale au d\u00e9nouement <strong>jubilatoire<\/strong>. Vers 9 heures, vendredi 15 ao\u00fbt 2025, une <strong>femme<\/strong> a <strong>accouch\u00e9<\/strong> sur les quais du <a href=\"https:\/\/actu.fr\/tag\/rer-a\" target=\"_blank\" rel=\"noopener\">RER A<\/a> de la station Ch\u00e2telet, dans le centre de <a href=\"https:\/\/actu.fr\/paris\/\" target=\"_blank\" rel=\"noopener\">Paris<\/a>, a indiqu\u00e9 la <a href=\"https:\/\/actu.fr\/tag\/ratp\" target=\"_blank\" rel=\"noopener\">RATP<\/a> \u00e0 actu Paris, confirmant une information r\u00e9v\u00e9l\u00e9e sur le r\u00e9seau social X par le Groupe de protection et de s\u00e9curit\u00e9 des r\u00e9seaux Force ouvri\u00e8re (GPSR-FO).\u00a0<\/p>\n<p>Des cadeaux de bienvenue\u00a0<\/p>\n<p class=\" wall-content\">La R\u00e9gie a fait savoir que la maman et le b\u00e9b\u00e9 se portaient <strong>bien<\/strong>, nonobstant l\u2019environnement extraordinaire. Contact\u00e9s, les <a href=\"https:\/\/actu.fr\/tag\/brigade-de-sapeurs-pompiers-de-paris\" target=\"_blank\" rel=\"noopener\">Pompiers de Paris<\/a> rapportent qu\u2019ils ont \u00e9t\u00e9 \u00ab\u00a0rapidement transport\u00e9s \u00e0 l\u2019h\u00f4pital Necker\u00a0\u00bb apr\u00e8s l\u2019accouchement.\u00a0<\/p>\n<p class=\" wall-content\">Dans ce genre de cas, la RATP pr\u00e9cise offrir \u00ab\u00a0un cadeau pour la maman et le b\u00e9b\u00e9\u00a0\u00bb. Par le pass\u00e9, la RATP octroyait d\u00e9j\u00e0 un trousseau de naissance, des doudous, des fleurs ou encore des <a href=\"https:\/\/actu.fr\/tag\/pass-navigo\" target=\"_blank\" rel=\"noopener\">passe Navigo<\/a>. Ainsi, en 2018, un petit b\u00e9b\u00e9 n\u00e9 \u00e0 la station Glaci\u00e8re avait re\u00e7u un passe pour voyager gratuitement sur le r\u00e9seau RATP jusqu\u2019\u00e0 ses 25 ans, comme le faisait savoir TF1.\u00a0<\/p>\n<p class=\" wall-content\">\n<p class=\" wall-content\">En avril 2024, un enfant <a href=\"https:\/\/actu.fr\/ile-de-france\/paris_75056\/elle-accouche-dans-le-metro-a-paris-valerie-pecresse-offre-au-bebe-un-pass-navigo-jusqu-a-ses-18-ans_60898892.html\" target=\"_blank\" rel=\"noopener\">n\u00e9<\/a> \u00e0 la station <a href=\"https:\/\/actu.fr\/tag\/gare-du-nord\" target=\"_blank\" rel=\"noopener\">gare du Nord<\/a> de la ligne 5 avait \u00e9galement re\u00e7u un passe Navigo jusqu\u2019\u00e0 sa majorit\u00e9.\u00a0<\/p>\n<p class=\" wall-content\"><strong>Avec Julie Bossart<\/strong><\/p>\n<p class=\" wall-content\">Suivez toute l\u2019actualit\u00e9 de vos villes et m\u00e9dias favoris en vous inscrivant \u00e0 <a href=\"https:\/\/moncompte.actu.fr\" title=\"D\u00e9couvez Mon Actu\" rel=\"nofollow noopener\" data-trk=\"{&quot;cta&quot;:{&quot;action&quot;:&quot;https:\\\/\\\/moncompte.actu.fr&quot;,&quot;category&quot;:&quot;mon compte&quot;,&quot;from&quot;:&quot;article footer&quot;,&quot;name&quot;:&quot;Mon actu&quot;,&quot;type&quot;:&quot;cta&quot;}}\" target=\"_blank\">Mon Actu<\/a>.<\/p>\n","protected":false},"excerpt":{"rendered":"Par Antoine Grotteria Publi\u00e9 le 16 ao\u00fbt 2025 \u00e0 15h29 Une sc\u00e8ne peu banale au d\u00e9nouement jubilatoire. Vers&hellip;\n","protected":false},"author":2,"featured_media":323067,"comment_status":"","ping_status":"","sticky":false,"template":"","format":"standard","meta":{"footnotes":""},"categories":[1888],"tags":[1111,1928,11,1927,16079,1719,1777,674,1011,27,1757,12,1926,626,1925,25],"class_list":{"0":"post-323066","1":"post","2":"type-post","3":"status-publish","4":"format-standard","5":"has-post-thumbnail","7":"category-paris","8":"tag-actu","9":"tag-actu-paris","10":"tag-actualites","11":"tag-actualites-paris","12":"tag-chatelet","13":"tag-enfants","14":"tag-eu","15":"tag-europe","16":"tag-fr","17":"tag-france","18":"tag-insolite","19":"tag-news","20":"tag-news-paris","21":"tag-paris","22":"tag-paris-news","23":"tag-republique-francaise"},"share_on_mastodon":{"url":"https:\/\/pubeurope.com\/@fr\/115038978308717171","error":""},"_links":{"self":[{"href":"https:\/\/www.europesays.com\/fr\/wp-json\/wp\/v2\/posts\/323066","targetHints":{"allow":["GET"]}}],"collection":[{"href":"https:\/\/www.europesays.com\/fr\/wp-json\/wp\/v2\/posts"}],"about":[{"href":"https:\/\/www.europesays.com\/fr\/wp-json\/wp\/v2\/types\/post"}],"author":[{"embeddable":true,"href":"https:\/\/www.europesays.com\/fr\/wp-json\/wp\/v2\/users\/2"}],"replies":[{"embeddable":true,"href":"https:\/\/www.europesays.com\/fr\/wp-json\/wp\/v2\/comments?post=323066"}],"version-history":[{"count":0,"href":"https:\/\/www.europesays.com\/fr\/wp-json\/wp\/v2\/posts\/323066\/revisions"}],"wp:featuredmedia":[{"embeddable":true,"href":"https:\/\/www.europesays.com\/fr\/wp-json\/wp\/v2\/media\/323067"}],"wp:attachment":[{"href":"https:\/\/www.europesays.com\/fr\/wp-json\/wp\/v2\/media?parent=323066"}],"wp:term":[{"taxonomy":"category","embeddable":true,"href":"https:\/\/www.europesays.com\/fr\/wp-json\/wp\/v2\/categories?post=323066"},{"taxonomy":"post_tag","embeddable":true,"href":"https:\/\/www.europesays.com\/fr\/wp-json\/wp\/v2\/tags?post=323066"}],"curies":[{"name":"wp","href":"https:\/\/api.w.org\/{rel}","templated":true}]}}