{"id":323074,"date":"2025-08-16T14:48:14","date_gmt":"2025-08-16T14:48:14","guid":{"rendered":"https:\/\/www.europesays.com\/fr\/323074\/"},"modified":"2025-08-16T14:48:14","modified_gmt":"2025-08-16T14:48:14","slug":"macron-starmer-merz-reuniront-dimanche-en-visio-les-pays-de-la-coalition-des-volontaires","status":"publish","type":"post","link":"https:\/\/www.europesays.com\/fr\/323074\/","title":{"rendered":"Macron, Starmer, Merz r\u00e9uniront dimanche en visio les pays de la \u00abcoalition des volontaires\u00bb"},"content":{"rendered":"<p>La plupart des grands pays europ\u00e9ens, l\u2019UE, l\u2019Otan, et des pays non-europ\u00e9ens comme le Canada prendront part \u00e0 une discussion, en amont de la visite de Zelensky lundi 18 ao\u00fbt \u00e0 la Maison-Blanche.<\/p>\n<p class=\"fig-paragraph\"><a href=\"http:\/\/www.lefigaro.fr\/politique\/bregancon-est-un-fort-diplomatique-comment-emmanuel-macron-tente-d-exister-dans-les-crises-internationales-de-l-ete-20250813\" data-fig-type=\"Article\" data-gtm-custom-categorie=\"navigation\" data-gtm-custom-action=\"crossclick\" data-gtm-custom-label=\"Contextuel\" data-gtm-event=\"customEventSPE\" data-fig-domain=\"LEFIGARO\" target=\"_blank\" rel=\"noopener\">Emmanuel Macron<\/a>, le premier ministre britannique<a href=\"http:\/\/www.lefigaro.fr\/international\/guerre-en-ukraine-keir-starmer-recoit-volodymyr-zelensky-a-londres-ce-jeudi-20250814\" data-fig-type=\"NewsFlash\" data-gtm-custom-categorie=\"navigation\" data-gtm-custom-action=\"crossclick\" data-gtm-custom-label=\"Contextuel\" data-gtm-event=\"customEventSPE\" data-fig-domain=\"LEFIGARO\" target=\"_blank\" rel=\"noopener\">\u00a0Keir Starmer\u00a0<\/a>et le chancelier allemand\u00a0<a href=\"http:\/\/www.lefigaro.fr\/conjoncture\/en-allemagne-friedrich-merz-souhaite-s-attaquer-a-l-etat-providence-20250714\" data-fig-type=\"Article\" data-gtm-custom-categorie=\"navigation\" data-gtm-custom-action=\"crossclick\" data-gtm-custom-label=\"Contextuel\" data-gtm-event=\"customEventSPE\" data-fig-domain=\"LEFIGARO\" target=\"_blank\" rel=\"noopener\">Friedrich Merz<\/a>\u00a0r\u00e9uniront dimanche \u00e0 15 heures heure fran\u00e7aise en visioconf\u00e9rence les pays de la \u00abcoalition des volontaires\u00bb alli\u00e9s de Kiev (la plupart des grands pays europ\u00e9ens, l\u2019UE, l\u2019Otan, et des pays non-europ\u00e9ens comme le Canada), afin de pr\u00e9parer les prochaines \u00e9tapes des discussions de paix sur l\u2019Ukraine, a annonc\u00e9 samedi l\u2019\u00c9lys\u00e9e.<\/p>\n<p class=\"fig-paragraph\">Ces concertations auront lieu \u00e0 la veille d\u2019un d\u00e9placement du pr\u00e9sident ukrainien\u00a0<a href=\"http:\/\/www.lefigaro.fr\/international\/guerre-en-ukraine-volodymyr-zelensky-rencontrera-donald-trump-des-lundi-a-washington-20250816\" data-fig-type=\"NewsFlash\" data-gtm-custom-categorie=\"navigation\" data-gtm-custom-action=\"crossclick\" data-gtm-custom-label=\"Contextuel\" data-gtm-event=\"customEventSPE\" data-fig-domain=\"LEFIGARO\" target=\"_blank\" rel=\"noopener\">Volodymyr Zelensky \u00e0 Washington<\/a>, pr\u00e9vu lundi 18 ao\u00fbt. \u00abLe pr\u00e9sident de la R\u00e9publique co-pr\u00e9sidera demain \u00e0 15 heures avec le premier ministre Starmer et le chancelier Merz une r\u00e9union de la Coalition des volontaires en visioconf\u00e9rence, \u00e0 la suite de la r\u00e9union qui s&rsquo;est tenue hier (vendredi) en Alaska et en amont du d\u00e9placement du Pr\u00e9sident Zelensky \u00e0 Washington, le 18 ao\u00fbt\u00bb, a d\u00e9clar\u00e9 la pr\u00e9sidence fran\u00e7aise.<\/p>\n<p>                                    <a class=\"fig-a11y-skip a11y-hidden\" href=\"#fig-a11y-skip-main-inarticle\"><br \/>\n        Passer la publicit\u00e9<br \/>\n    <\/a><\/p>\n<p>Vers un accord de paix\u00a0?<\/p>\n<p class=\"fig-paragraph\">Les alli\u00e9s de l&rsquo;Ukraine devraient aborder lors de cette r\u00e9union\u00a0<a href=\"http:\/\/www.lefigaro.fr\/international\/guerre-en-ukraine-ce-qui-a-ete-dit-et-ce-qui-n-a-pas-ete-dit-par-trump-et-poutine-a-l-issue-du-sommet-en-alaska-20250816\" data-fig-type=\"NewsFlash\" data-gtm-custom-categorie=\"navigation\" data-gtm-custom-action=\"crossclick\" data-gtm-custom-label=\"Contextuel\" data-gtm-event=\"customEventSPE\" data-fig-domain=\"LEFIGARO\" target=\"_blank\" rel=\"noopener\">la question des garanties de s\u00e9curit\u00e9<\/a>\u00a0qui seraient accord\u00e9es \u00e0 Kiev dans le cadre d&rsquo;un \u00e9ventuel accord de paix. Ils devraient \u00e9galement, selon des diplomates, examiner ce que pourraient \u00eatre les contours d&rsquo;un tel accord entre l&rsquo;Ukraine et la Russie.<\/p>\n<p class=\"fig-paragraph\">\u00c0 l\u2019issue de son sommet vendredi avec Vladimir Poutine, Donald Trump a fait savoir que ses efforts portaient d\u00e9sormais sur l&rsquo;\u00e9laboration d&rsquo;un<a href=\"http:\/\/www.lefigaro.fr\/international\/guerre-en-ukraine-trump-reclame-directement-un-accord-de-paix-20250816\" data-fig-type=\"NewsFlash\" data-gtm-custom-categorie=\"navigation\" data-gtm-custom-action=\"crossclick\" data-gtm-custom-label=\"Contextuel\" data-gtm-event=\"customEventSPE\" data-fig-domain=\"LEFIGARO\" target=\"_blank\" rel=\"noopener\">\u00a0accord de paix<\/a>\u00a0permettant de mettre fin \u00e0 la guerre, sans passer par l&rsquo;\u00e9tape d&rsquo;un cessez-le-feu.<\/p>\n","protected":false},"excerpt":{"rendered":"La plupart des grands pays europ\u00e9ens, l\u2019UE, l\u2019Otan, et des pays non-europ\u00e9ens comme le Canada prendront part \u00e0&hellip;\n","protected":false},"author":2,"featured_media":323075,"comment_status":"","ping_status":"","sticky":false,"template":"","format":"standard","meta":{"footnotes":""},"categories":[1590],"tags":[11,75,1777,674,131,12,220,134],"class_list":{"0":"post-323074","1":"post","2":"type-post","3":"status-publish","4":"format-standard","5":"has-post-thumbnail","7":"category-ukraine","8":"tag-actualites","9":"tag-donald-trump","10":"tag-eu","11":"tag-europe","12":"tag-guerre-en-ukraine","13":"tag-news","14":"tag-ukraine","15":"tag-volodymyr-zelensky"},"share_on_mastodon":{"url":"https:\/\/pubeurope.com\/@fr\/115038997975336461","error":""},"_links":{"self":[{"href":"https:\/\/www.europesays.com\/fr\/wp-json\/wp\/v2\/posts\/323074","targetHints":{"allow":["GET"]}}],"collection":[{"href":"https:\/\/www.europesays.com\/fr\/wp-json\/wp\/v2\/posts"}],"about":[{"href":"https:\/\/www.europesays.com\/fr\/wp-json\/wp\/v2\/types\/post"}],"author":[{"embeddable":true,"href":"https:\/\/www.europesays.com\/fr\/wp-json\/wp\/v2\/users\/2"}],"replies":[{"embeddable":true,"href":"https:\/\/www.europesays.com\/fr\/wp-json\/wp\/v2\/comments?post=323074"}],"version-history":[{"count":0,"href":"https:\/\/www.europesays.com\/fr\/wp-json\/wp\/v2\/posts\/323074\/revisions"}],"wp:featuredmedia":[{"embeddable":true,"href":"https:\/\/www.europesays.com\/fr\/wp-json\/wp\/v2\/media\/323075"}],"wp:attachment":[{"href":"https:\/\/www.europesays.com\/fr\/wp-json\/wp\/v2\/media?parent=323074"}],"wp:term":[{"taxonomy":"category","embeddable":true,"href":"https:\/\/www.europesays.com\/fr\/wp-json\/wp\/v2\/categories?post=323074"},{"taxonomy":"post_tag","embeddable":true,"href":"https:\/\/www.europesays.com\/fr\/wp-json\/wp\/v2\/tags?post=323074"}],"curies":[{"name":"wp","href":"https:\/\/api.w.org\/{rel}","templated":true}]}}