{"id":323084,"date":"2025-08-16T14:53:10","date_gmt":"2025-08-16T14:53:10","guid":{"rendered":"https:\/\/www.europesays.com\/fr\/323084\/"},"modified":"2025-08-16T14:53:10","modified_gmt":"2025-08-16T14:53:10","slug":"zelensky-lue-trump-les-reactions-apres-la-reunion-danchorage-liberation","status":"publish","type":"post","link":"https:\/\/www.europesays.com\/fr\/323084\/","title":{"rendered":"Zelensky, l\u2019UE, Trump\u2026 les r\u00e9actions apr\u00e8s la r\u00e9union d\u2019Anchorage \u2013 Lib\u00e9ration"},"content":{"rendered":"<p class=\"sc-ksZaOG ehjQrN text-element\">Sa r\u00e9action \u00e9tait particuli\u00e8rement attendue. Quelques heures apr\u00e8s <a href=\"https:\/\/www.liberation.fr\/international\/donald-trump-et-vladimir-poutine-se-rencontreront-vendredi-a-20-h-30-annonce-le-kremlin-20250814_OFNSIZMHDJH4DO4HZFAMRPSJ7I\/\" target=\"_blank\" rel=\"noreferrer noopener\" title=\"https:\/\/www.liberation.fr\/international\/donald-trump-et-vladimir-poutine-se-rencontreront-vendredi-a-20-h-30-annonce-le-kremlin-20250814_OFNSIZMHDJH4DO4HZFAMRPSJ7I\/\">la fin d\u2019un sommet en Alaska<\/a> pour mettre fin \u00e0 la guerre en Ukraine qui n\u2019a d\u00e9bouch\u00e9 sur rien du tout, Volodymyr Zelensky a publi\u00e9 <a href=\"https:\/\/x.com\/ZelenskyyUa\/status\/1956618668210626884\" target=\"_blank\" rel=\"noreferrer\" title=\"https:\/\/x.com\/ZelenskyyUa\/status\/1956618668210626884\">sur ses r\u00e9seaux sociaux<\/a> un court communiqu\u00e9, en anglais. Il y explique avoir eu \u00abune longue conversation\u00bb t\u00e9l\u00e9phonique avec Donald Trump, puis que les deux pr\u00e9sidents ont \u00e9chang\u00e9 avec les dirigeants europ\u00e9ens. \u00abCet appel a dur\u00e9 plus d\u2019une heure et demie\u00bb, assure-t-il, louant les \u00absignaux positifs \u00e9mis par les Etats-Unis concernant leur participation \u00e0 la garantie de la s\u00e9curit\u00e9 de l\u2019Ukraine\u00bb.<\/p>\n<p class=\"sc-ksZaOG ehjQrN text-element\">Et \u00e0 part \u00e7a ? Pas grand-chose. Volodymyr Zelensky a expliqu\u00e9 avoir eu droit \u00e0 un compte rendu de la part de Donald Trump, sans, comme le locataire de la Maison Blanche quelques heures plus t\u00f4t, en d\u00e9voiler le contenu. Le pr\u00e9sident ukrainien a simplement \u00abr\u00e9affirm\u00e9 sa volont\u00e9 de d\u00e9ployer tous les efforts possibles pour parvenir \u00e0 la paix\u00bb et dit qu\u2019il \u00e9tait \u00abimportant que la puissance des Etats-Unis influence l\u2019\u00e9volution de la situation\u00bb.<\/p>\n<p class=\"sc-ksZaOG ehjQrN text-element\">L\u2019<a href=\"https:\/\/www.liberation.fr\/international\/europe\/volodymyr-zelensky-du-clown-au-chef-de-guerre-20220222_VNJCWM3HCBGLZMLHO7MDXJWLZY\/\" target=\"_blank\" rel=\"noreferrer noopener\" title=\"https:\/\/www.liberation.fr\/international\/europe\/volodymyr-zelensky-du-clown-au-chef-de-guerre-20220222_VNJCWM3HCBGLZMLHO7MDXJWLZY\/\">ex-com\u00e9dien, qui s\u2019est mu\u00e9 en chef de guerre depuis f\u00e9vrier 2022<\/a>, a \u00e9galement annonc\u00e9 qu\u2019il rencontrera Donald Trump lundi \u00e0 Washington \u00abpour discuter de tous les d\u00e9tails concernant la fin des massacres et de la guerre\u00bb. Et qu\u2019il souhaite lui aussi qu\u2019une \u00abr\u00e9union trilat\u00e9rale entre l\u2019Ukraine, les Etats-Unis et la Russie\u00bb soit organis\u00e9e. Un \u00abformat adapt\u00e9\u00bb selon lui pour aborder \u00ables questions cl\u00e9s\u00bb entre les dirigeants des trois pays.<\/p>\n<p class=\"sc-ksZaOG ehjQrN text-element\">Peu apr\u00e8s le sommet, le pr\u00e9sident am\u00e9ricain a exclu sur Truth Social un cessez-le-feu imm\u00e9diat entre la Russie et l\u2019Ukraine et r\u00e9clam\u00e9 d\u00e9sormais directement un \u00abaccord de paix\u00bb. \u00abIl a \u00e9t\u00e9 jug\u00e9 par tous que la meilleure fa\u00e7on de mettre fin \u00e0 la guerre horrible entre la Russie et l\u2019Ukraine est d\u2019aller directement \u00e0 un accord de paix, qui mettrait fin \u00e0 la guerre, et non \u00e0 un simple accord de cessez-le-feu, qui souvent ne tient pas\u00bb.<\/p>\n<p class=\"sc-ksZaOG ehjQrN text-element\">Dans un communiqu\u00e9 publi\u00e9 en fin de matin\u00e9e, \u00ables dirigeants ont salu\u00e9 les efforts du pr\u00e9sident Trump pour arr\u00eater les tueries en Ukraine, mettre fin \u00e0 la guerre d\u2019agression de la Russie et parvenir \u00e0 une paix juste et durable\u00bb. Le texte, sign\u00e9 par Macron, Merz, Meloni, le Finlandais Stubb, le Polonais Tusk, le pr\u00e9sident du conseil europ\u00e9en Antonio Costa et Ursula von der Leyen, r\u00e9it\u00e8re que \u00abl\u2019\u00e9tape suivante est de poursuivre les discussions incluant le pr\u00e9sident Zelensky\u00bb, tout en insistant sur la n\u00e9cessit\u00e9 pour l\u2019Ukraine d\u2019obtenir des \u00abgaranties de s\u00e9curit\u00e9 solides comme le fer pour d\u00e9fendre efficacement sa souverainet\u00e9 et son int\u00e9grit\u00e9 territoriale\u00bb. Enfin, <a href=\"https:\/\/www.liberation.fr\/international\/ukraine-zelensky-se-rend-a-berlin-pour-la-visioconference-entre-les-dirigeants-europeens-et-trump-20250813_NMMKCRKPYRCAFO5T4KSYTIQCWM\/\" target=\"_blank\" rel=\"noreferrer noopener\" title=\"https:\/\/www.liberation.fr\/international\/ukraine-zelensky-se-rend-a-berlin-pour-la-visioconference-entre-les-dirigeants-europeens-et-trump-20250813_NMMKCRKPYRCAFO5T4KSYTIQCWM\/\">les dirigeants<\/a> ont renouvel\u00e9 leur soutien \u00e0 Kyiv en rappelant leur disposition \u00e0 \u00abrenforcer les sanctions\u00bb et \u00e0 \u00abfaire davantage pour renforcer l\u2019Ukraine afin de mettre fin aux combats et obtenir une paix juste\u00bb.<\/p>\n<p class=\"sc-ksZaOG ehjQrN text-element\">Emmanuel Macron, Keir Starmer et Friedrich Merz doivent par ailleurs r\u00e9unir dimanche apr\u00e8s-midi en visioconf\u00e9rence les pays de la \u00abcoalition des volontaires\u00bb alli\u00e9s de Kyiv, afin de pr\u00e9parer les prochaines \u00e9tapes des discussions de paix sur l\u2019Ukraine, a annonc\u00e9 l\u2019Elys\u00e9e.<\/p>\n<p class=\"sc-ksZaOG ehjQrN text-element\">Signataire du communiqu\u00e9 des dirigeants de l\u2019UE, <a href=\"https:\/\/www.liberation.fr\/international\/europe\/lavenir-de-lukraine-ne-peut-se-decider-sans-les-ukrainiens-insiste-macron-avant-la-rencontre-entre-trump-et-poutine-20250809_2UCP5OFHDBG27F6M26JNTIOV2M\/\" target=\"_blank\" rel=\"noreferrer noopener\" title=\"https:\/\/www.liberation.fr\/international\/europe\/lavenir-de-lukraine-ne-peut-se-decider-sans-les-ukrainiens-insiste-macron-avant-la-rencontre-entre-trump-et-poutine-20250809_2UCP5OFHDBG27F6M26JNTIOV2M\/\">le pr\u00e9sident fran\u00e7ais<\/a> a insist\u00e9 de son c\u00f4t\u00e9 sur la m\u00e9fiance \u00e0 avoir s\u2019agissant des engagements russes. Emmanuel Macron a notamment mis en garde contre \u00abla propension\u00bb de la Russie \u00ab\u00e0 ne pas tenir ses propres engagements\u00bb. Dans un message sur X, le pr\u00e9sident fran\u00e7ais a par ailleurs rappel\u00e9 qu\u2019il \u00e9tait \u00abindispensable de continuer \u00e0 soutenir l\u2019Ukraine et de faire pression sur la Russie tant que sa guerre d\u2019agression se poursuit et qu\u2019une paix solide et durable respectueuse des droits de l\u2019Ukraine n\u2019a pas \u00e9t\u00e9 conclue\u00bb.<\/p>\n<p class=\"sc-ksZaOG ehjQrN text-element\"><b>Mise \u00e0 jour \u00e0 16 h 20 <\/b>avec l\u2019ajout de la visioconf\u00e9rence entre les Europ\u00e9ens dimanche<\/p>\n","protected":false},"excerpt":{"rendered":"Sa r\u00e9action \u00e9tait particuli\u00e8rement attendue. Quelques heures apr\u00e8s la fin d\u2019un sommet en Alaska pour mettre fin \u00e0&hellip;\n","protected":false},"author":2,"featured_media":323085,"comment_status":"","ping_status":"","sticky":false,"template":"","format":"standard","meta":{"footnotes":""},"categories":[1586],"tags":[11,75,73,1777,674,1779,1011,27,12,25,132,1778,220,297,364,135,134],"class_list":{"0":"post-323084","1":"post","2":"type-post","3":"status-publish","4":"format-standard","5":"has-post-thumbnail","7":"category-europe","8":"tag-actualites","9":"tag-donald-trump","10":"tag-etats-unis","11":"tag-eu","12":"tag-europe","13":"tag-european-union","14":"tag-fr","15":"tag-france","16":"tag-news","17":"tag-republique-francaise","18":"tag-russie","19":"tag-ue","20":"tag-ukraine","21":"tag-ukraine-la-crise","22":"tag-union-europeenne","23":"tag-vladimir-poutine","24":"tag-volodymyr-zelensky"},"share_on_mastodon":{"url":"https:\/\/pubeurope.com\/@fr\/115039017710409503","error":""},"_links":{"self":[{"href":"https:\/\/www.europesays.com\/fr\/wp-json\/wp\/v2\/posts\/323084","targetHints":{"allow":["GET"]}}],"collection":[{"href":"https:\/\/www.europesays.com\/fr\/wp-json\/wp\/v2\/posts"}],"about":[{"href":"https:\/\/www.europesays.com\/fr\/wp-json\/wp\/v2\/types\/post"}],"author":[{"embeddable":true,"href":"https:\/\/www.europesays.com\/fr\/wp-json\/wp\/v2\/users\/2"}],"replies":[{"embeddable":true,"href":"https:\/\/www.europesays.com\/fr\/wp-json\/wp\/v2\/comments?post=323084"}],"version-history":[{"count":0,"href":"https:\/\/www.europesays.com\/fr\/wp-json\/wp\/v2\/posts\/323084\/revisions"}],"wp:featuredmedia":[{"embeddable":true,"href":"https:\/\/www.europesays.com\/fr\/wp-json\/wp\/v2\/media\/323085"}],"wp:attachment":[{"href":"https:\/\/www.europesays.com\/fr\/wp-json\/wp\/v2\/media?parent=323084"}],"wp:term":[{"taxonomy":"category","embeddable":true,"href":"https:\/\/www.europesays.com\/fr\/wp-json\/wp\/v2\/categories?post=323084"},{"taxonomy":"post_tag","embeddable":true,"href":"https:\/\/www.europesays.com\/fr\/wp-json\/wp\/v2\/tags?post=323084"}],"curies":[{"name":"wp","href":"https:\/\/api.w.org\/{rel}","templated":true}]}}