{"id":323101,"date":"2025-08-16T15:04:15","date_gmt":"2025-08-16T15:04:15","guid":{"rendered":"https:\/\/www.europesays.com\/fr\/323101\/"},"modified":"2025-08-16T15:04:15","modified_gmt":"2025-08-16T15:04:15","slug":"nous-preferons-quils-ne-courent-pas-hushovd-deconseille-aux-norvegiens-daller-au-rwanda-pour-les-mondiaux","status":"publish","type":"post","link":"https:\/\/www.europesays.com\/fr\/323101\/","title":{"rendered":"\u00ab\u00a0Nous pr\u00e9f\u00e9rons qu&rsquo;ils ne courent pas\u00a0\u00bb, Hushovd d\u00e9conseille aux Norv\u00e9giens d&rsquo;aller au Rwanda pour les Mondiaux"},"content":{"rendered":"<p>Face \u00e0 la difficult\u00e9 du parcours de la course en ligne, le directeur de l&rsquo;\u00e9quipe Uno-X Mobility et ancien porteur du maillot arc-en-ciel Thor Hushovd ne conseille pas \u00e0 ses coureurs norv\u00e9giens de se rendre au Rwanda pour les Championnats du monde, m\u00eame s&rsquo;il ne les emp\u00eachera pas de courir pour leur pays.<\/p>\n<p>270 kilom\u00e8tres et plus de 5.000 m\u00e8tres de d\u00e9nivel\u00e9. C&rsquo;est ce qui attend les coureurs lors de la course en ligne des Championnats du monde de cyclisme au Rwanda le 28 septembre prochain. S&rsquo;il a pu d\u00e9courager des coureurs comme Mathieu van der Poel, <a href=\"https:\/\/rmcsport.bfmtv.com\/cyclisme\/crucial-de-ne-pas-trop-en-faire-van-aert-annonce-son-forfait-pour-les-mondiaux_AV-202508080327.html\" title=\"&quot;Crucial de ne pas trop en faire&quot;: van Aert annonce son forfait pour les Mondiaux\" class=\"internal_link\" rel=\"nofollow noopener\" target=\"_blank\">Wout van Aert<\/a> ou encore Mads Pedersen, le parcours effraie le champion du monde 2010, d\u00e9sormais directeur sportif de la formation Uno-X Mobility.<\/p>\n<p>Dans une interview accord\u00e9e ce vendredi <a href=\"https:\/\/www.tv2.no\/sport\/norske-tour-stjerner-dropper-vm-prioriterer-uno-x\/17996671\/\" target=\"_blank\" class=\"external_link\" rel=\"nofollow noopener\">\u00e0 la t\u00e9l\u00e9vision norv\u00e9gienne<\/a>, Thor Hushovd s&rsquo;est montr\u00e9 r\u00e9ticent quant \u00e0 la participation de ses coureurs (en grande majorit\u00e9 norv\u00e9giens) \u00e0 la grande f\u00eate du cyclisme mondial en Afrique.<\/p>\n<p>\u00ab\u00a0Il y a certes beaucoup de points \u00e0 gagner aux Championnats du monde si vous vous en sortez bien, mais c&rsquo;est un parcours difficile, qui n\u00e9cessite un entra\u00eenement en altitude, une pr\u00e9paration et des vaccinations \u00e0 l&rsquo;avance, a-t-il regrett\u00e9 aupr\u00e8s de TV2. Toutes ces choses signifient que vous devez faire beaucoup de sacrifices.\u00a0\u00bb<\/p>\n<p>\u00ab\u00a0Peser le pour et le contre\u00a0\u00bb<\/p>\n<p>Le manager a tout de m\u00eame assur\u00e9 qu&rsquo;il n&#8217;emp\u00eacherait personne \u00e0 faire le voyage au Rwanda: \u00ab\u00a0Nous pouvons orienter les athl\u00e8tes et leur dire que nous pr\u00e9f\u00e9rons qu&rsquo;ils ne participent pas aux Championnats du monde. On pourrait se demander quel signal cela envoie de refuser de repr\u00e9senter la Norv\u00e8ge avec le drapeau sur la poitrine, mais le calendrier est tellement charg\u00e9 et serr\u00e9 que nous devons peser le pour et le contre.\u00a0\u00bb<\/p>\n<p>Car, derri\u00e8re l&rsquo;excuse entendable de la pr\u00e9paration et de la difficult\u00e9, se cache surtout la guerre effr\u00e9n\u00e9e aux points UCI, qui entre dans sa derni\u00e8re phase en cette fin de saison. Distanc\u00e9e de la course au World Tour jusqu&rsquo;au Tour de France, Uno-X Mobility s&rsquo;est rapidement rapproch\u00e9e du Top 18 gr\u00e2ce notamment <a href=\"https:\/\/rmcsport.bfmtv.com\/cyclisme\/tour-de-france\/tour-de-france-bronzage-a-l-envers-pasteque-dans-le-dos-la-drole-de-journee-de-repos-de-jonas-abrahamsen_AV-202507220315.html\" title=\"Tour de France: bronzage \u00e0 l&#039;envers, past\u00e8que dans le dos... La dr\u00f4le de journ\u00e9e de repos de Jonas Abrahamsen\" class=\"internal_link\" rel=\"nofollow noopener\" target=\"_blank\">la victoire de Jonas Abrahamsen \u00e0 Toulouse<\/a> et la 6e position au g\u00e9n\u00e9ral de Tobias Johannessen. Mais, contrairement \u00e0 ses concurrentes, la formation norv\u00e9gienne ne participera pas \u00e0 la Vuelta (23 ao\u00fbt-14 septembre).<\/p>\n<p>Alors, Thor Hushovd veut tout donner sur les classiques de fin d&rsquo;\u00e9t\u00e9, notamment au Canada, o\u00f9 il esp\u00e8re compter sur son grimpeur Tobias Johannessen, \u00e0 qui le profil rwandais pourrait totalement correspondre. Et son voeu a \u00e9t\u00e9 exauc\u00e9: la f\u00e9d\u00e9ration norv\u00e9gienne de cyclisme a annonc\u00e9 sa s\u00e9lection ce vendredi soir. La nouvelle star norv\u00e9gienne ne sera pas du voyage, mais son co\u00e9quipier Andreas Leknessund d\u00e9fendra bien les couleurs de son pays aux c\u00f4t\u00e9s de Tobias Foss (Ineos Grenadiers), Johannes Staune-Mittet (Decathlon-Ag2r La Mondiale) et Embret Svestad-Bardseng (Arkea-B&amp;B Hotels).<\/p>\n","protected":false},"excerpt":{"rendered":"Face \u00e0 la difficult\u00e9 du parcours de la course en ligne, le directeur de l&rsquo;\u00e9quipe Uno-X Mobility et&hellip;\n","protected":false},"author":2,"featured_media":323102,"comment_status":"","ping_status":"","sticky":false,"template":"","format":"standard","meta":{"footnotes":""},"categories":[1411],"tags":[1154,207,1011,27,60],"class_list":{"0":"post-323101","1":"post","2":"type-post","3":"status-publish","4":"format-standard","5":"has-post-thumbnail","7":"category-cyclisme","8":"tag-cycling","9":"tag-cyclisme","10":"tag-fr","11":"tag-france","12":"tag-sports"},"share_on_mastodon":{"url":"https:\/\/pubeurope.com\/@fr\/115039060917056663","error":""},"_links":{"self":[{"href":"https:\/\/www.europesays.com\/fr\/wp-json\/wp\/v2\/posts\/323101","targetHints":{"allow":["GET"]}}],"collection":[{"href":"https:\/\/www.europesays.com\/fr\/wp-json\/wp\/v2\/posts"}],"about":[{"href":"https:\/\/www.europesays.com\/fr\/wp-json\/wp\/v2\/types\/post"}],"author":[{"embeddable":true,"href":"https:\/\/www.europesays.com\/fr\/wp-json\/wp\/v2\/users\/2"}],"replies":[{"embeddable":true,"href":"https:\/\/www.europesays.com\/fr\/wp-json\/wp\/v2\/comments?post=323101"}],"version-history":[{"count":0,"href":"https:\/\/www.europesays.com\/fr\/wp-json\/wp\/v2\/posts\/323101\/revisions"}],"wp:featuredmedia":[{"embeddable":true,"href":"https:\/\/www.europesays.com\/fr\/wp-json\/wp\/v2\/media\/323102"}],"wp:attachment":[{"href":"https:\/\/www.europesays.com\/fr\/wp-json\/wp\/v2\/media?parent=323101"}],"wp:term":[{"taxonomy":"category","embeddable":true,"href":"https:\/\/www.europesays.com\/fr\/wp-json\/wp\/v2\/categories?post=323101"},{"taxonomy":"post_tag","embeddable":true,"href":"https:\/\/www.europesays.com\/fr\/wp-json\/wp\/v2\/tags?post=323101"}],"curies":[{"name":"wp","href":"https:\/\/api.w.org\/{rel}","templated":true}]}}