{"id":323105,"date":"2025-08-16T15:06:11","date_gmt":"2025-08-16T15:06:11","guid":{"rendered":"https:\/\/www.europesays.com\/fr\/323105\/"},"modified":"2025-08-16T15:06:11","modified_gmt":"2025-08-16T15:06:11","slug":"ingrid-chauvin-un-crabe-accroche-a-son-sein-lactrice-a-vecu-un-moment-abominable-de-douleurs","status":"publish","type":"post","link":"https:\/\/www.europesays.com\/fr\/323105\/","title":{"rendered":"Ingrid Chauvin : un crabe accroch\u00e9 \u00e0 son sein, l\u2019actrice a v\u00e9cu un moment \u00ab\u00a0abominable de douleurs\u00a0\u00bb"},"content":{"rendered":"<p><strong>Figure incontournable des fictions diffus\u00e9es sur<br \/>\nTF1<\/strong>. Ingrid Chauvin incarne l&rsquo;un des personnages<br \/>\nprincipaux du feuilleton baptis\u00e9 <a href=\"https:\/\/www.telestar.fr\/serie_tv\/demain-nous-appartient-fred-est-pris-en-otage-laurie-jette-son-devolu-sur-damien-ce-qui-vous-attend-du-18-au-22-aout-1734954\" target=\"_blank\" rel=\"noopener\"><br \/>\nDemain nous appartient<\/a>. Depuis son lancement sur<br \/>\nl&rsquo;antenne de la premi\u00e8re cha\u00eene en 2017. Quelques ann\u00e9es plus t\u00f4t,<br \/>\nelle \u00e9tait l&rsquo;une des t\u00eates d&rsquo;affiche de la saga de l&rsquo;\u00e9t\u00e9 culte de<br \/>\nla premi\u00e8re cha\u00eene baptis\u00e9e <a href=\"https:\/\/www.closermag.fr\/people\/mort-d-yves-renier-l-hommage-tres-sobre-d-ingrid-chauvin-sa-partenaire-dans-dolmen-1296453\" target=\"_blank\" rel=\"noopener\"><br \/>\nDolmen<\/a>. Elle s&rsquo;est r\u00e9cemment confi\u00e9e \u00e0 ce sujet dans<br \/>\nles colonnes de T\u00e9l\u00e9-Loisirs.<\/p>\n<p>\u00ab\u00a0On sentait qu&rsquo;on \u00e9tait sur quelque chose d&rsquo;extraordinaire.<br \/>\nEt puis, <strong>tourner en Bretagne, \u00e7a cr\u00e9\u00e9 une ambiance<br \/>\nparticuli\u00e8re\u2026<\/strong> Mais les conditions n&rsquo;\u00e9taient pas simples,<br \/>\navec l&rsquo;humidit\u00e9 et le vent&#8230;\u00a0\u00bb, a premi\u00e8rement d\u00e9clar\u00e9<br \/>\n<a href=\"https:\/\/www.closermag.fr\/people\/ingrid-chauvin-a-quoi-ressemble-son-superbe-appartement-parisien-3569432\" target=\"_blank\" rel=\"noopener\"><br \/>\nIngrid Chauvin<\/a>. Par la suite, l&rsquo;actrice est revenu sur un<br \/>\nmoment particuli\u00e8rement qu&rsquo;elle a v\u00e9cu sur le tournage de cette<br \/>\ns\u00e9rie culte.<\/p>\n<p>Ingrid Chauvin : \u00ab\u00a0Dolmen est le plus beau souvenir de ma<br \/>\ncarri\u00e8re\u00a0\u00bb<\/p>\n<p>\u00ab\u00a0Une sc\u00e8ne dans une voiture o\u00f9 l&rsquo;on d\u00e9versait sur moi des<br \/>\npoubelles enti\u00e8res remplies de vrais crabes. <strong>J&rsquo;avais une<br \/>\ntoute petite robe d\u00e9collet\u00e9e.<\/strong> L&rsquo;un d&rsquo;eux s\u2019\u00e9tait accroch\u00e9<br \/>\n\u00e0 ma cuisse, un autre \u00e0 mon sein&#8230; C\u2019\u00e9tait abominable de<br \/>\ndouleurs\u00a0\u00bb, a ainsi r\u00e9v\u00e9l\u00e9 Ingrid Chauvin, qui ne s&rsquo;attendait<br \/>\npas du tout \u00e0 ce que Dolmen devienne aussi populaire<br \/>\naupr\u00e8s du public.<\/p>\n<p>\u00ab\u00a0J\u2019\u00e9tais la premi\u00e8re surprise ! \u00c0 l\u2019\u00e9poque, j\u2019\u00e9tais d&rsquo;une<br \/>\ntimidit\u00e9 maladive&#8230; <strong>Je n&rsquo;osais plus sortir de chez<br \/>\nmoi.<\/strong> Mais Dolmen est le plus beau souvenir de ma carri\u00e8re.<br \/>\nJ&rsquo;aimerais vraiment la montrer \u00e0 mon fils (Tom, 9 ans, ndlr) plus<br \/>\ntard\u00a0\u00bb, a notamment soulign\u00e9 l&rsquo;actrice. Pour rappel, entre 11<br \/>\net 13 millions de t\u00e9l\u00e9spectateurs ont suivi la s\u00e9rie port\u00e9e par<br \/>\nIngrid Chauvin tout au long de l&rsquo;\u00e9t\u00e9 2005 sur TF1.<\/p>\n<p>La saga de l&rsquo;\u00e9t\u00e9 culte de TF1 se<br \/>\nd\u00e9roulait sur une \u00eele fictive de Bretagne<\/p>\n<p>L&rsquo;histoire de Dolmen se d\u00e9roule \u00e0 Ty Kern, une \u00eele<br \/>\nfictive\u00a0de\u00a0Bretagne. Marie Kermeur, incarn\u00e9e \u00e0 l&rsquo;\u00e9cran par Ingrid<br \/>\nChauvin, est une jeune polici\u00e8re qui revient sur son \u00eele natale.<br \/>\nAfin d&rsquo;\u00e9pouser celui qu&rsquo;elle aime depuis son enfance Christian<br \/>\nBr\u00e9hat. Interpr\u00e9t\u00e9 par <a href=\"https:\/\/www.closermag.fr\/people\/ca-ma-permis-de-xavier-deluc-scientologue-depuis-35-ans-il-sen-explique-3494937\" target=\"_blank\" rel=\"noopener\"><br \/>\nXavier Deluc<\/a>. Sur Ty Kern, quatre familles sont li\u00e9es par des<br \/>\nrivalit\u00e9s et des secrets anciens. <strong>Les Kersaint, les Le<br \/>\nBihan, les P\u00e9rec et les Kermeur.<\/strong><\/p>\n<p>La veille des noces de Marie et de Christian. D&rsquo;\u00e9tranges<br \/>\n\u00e9v\u00e8nements se produisent, \u00e0 commencer par un cadavre de mouette<br \/>\nretrouv\u00e9 ensanglant\u00e9 dans le voile de mari\u00e9e de Marie. Depuis son<br \/>\nretour sur l&rsquo;\u00eele, la jeune femme est assaillie durant ses nuits par<br \/>\nun cauchemar sanglant qu&rsquo;elle n&rsquo;avait pas fait depuis son enfance.<br \/>\nEt qui refait \u00e9trangement surface. Son fr\u00e8re Gildas est retrouv\u00e9<br \/>\nmort au bas d&rsquo;une falaise. <strong>Et le sang de ce dernier se met<br \/>\n\u00e0 couler d&rsquo;un des menhirs<\/strong>.<\/p>\n","protected":false},"excerpt":{"rendered":"Figure incontournable des fictions diffus\u00e9es sur TF1. Ingrid Chauvin incarne l&rsquo;un des personnages principaux du feuilleton baptis\u00e9 Demain&hellip;\n","protected":false},"author":2,"featured_media":323106,"comment_status":"","ping_status":"","sticky":false,"template":"","format":"standard","meta":{"footnotes":""},"categories":[1359],"tags":[548,58,59,1011,27,973,199],"class_list":{"0":"post-323105","1":"post","2":"type-post","3":"status-publish","4":"format-standard","5":"has-post-thumbnail","7":"category-people","8":"tag-article-simple","9":"tag-divertissement","10":"tag-entertainment","11":"tag-fr","12":"tag-france","13":"tag-people","14":"tag-tf1"},"share_on_mastodon":{"url":"https:\/\/pubeurope.com\/@fr\/115039068745176667","error":""},"_links":{"self":[{"href":"https:\/\/www.europesays.com\/fr\/wp-json\/wp\/v2\/posts\/323105","targetHints":{"allow":["GET"]}}],"collection":[{"href":"https:\/\/www.europesays.com\/fr\/wp-json\/wp\/v2\/posts"}],"about":[{"href":"https:\/\/www.europesays.com\/fr\/wp-json\/wp\/v2\/types\/post"}],"author":[{"embeddable":true,"href":"https:\/\/www.europesays.com\/fr\/wp-json\/wp\/v2\/users\/2"}],"replies":[{"embeddable":true,"href":"https:\/\/www.europesays.com\/fr\/wp-json\/wp\/v2\/comments?post=323105"}],"version-history":[{"count":0,"href":"https:\/\/www.europesays.com\/fr\/wp-json\/wp\/v2\/posts\/323105\/revisions"}],"wp:featuredmedia":[{"embeddable":true,"href":"https:\/\/www.europesays.com\/fr\/wp-json\/wp\/v2\/media\/323106"}],"wp:attachment":[{"href":"https:\/\/www.europesays.com\/fr\/wp-json\/wp\/v2\/media?parent=323105"}],"wp:term":[{"taxonomy":"category","embeddable":true,"href":"https:\/\/www.europesays.com\/fr\/wp-json\/wp\/v2\/categories?post=323105"},{"taxonomy":"post_tag","embeddable":true,"href":"https:\/\/www.europesays.com\/fr\/wp-json\/wp\/v2\/tags?post=323105"}],"curies":[{"name":"wp","href":"https:\/\/api.w.org\/{rel}","templated":true}]}}