{"id":323107,"date":"2025-08-16T15:07:11","date_gmt":"2025-08-16T15:07:11","guid":{"rendered":"https:\/\/www.europesays.com\/fr\/323107\/"},"modified":"2025-08-16T15:07:11","modified_gmt":"2025-08-16T15:07:11","slug":"bagneres-de-bigorre-lhyperrealisme-au-service-de-lart-de-bruno-schmeltz","status":"publish","type":"post","link":"https:\/\/www.europesays.com\/fr\/323107\/","title":{"rendered":"Bagn\u00e8res-de-Bigorre. L\u2019hyperr\u00e9alisme au service de l\u2019art de Bruno Schmeltz"},"content":{"rendered":"<p>\n                                                                    l&rsquo;essentiel<br \/>\n                                                                Depuis bient\u00f4t deux mois, et ce jusqu\u2019en octobre prochain, certaines \u0153uvres du grand peintre sont expos\u00e9es au Casino de Bagn\u00e8res-de-Bigorre, en acc\u00e8s libre.\n                            <\/p>\n<p>Install\u00e9 depuis de nombreuses ann\u00e9es \u00e0 Campan, Bruno Schmeltz, n\u00e9 \u00e0 Toulouse d\u2019un p\u00e8re tarbais, a toujours port\u00e9 les Pyr\u00e9n\u00e9es au c\u0153ur. Son parcours artistique, guid\u00e9 d\u00e8s l\u2019enfance par une passion inn\u00e9e pour le dessin, le conduit \u00e0 une \u0153uvre d\u2019une rare intensit\u00e9.<\/p>\n<p>De ses d\u00e9buts comme copiste au Louvre \u00e0 l\u2019\u00e2ge de 17 ans, jusqu\u2019\u00e0 la reconnaissance par Pierre Cardin, le peintre a su imposer un style unique, marqu\u00e9 par une pr\u00e9cision extr\u00eame et une \u00e9motion palpable.<\/p>\n<p>La richesse d\u2019une vie :celle de son \u0153uvre<\/p>\n<p>Autodidacte exigeant, Bruno Schmeltz a poursuivi une qu\u00eate personnelle de perfection, loin des conventions. Insatisfait de l\u2019enseignement classique, il s\u2019est form\u00e9 seul aux techniques qui le m\u00e8neront \u00e0 l\u2019hyperr\u00e9alisme. Dans chacune de ses toiles, le moindre d\u00e9tail prend sens : un pli de peau, un regard, un geste suspendu\u2026 Rien n\u2019est artificiel, tout est justesse, tout est v\u00e9rit\u00e9. Son art ne cherche ni \u00e0 s\u00e9duire ni \u00e0 choquer, mais \u00e0 dire l\u2019essentiel, dans une langue picturale d\u2019une grande clart\u00e9.<\/p>\n<p>Ses tableaux sont des r\u00e9cits silencieux, empreints de po\u00e9sie, de travail, de r\u00eave et de vie. Ils nous touchent par leur force tranquille, leur densit\u00e9 humaine, leur beaut\u00e9 sensible. Ils interpellent sans bruit, simplement par la puissance du vrai.<\/p>\n<p>\u00c0 travers la mati\u00e8re peinte, on per\u00e7oit une pr\u00e9sence, une m\u00e9moire, une fid\u00e9lit\u00e9 \u00e0 ce qui fait l\u2019\u00e2me des \u00eatres et des lieux. C\u2019est cette fid\u00e9lit\u00e9-l\u00e0 qui fait de Bruno Schmeltz un artiste \u00e0 part, libre, profond\u00e9ment humain. Artiste aux multiples talents, il s\u2019est \u00e9galement illustr\u00e9 dans l\u2019art du vitrail, r\u00e9alisant notamment ceux de la cath\u00e9drale de Dakar et plus proche de nous, ceux de l\u2019\u00e9glise de Capvern-les-Bains. Une autre facette d\u2019un homme discret mais passionn\u00e9, toujours fid\u00e8le \u00e0 ses racines pyr\u00e9n\u00e9ennes, \u00e0 sa montagne, \u00e0 la lumi\u00e8re. Ce lien aux \u00e9l\u00e9ments, \u00e0 la nature, \u00e0 la verticalit\u00e9 des sommets, irrigue toute son \u0153uvre, m\u00eame dans ses sujets les plus intimes.<\/p>\n<p>Bagn\u00e8res-de-Bigorre c\u00e9l\u00e8bre le talent<\/p>\n<p>La ville de Bagn\u00e8res-de-Bigorre, fid\u00e8le \u00e0 son engagement en faveur de la culture et de la cr\u00e9ation artistique, a tenu \u00e0 faire d\u00e9couvrir l\u2019\u0153uvre monumentale de Bruno Schmeltz. Gr\u00e2ce au soutien actif de la municipalit\u00e9 et \u00e0 la mobilisation de ses services techniques, certaines de ses toiles les plus imposantes ont pu \u00eatre install\u00e9es dans les salons du casino, un lieu \u00e0 la hauteur de leur puissance visuelle et de leur dimension symbolique. Leurs grands formats, leur intensit\u00e9 r\u00e9aliste et leur pr\u00e9sence troublante offrent une v\u00e9ritable exp\u00e9rience au visiteur. Il ne s\u2019agit pas seulement d\u2019admirer, mais de rencontrer une \u0153uvre qui nous regarde autant que nous la regardons, qui nous touche par sa v\u00e9rit\u00e9. Cette exposition est plus qu\u2019une pr\u00e9sentation : c\u2019est un dialogue entre un artiste et un territoire, entre une sensibilit\u00e9 profonde et un public curieux. Elle honore un peintre de l\u2019essentiel, dont chaque \u0153uvre est un hommage vibrant, silencieux et sinc\u00e8re \u00e0 la vie.<\/p>\n","protected":false},"excerpt":{"rendered":"l&rsquo;essentiel Depuis bient\u00f4t deux mois, et ce jusqu\u2019en octobre prochain, certaines \u0153uvres du grand peintre sont expos\u00e9es au&hellip;\n","protected":false},"author":2,"featured_media":323108,"comment_status":"","ping_status":"","sticky":false,"template":"","format":"standard","meta":{"footnotes":""},"categories":[1358],"tags":[1348,1384,1385,1386,58,59,1011,27],"class_list":{"0":"post-323107","1":"post","2":"type-post","3":"status-publish","4":"format-standard","5":"has-post-thumbnail","7":"category-arts-et-design","8":"tag-arts","9":"tag-arts-and-design","10":"tag-arts-et-design","11":"tag-design","12":"tag-divertissement","13":"tag-entertainment","14":"tag-fr","15":"tag-france"},"share_on_mastodon":{"url":"https:\/\/pubeurope.com\/@fr\/115039072714602923","error":""},"_links":{"self":[{"href":"https:\/\/www.europesays.com\/fr\/wp-json\/wp\/v2\/posts\/323107","targetHints":{"allow":["GET"]}}],"collection":[{"href":"https:\/\/www.europesays.com\/fr\/wp-json\/wp\/v2\/posts"}],"about":[{"href":"https:\/\/www.europesays.com\/fr\/wp-json\/wp\/v2\/types\/post"}],"author":[{"embeddable":true,"href":"https:\/\/www.europesays.com\/fr\/wp-json\/wp\/v2\/users\/2"}],"replies":[{"embeddable":true,"href":"https:\/\/www.europesays.com\/fr\/wp-json\/wp\/v2\/comments?post=323107"}],"version-history":[{"count":0,"href":"https:\/\/www.europesays.com\/fr\/wp-json\/wp\/v2\/posts\/323107\/revisions"}],"wp:featuredmedia":[{"embeddable":true,"href":"https:\/\/www.europesays.com\/fr\/wp-json\/wp\/v2\/media\/323108"}],"wp:attachment":[{"href":"https:\/\/www.europesays.com\/fr\/wp-json\/wp\/v2\/media?parent=323107"}],"wp:term":[{"taxonomy":"category","embeddable":true,"href":"https:\/\/www.europesays.com\/fr\/wp-json\/wp\/v2\/categories?post=323107"},{"taxonomy":"post_tag","embeddable":true,"href":"https:\/\/www.europesays.com\/fr\/wp-json\/wp\/v2\/tags?post=323107"}],"curies":[{"name":"wp","href":"https:\/\/api.w.org\/{rel}","templated":true}]}}