{"id":323109,"date":"2025-08-16T15:08:09","date_gmt":"2025-08-16T15:08:09","guid":{"rendered":"https:\/\/www.europesays.com\/fr\/323109\/"},"modified":"2025-08-16T15:08:09","modified_gmt":"2025-08-16T15:08:09","slug":"patrick-vincelet-signe-un-essai-a-decouvrir-au-salon-du-livre-ce-dimanche-17-aout-2025","status":"publish","type":"post","link":"https:\/\/www.europesays.com\/fr\/323109\/","title":{"rendered":"Patrick Vincelet signe un essai \u00e0 d\u00e9couvrir au salon du livre ce dimanche 17 ao\u00fbt 2025"},"content":{"rendered":"<p>            Par<br \/>\n        <strong><br \/>\n            <a href=\"https:\/\/actu.fr\/auteur\/francois-lefebvre\" title=\"Consulter tous les articles de Fran\u00e7ois Lefebvre\" rel=\"nofollow noopener\" target=\"_blank\">Fran\u00e7ois Lefebvre<\/a><br \/>\n        <\/strong><\/p>\n<p>        Publi\u00e9 le<\/p>\n<p>            16 ao\u00fbt 2025 \u00e0 17h00        <\/p>\n<p><b>Dimanche 17 ao\u00fbt 2025<\/b> a lieu le <b>salon du livre <\/b>de <a href=\"https:\/\/actu.fr\/normandie\/cormeilles_27170\" rel=\"nofollow noopener\" target=\"_blank\">Cormeilles<\/a> (Eure). Parmi les auteurs pr\u00e9sents, <a href=\"https:\/\/actu.fr\/normandie\/lieurey_27367\/patrick-vincelet-lecrivain-aux-mille-vies-qui-nous-raconte-lauthentique-histoire-dune-vendetta-moderne_61466161.html\" rel=\"nofollow noopener\" target=\"_blank\">Patrick Vincelet<\/a>, ethnopsychiatre, un <b>psychiatre sp\u00e9cialiste des civilisations<\/b>. Cet auteur publie un essai \u00ab Les gens du peu, les gens de peu et l\u2019anorexie soci\u00e9tale. \u00bb<\/p>\n<p class=\" wall-content\">Ce livre prend comme point de d\u00e9part le<b> mouvement des<\/b> <b>Gilets jaunes<\/b>, un \u00e9pisode marquant pour Patrick Vincelet. Pour l\u2019auteur, les Gilets jaunes \u00e9taient \u00ab des gens du peu \u00bb, qui protestaient contre la vie ch\u00e8re et les salaires bas.<\/p>\n<blockquote class=\"ac-article-quote wall-content\">\n<p>Les Gilets jaunes ont mis en \u00e9vidence le fait qu\u2019on ne peut pas vivre avec aussi peu d\u2019argent.<\/p>\n<p>Patrick Vincelet<\/p><\/blockquote>\n<p class=\" wall-content\">Ce livre est pour eux un soutien inconditionnel.<\/p>\n<p>Un pamphlet contre \u00ab\u00a0les gens de peu\u00a0\u00bb<\/p>\n<p class=\" wall-content\">En contrepoint des Gilets jaunes, Patrick Vincelet a caract\u00e9ris\u00e9 une autre sociologie : la masse de tous ceux qui se satisfont de ce qu\u2019ils ont et qui pourtant ont bien peu. Ce livre est un peu un <b>pamphlet <\/b>contre ceux-l\u00e0, \u00ab les gens de peu \u00bb. Ce sont ceux qui int\u00e9riorisent passivement leur condition, avalent tout, acceptent tout.<\/p>\n<p>Vid\u00e9os : en ce moment sur Actu<\/p>\n<p class=\" wall-content\">Ils ont en commun une certaine m\u00e9diocrit\u00e9 et un conformisme social. Un <b>panurgisme <\/b>qui les a fait renoncer \u00e0 une vie selon leurs souhaits. Ils n\u2019ont plus faim, n\u2019ont plus d\u2019envie. D\u2019o\u00f9 cette expression d\u2019\u00ab <b>anorexie soci\u00e9tale<\/b> \u00bb, comparaison qui est volontairement choquante, marquante sous la plume de Patrick Vincelet.<\/p>\n<p>Le salon du livre de Cormeilles se tient ce dimanche 17 ao\u00fbt 2025, de 9 h \u00e0 17 h, place Charles-de-Gaulle.<\/p>\n<p class=\" wall-content\">Suivez toute l\u2019actualit\u00e9 de vos villes et m\u00e9dias favoris en vous inscrivant \u00e0 <a href=\"https:\/\/moncompte.actu.fr\" title=\"D\u00e9couvez Mon Actu\" rel=\"nofollow noopener\" data-trk=\"{&quot;cta&quot;:{&quot;action&quot;:&quot;https:\\\/\\\/moncompte.actu.fr&quot;,&quot;category&quot;:&quot;mon compte&quot;,&quot;from&quot;:&quot;article footer&quot;,&quot;name&quot;:&quot;Mon actu&quot;,&quot;type&quot;:&quot;cta&quot;}}\" target=\"_blank\">Mon Actu<\/a>.<\/p>\n","protected":false},"excerpt":{"rendered":"Par Fran\u00e7ois Lefebvre Publi\u00e9 le 16 ao\u00fbt 2025 \u00e0 17h00 Dimanche 17 ao\u00fbt 2025 a lieu le salon&hellip;\n","protected":false},"author":2,"featured_media":323110,"comment_status":"","ping_status":"","sticky":false,"template":"","format":"standard","meta":{"footnotes":""},"categories":[1357],"tags":[1379,58,59,1011,27,1380,1652],"class_list":{"0":"post-323109","1":"post","2":"type-post","3":"status-publish","4":"format-standard","5":"has-post-thumbnail","7":"category-livres","8":"tag-books","9":"tag-divertissement","10":"tag-entertainment","11":"tag-fr","12":"tag-france","13":"tag-livres","14":"tag-loisirs-culture"},"share_on_mastodon":{"url":"https:\/\/pubeurope.com\/@fr\/115039077086612067","error":""},"_links":{"self":[{"href":"https:\/\/www.europesays.com\/fr\/wp-json\/wp\/v2\/posts\/323109","targetHints":{"allow":["GET"]}}],"collection":[{"href":"https:\/\/www.europesays.com\/fr\/wp-json\/wp\/v2\/posts"}],"about":[{"href":"https:\/\/www.europesays.com\/fr\/wp-json\/wp\/v2\/types\/post"}],"author":[{"embeddable":true,"href":"https:\/\/www.europesays.com\/fr\/wp-json\/wp\/v2\/users\/2"}],"replies":[{"embeddable":true,"href":"https:\/\/www.europesays.com\/fr\/wp-json\/wp\/v2\/comments?post=323109"}],"version-history":[{"count":0,"href":"https:\/\/www.europesays.com\/fr\/wp-json\/wp\/v2\/posts\/323109\/revisions"}],"wp:featuredmedia":[{"embeddable":true,"href":"https:\/\/www.europesays.com\/fr\/wp-json\/wp\/v2\/media\/323110"}],"wp:attachment":[{"href":"https:\/\/www.europesays.com\/fr\/wp-json\/wp\/v2\/media?parent=323109"}],"wp:term":[{"taxonomy":"category","embeddable":true,"href":"https:\/\/www.europesays.com\/fr\/wp-json\/wp\/v2\/categories?post=323109"},{"taxonomy":"post_tag","embeddable":true,"href":"https:\/\/www.europesays.com\/fr\/wp-json\/wp\/v2\/tags?post=323109"}],"curies":[{"name":"wp","href":"https:\/\/api.w.org\/{rel}","templated":true}]}}