{"id":32311,"date":"2025-04-17T19:06:15","date_gmt":"2025-04-17T19:06:15","guid":{"rendered":"https:\/\/www.europesays.com\/fr\/32311\/"},"modified":"2025-04-17T19:06:15","modified_gmt":"2025-04-17T19:06:15","slug":"saint-pierre-et-miquelon-riposte-avec-humour-a-wauquiez-qui-veut-y-deporter-les-personnes-sous-oqtf-liberation","status":"publish","type":"post","link":"https:\/\/www.europesays.com\/fr\/32311\/","title":{"rendered":"Saint-Pierre-et-Miquelon riposte avec humour \u00e0 Wauquiez qui veut y d\u00e9porter les personnes sous OQTF \u2013 Lib\u00e9ration"},"content":{"rendered":"<p class=\"sc-cPiKLX AiZTS text-element\">\u00abOn Quitte Tout Facilement\u00bb pour Saint-Pierre-et-Miquelon\u00a0: une semaine apr\u00e8s <a href=\"https:\/\/www.liberation.fr\/politique\/wauquiez-veut-deporter-les-etrangers-dangereux-sous-oqtf-a-saint-pierre-et-miquelon-valls-sindigne-20250408_UFCYY4Y3WBG7BDBD44PHIHS24E\/\" target=\"_blank\" rel=\"noopener\">la proposition pol\u00e9mique de Laurent Wauquiez<\/a> d\u2019installer un centre de r\u00e9tention pour \u00e9trangers sous OQTF dans l\u2019archipel, la collectivit\u00e9 territoriale a r\u00e9pondu ce mardi 15\u00a0avril avec une campagne d\u2019attractivit\u00e9 teint\u00e9e d\u2019ironie.<\/p>\n<p class=\"sc-cPiKLX AiZTS text-element\">Intitul\u00e9e \u00abSaint-Pierre-et-Miquelon\u00a0: 146 jours de pluie, 365 jours de bonheur\u00bb, cette initiative vante les m\u00e9rites de la vie locale, au large des c\u00f4tes canadiennes, mettant en avant \u00abun territoire en plein emploi, une s\u00e9curit\u00e9 forte, une nature exceptionnelle et un cadre de vie apais\u00e9\u00bb.<\/p>\n<p class=\"sc-cPiKLX AiZTS text-element\"><a href=\"https:\/\/www.liberation.fr\/politique\/envoyer-les-oqtf-a-saint-pierre-et-miquelon-retailleau-juge-deroutante-la-proposition-de-wauquiez-20250410_4Q2ZWLM3Q5BFZLCOSL2AUIPF6M\/\" target=\"_blank\" rel=\"noopener\">Jouant sur l\u2019acronyme OQTF<\/a> &#8211; pour Obligation de quitter le territoire fran\u00e7ais -, la collectivit\u00e9 propose de le r\u00e9interpr\u00e9ter de mani\u00e8re positive\u00a0: \u00abOn Quitte Tout Facilement\u00bb pour vivre \u00e0 Saint-Pierre-et-Miquelon, \u00abOn vient en Qu\u00eate de Tranquillit\u00e9 Familiale\u00bb, ou encore \u00abOuvriers Qualifi\u00e9s pour Travailler dans le Froid\u00bb.<\/p>\n<p class=\"sc-cPiKLX AiZTS text-element\">\u00abEnvoyer quelqu\u2019un ici pour le punir, c\u2019est comme exiler un peintre dans la lumi\u00e8re, un po\u00e8te dans le silence, un amoureux dans la beaut\u00e9\u00bb, souligne le communiqu\u00e9 accompagnant cette campagne, qui invite \u00e0 d\u00e9couvrir l\u2019archipel non pas comme une terre d\u2019exil, mais comme un lieu de renaissance.<\/p>\n<p class=\"sc-cPiKLX AiZTS text-element\">\u00abNotre territoire a subi deux\u00a0\u2018\u2018bad buzz\u2019\u2019\u00a0en deux semaines\u00a0: on a d\u2019abord eu <a href=\"https:\/\/www.liberation.fr\/checknews\/droits-de-douane-americains-saint-pierre-et-miquelon-et-la-reunion-vont-ils-vraiment-etre-surtaxes-20250406_UWFGMG7TCZDEBLTHXEZNNZI53E\/\" target=\"_blank\" rel=\"noopener\">les droits de douane de Donald Trump<\/a>, puis Laurent Wauquiez. Donc on s\u2019est dit qu\u2019il fallait sortir de toute cette communication n\u00e9gative pour valoriser notre territoire, le faire conna\u00eetre\u00bb, a expliqu\u00e9 \u00e0 l\u2019AFP l\u2019entourage du pr\u00e9sident du conseil territorial Bernard Briand.<\/p>\n<p class=\"sc-cPiKLX AiZTS text-element\">\u00abIci, tout est \u00e0 proximit\u00e9, l\u2019ins\u00e9curit\u00e9 n\u2019existe pas, la nature est \u00e0 200 m\u00e8tres et le rythme de vie est assez canadien\u00bb, a-t-on poursuivi dans cette collectivit\u00e9 de 6\u00a0000 habitants, mettant en avant une qualit\u00e9 de vie propice \u00e0 la \u00abslow life\u00bb. Un site internet d\u00e9di\u00e9 (vivre-a-spm.fr) accompagne cette strat\u00e9gie d\u2019attractivit\u00e9.<\/p>\n<p class=\"sc-cPiKLX AiZTS text-element\">Pr\u00e9sident du groupe Les R\u00e9publicains \u00e0 l\u2019Assembl\u00e9e nationale,<a href=\"https:\/\/www.liberation.fr\/politique\/bataille-pour-la-presidence-des-republicains-laurent-wauquiez-et-bruno-retailleau-ennemis-de-linterieur-20250328_ZZFPI6GH6RG4RICAPV37YS27DA\/\" target=\"_blank\" rel=\"noopener\"> Laurent Wauquiez<\/a> avait propos\u00e9, dans un entretien au journal bollor\u00e9en JDNews, \u00abd\u2019enfermer\u00bb \u00e0 Saint-Pierre-et-Miquelon les personnes dangereuses sous obligation de quitter le territoire (OQTF) refusant de retourner dans leur pays.<\/p>\n<p class=\"sc-cPiKLX AiZTS text-element\">\u00abIl fait 5\u00a0\u00b0C de moyenne pendant l\u2019ann\u00e9e, 146\u00a0jours de pluie et de neige. Je pense qu\u2019assez rapidement, \u00e7a va amener tout le monde \u00e0 r\u00e9fl\u00e9chir\u00bb, avait-il d\u00e9clar\u00e9, provoquant un toll\u00e9 et suscitant des r\u00e9actions jusque dans les rangs de sa propre famille politique.<\/p>\n","protected":false},"excerpt":{"rendered":"\u00abOn Quitte Tout Facilement\u00bb pour Saint-Pierre-et-Miquelon\u00a0: une semaine apr\u00e8s la proposition pol\u00e9mique de Laurent Wauquiez d\u2019installer un centre&hellip;\n","protected":false},"author":2,"featured_media":32312,"comment_status":"","ping_status":"","sticky":false,"template":"","format":"standard","meta":{"footnotes":""},"categories":[4],"tags":[11,1011,27,1061,5639,3228,12,25,7902],"class_list":{"0":"post-32311","1":"post","2":"type-post","3":"status-publish","4":"format-standard","5":"has-post-thumbnail","7":"category-france","8":"tag-actualites","9":"tag-fr","10":"tag-france","11":"tag-immigration","12":"tag-laurent-wauquiez","13":"tag-lr","14":"tag-news","15":"tag-republique-francaise","16":"tag-saint-pierre-et-miquelon"},"share_on_mastodon":{"url":"https:\/\/pubeurope.com\/@fr\/114354872877410407","error":""},"_links":{"self":[{"href":"https:\/\/www.europesays.com\/fr\/wp-json\/wp\/v2\/posts\/32311","targetHints":{"allow":["GET"]}}],"collection":[{"href":"https:\/\/www.europesays.com\/fr\/wp-json\/wp\/v2\/posts"}],"about":[{"href":"https:\/\/www.europesays.com\/fr\/wp-json\/wp\/v2\/types\/post"}],"author":[{"embeddable":true,"href":"https:\/\/www.europesays.com\/fr\/wp-json\/wp\/v2\/users\/2"}],"replies":[{"embeddable":true,"href":"https:\/\/www.europesays.com\/fr\/wp-json\/wp\/v2\/comments?post=32311"}],"version-history":[{"count":0,"href":"https:\/\/www.europesays.com\/fr\/wp-json\/wp\/v2\/posts\/32311\/revisions"}],"wp:featuredmedia":[{"embeddable":true,"href":"https:\/\/www.europesays.com\/fr\/wp-json\/wp\/v2\/media\/32312"}],"wp:attachment":[{"href":"https:\/\/www.europesays.com\/fr\/wp-json\/wp\/v2\/media?parent=32311"}],"wp:term":[{"taxonomy":"category","embeddable":true,"href":"https:\/\/www.europesays.com\/fr\/wp-json\/wp\/v2\/categories?post=32311"},{"taxonomy":"post_tag","embeddable":true,"href":"https:\/\/www.europesays.com\/fr\/wp-json\/wp\/v2\/tags?post=32311"}],"curies":[{"name":"wp","href":"https:\/\/api.w.org\/{rel}","templated":true}]}}