{"id":323111,"date":"2025-08-16T15:09:18","date_gmt":"2025-08-16T15:09:18","guid":{"rendered":"https:\/\/www.europesays.com\/fr\/323111\/"},"modified":"2025-08-16T15:09:18","modified_gmt":"2025-08-16T15:09:18","slug":"mercredi-saison-2-6-series-a-voir-en-attendant-la-suite-sur-netflix","status":"publish","type":"post","link":"https:\/\/www.europesays.com\/fr\/323111\/","title":{"rendered":"Mercredi saison 2 : 6 s\u00e9ries \u00e0 voir en attendant la suite sur Netflix"},"content":{"rendered":"<p>Vous avez d\u00e9j\u00e0 englouti les 4 premiers \u00e9pisodes de la saison 2 de Mercredi et vous attendez d\u00e9sesp\u00e9r\u00e9ment la suite ? Pas de panique : voici justement 6 s\u00e9ries similaires \u00e0 d\u00e9couvrir en streaming.<\/p>\n<p>Quatre \u00e9pisodes, c\u2019est court. Voil\u00e0 pourtant le funeste cadeau dont les fans de <a href=\"https:\/\/www.numerama.com\/series-tv\/mercredi-wednesday\/\" data-type=\"tv-shows\" data-id=\"1187754\" target=\"_blank\" rel=\"noopener\">Mercredi<\/a> ont d\u00fb se contenter. La premi\u00e8re partie de <a href=\"https:\/\/www.numerama.com\/pop-culture\/1788112-mercredi-saison-2-sur-netflix-tout-savoir-sur-la-serie-avec-jenna-ortega.html\" target=\"_blank\" rel=\"noopener\">la saison 2<\/a> a ainsi \u00e9t\u00e9 mise en ligne le 6 ao\u00fbt 2025 sur Netflix, <a href=\"https:\/\/www.numerama.com\/pop-culture\/2053925-la-saison-2-de-mercredi-vient-deja-de-detroner-la-saison-1.html\" target=\"_blank\" rel=\"noopener\">explosant d\u00e9j\u00e0 de nombreux records<\/a>.<\/p>\n<p>Si vous vous sentez orphelins apr\u00e8s avoir d\u00e9vor\u00e9 ces premiers chapitres, et que vous attendez avec impatience la suite, qui sera d\u00e9voil\u00e9e le 3 septembre, voici 6 s\u00e9ries comme Mercredi \u00e0 consommer sans mod\u00e9ration, sur <a href=\"https:\/\/www.numerama.com\/pop-culture\/138414-netflix-ou-canalplay-comparatif-des-offres-de-streaming.html\" data-type=\"post\" data-id=\"138414\" target=\"_blank\" rel=\"noopener\">les plateformes de streaming<\/a>.<\/p>\n<p>    Pour aller plus loin<\/p>\n<p>                <img decoding=\"async\" width=\"87\" height=\"87\" loading=\"lazy\" alt=\"Ast\u00e9rix et Ob\u00e9lix : Le Combat des chefs \/\/ Source : Netflix\" title=\"Ast\u00e9rix et Ob\u00e9lix : Le Combat des chefs \/\/ Source : Netflix\" class=\"placeholder-default wp-image\" src=\"https:\/\/www.europesays.com\/fr\/wp-content\/uploads\/2025\/08\/65-still-asterix-potion-jpg-200x200.jpg\" \/>            <\/p>\n<p>Les Nouvelles Aventures de Sabrina sur Netflix<\/p>\n<p>Un univers gothique \u00e0 souhaits, un soup\u00e7on de magie, des adolescents en apparence ordinaires et quelques frissons au passage : Mercredi poss\u00e8de de nombreux points communs avec <a href=\"https:\/\/www.numerama.com\/series-tv\/les-nouvelles-aventures-de-sabrina\/\" target=\"_blank\" rel=\"noopener\">Les Nouvelles Aventures de Sabrina<\/a>, qui pourrait \u00eatre sa grande s\u0153ur dans une autre vie. Comme son nom l\u2019indique, on y rencontre Sabrina Spellman, une apprentie sorci\u00e8re qui doit affronter des forces mal\u00e9fiques mena\u00e7ant le monde.<\/p>\n<p>Parmi elles, se trouve l\u2019\u00eatre diabolique supr\u00eame : Satan lui-m\u00eame, qui cherche \u00e0 recruter la lyc\u00e9enne. Pendant deux saisons, la s\u00e9rie Netflix a ainsi d\u00e9velopp\u00e9 son univers fun et l\u00e9g\u00e8rement horrifique, proche de celui de Mercredi et qui poss\u00e8de m\u00eame un lien avec celui de <a href=\"https:\/\/www.numerama.com\/series-tv\/riverdale\/\" data-type=\"tv-shows\" data-id=\"1322012\" target=\"_blank\" rel=\"noopener\">Riverdale<\/a>. Un petit plaisir coupable, dont on ne se lasse pas.<\/p>\n<\/p>\n<p>            Ce contenu est bloqu\u00e9 car vous n\u2019avez pas accept\u00e9 les cookies et autres traceurs. Ce contenu est fourni par YouTube.<br \/>Pour pouvoir le visualiser, vous devez accepter l\u2019usage \u00e9tant op\u00e9r\u00e9 par YouTube avec vos donn\u00e9es qui pourront \u00eatre utilis\u00e9es pour les finalit\u00e9s suivantes : vous permettre de visualiser et de partager des contenus avec des m\u00e9dias sociaux, favoriser le d\u00e9veloppement et l\u2019am\u00e9lioration des produits d\u2019Humanoid et de ses partenaires, vous afficher des publicit\u00e9s personnalis\u00e9es par rapport \u00e0 votre profil et activit\u00e9, vous d\u00e9finir un profil publicitaire personnalis\u00e9, mesurer la performance des publicit\u00e9s et du contenu de ce site et mesurer l\u2019audience de ce site <a href=\"#\" class=\"js-privacy\" target=\"_blank\">(en savoir plus)<\/a>        <\/p>\n<p>            En cliquant sur \u00ab J\u2019accepte tout \u00bb, vous consentez aux finalit\u00e9s susmentionn\u00e9es pour l\u2019ensemble des cookies et autres traceurs d\u00e9pos\u00e9s par Humanoid et <a class=\"embed-consent-overlay-vendors-link\" href=\"#preferences-vendeurs\">ses partenaires<\/a>.        <\/p>\n<p>            Vous gardez la possibilit\u00e9 de retirer votre consentement \u00e0 tout moment. Pour plus d\u2019informations, nous vous invitons \u00e0 prendre connaissance de notre <a href=\"https:\/\/www.numerama.com\/politique-cookies\" target=\"_blank\" rel=\"noopener\">Politique cookies<\/a>.        <\/p>\n<p>        J\u2019accepte tout    <\/p>\n<p class=\"embed-consent-overlay-manage-choices\">        <a href=\"#preferences-publicitaires\">G\u00e9rer mes choix<\/a>    <\/p>\n<p>                        <a href=\"https:\/\/www.numerama.com\/series-tv\/les-nouvelles-aventures-de-sabrina\/\" class=\"is-block\" target=\"_blank\" rel=\"noopener\"><br \/>\n                            <img decoding=\"async\" width=\"350\" height=\"210\" loading=\"lazy\" alt=\"Les Nouvelles aventures de Sabrina \/\/ Source : Diyah Pera\/Netflix\" title=\"Les Nouvelles aventures de Sabrina \/\/ Source : Diyah Pera\/Netflix\" class=\"is-block is-radiused placeholder-default wp-image\" src=\"https:\/\/www.europesays.com\/fr\/wp-content\/uploads\/2025\/08\/baaaa-680x383.jpg\" \/>                        <\/a><\/p>\n<p>Meurtre mode d\u2019emploi sur Netflix<\/p>\n<p>Jenna Ortega brille de mille feux dans Mercredi, cela ne fait aucun doute. Mais \u00e0 ses c\u00f4t\u00e9s, se trouve une autre \u00e9toile montante : Emma Myers, l\u2019interpr\u00e8te d\u2019Enid. Pour retrouver son regard malicieux et son courage \u00e0 toute \u00e9preuve, nous vous conseillons vivement de plonger dans la saison 1 de <a href=\"https:\/\/www.numerama.com\/series-tv\/meurtre-mode-demploi\/\" target=\"_blank\" rel=\"noopener\">Meurtre mode d\u2019emploi<\/a>, dans laquelle elle incarne une d\u00e9tective en herbe.<\/p>\n<p>Fascin\u00e9e par un fait-divers survenu dans son petit village anglais, cinq ans plus t\u00f4t, l\u2019h\u00e9ro\u00efne d\u00e9cide alors de rouvrir l\u2019enqu\u00eate, \u00e0 sa fa\u00e7on. Elle s\u2019embarque \u00e9videmment dans de dangereuses aventures, et va m\u00eame r\u00e9v\u00e9ler de nombreux secrets bien enfouis. Meurtre mode d\u2019emploi est <a href=\"https:\/\/www.numerama.com\/pop-culture\/1786208-serie-meurtre-mode-demploi-netflix-fidele-livre-original.html\" target=\"_blank\" rel=\"noopener\">une excellente adaptation de la saga d\u2019Holly Jackson<\/a>, en seulement 6 petits \u00e9pisodes. Et bonne nouvelle : une saison 2 est d\u00e9j\u00e0 sur les rails. <\/p>\n<\/p>\n<p>            Ce contenu est bloqu\u00e9 car vous n\u2019avez pas accept\u00e9 les cookies et autres traceurs. Ce contenu est fourni par YouTube.<br \/>Pour pouvoir le visualiser, vous devez accepter l\u2019usage \u00e9tant op\u00e9r\u00e9 par YouTube avec vos donn\u00e9es qui pourront \u00eatre utilis\u00e9es pour les finalit\u00e9s suivantes : vous permettre de visualiser et de partager des contenus avec des m\u00e9dias sociaux, favoriser le d\u00e9veloppement et l\u2019am\u00e9lioration des produits d\u2019Humanoid et de ses partenaires, vous afficher des publicit\u00e9s personnalis\u00e9es par rapport \u00e0 votre profil et activit\u00e9, vous d\u00e9finir un profil publicitaire personnalis\u00e9, mesurer la performance des publicit\u00e9s et du contenu de ce site et mesurer l\u2019audience de ce site <a href=\"#\" class=\"js-privacy\" target=\"_blank\">(en savoir plus)<\/a>        <\/p>\n<p>            En cliquant sur \u00ab J\u2019accepte tout \u00bb, vous consentez aux finalit\u00e9s susmentionn\u00e9es pour l\u2019ensemble des cookies et autres traceurs d\u00e9pos\u00e9s par Humanoid et <a class=\"embed-consent-overlay-vendors-link\" href=\"#preferences-vendeurs\">ses partenaires<\/a>.        <\/p>\n<p>            Vous gardez la possibilit\u00e9 de retirer votre consentement \u00e0 tout moment. Pour plus d\u2019informations, nous vous invitons \u00e0 prendre connaissance de notre <a href=\"https:\/\/www.numerama.com\/politique-cookies\" target=\"_blank\" rel=\"noopener\">Politique cookies<\/a>.        <\/p>\n<p>        J\u2019accepte tout    <\/p>\n<p class=\"embed-consent-overlay-manage-choices\">        <a href=\"#preferences-publicitaires\">G\u00e9rer mes choix<\/a>    <\/p>\n<p>                        <a href=\"https:\/\/www.numerama.com\/series-tv\/meurtre-mode-demploi\/\" class=\"is-block\" target=\"_blank\" rel=\"noopener\"><br \/>\n                            <img decoding=\"async\" width=\"350\" height=\"210\" loading=\"lazy\" alt=\"Meurtre mode d'emploi \/\/ Source : Sally Mais\/Netflix\" title=\"Meurtre mode d'emploi \/\/ Source : Sally Mais\/Netflix\" class=\"is-block is-radiused placeholder-default wp-image\" src=\"https:\/\/www.europesays.com\/fr\/wp-content\/uploads\/2025\/08\/b9762cc10e43b3ebfd50f2ddbcf8d3a1jpg-r-1920-1080-f-jpg-q-x-xxyxx-680x383.jpg\" \/>                        <\/a><\/p>\n<p>Stranger Things sur Netflix<\/p>\n<p>Le grand retour de Mercredi pour une saison 2 constitue assur\u00e9ment l\u2019un des \u00e9v\u00e8nements s\u00e9riels de l\u2019ann\u00e9e 2025. Mais elle fait aussi face \u00e0 un s\u00e9rieux concurrent : l\u2019ultime chapitre de <a href=\"https:\/\/www.numerama.com\/series-tv\/stranger-things\/\" data-type=\"link\" data-id=\"https:\/\/www.numerama.com\/series-tv\/stranger-things\/\" target=\"_blank\" rel=\"noopener\">Stranger Things<\/a>, qui sera mis en ligne \u00e0 partir du 27 novembre sur Netflix. En attendant <a href=\"https:\/\/www.numerama.com\/pop-culture\/1839524-stranger-things-quand-sort-la-saison-5-de-la-serie-netflix.html\" data-type=\"post\" data-id=\"1839524\" target=\"_blank\" rel=\"noopener\">cette saison 5, qui signera la fin de cette s\u00e9rie extr\u00eamement populaire<\/a>, il est toujours temps de visiter \u00e0 nouveau Hawkins, le temps d\u2019un dernier voyage.<\/p>\n<p>Comme Mercredi, Stranger Things navigue en permanence entre l\u2019horreur, le fantastique, le teen drama et la com\u00e9die, en mettant en sc\u00e8ne une bande d\u2019adolescents qui d\u00e9couvre l\u2019existence d\u2019une myst\u00e9rieuse jeune fille dans la for\u00eat. Cette rencontre va compl\u00e8tement bouleverser leur quotidien, alors que d\u2019\u00e9tranges ph\u00e9nom\u00e8nes commencent \u00e0 se produire, tout autour d\u2019eux. Rien qu\u2019\u00e0 l\u2019\u00e9criture de ces lignes, nous avons d\u00e9j\u00e0 envie de retrouver, nous aussi, <a href=\"https:\/\/www.numerama.com\/pop-culture\/2047789-mercredi-saison-2-ces-10-ados-bizarres-de-series-qui-sont-devenus-des-icones.html\" target=\"_blank\" rel=\"noopener\">Will, Mike, Dustin, Eleven, Max, Steve et les autres personnages si attachants de cette s\u00e9rie culte<\/a>.<\/p>\n<\/p>\n<p>            Ce contenu est bloqu\u00e9 car vous n\u2019avez pas accept\u00e9 les cookies et autres traceurs. Ce contenu est fourni par YouTube.<br \/>Pour pouvoir le visualiser, vous devez accepter l\u2019usage \u00e9tant op\u00e9r\u00e9 par YouTube avec vos donn\u00e9es qui pourront \u00eatre utilis\u00e9es pour les finalit\u00e9s suivantes : vous permettre de visualiser et de partager des contenus avec des m\u00e9dias sociaux, favoriser le d\u00e9veloppement et l\u2019am\u00e9lioration des produits d\u2019Humanoid et de ses partenaires, vous afficher des publicit\u00e9s personnalis\u00e9es par rapport \u00e0 votre profil et activit\u00e9, vous d\u00e9finir un profil publicitaire personnalis\u00e9, mesurer la performance des publicit\u00e9s et du contenu de ce site et mesurer l\u2019audience de ce site <a href=\"#\" class=\"js-privacy\" target=\"_blank\">(en savoir plus)<\/a>        <\/p>\n<p>            En cliquant sur \u00ab J\u2019accepte tout \u00bb, vous consentez aux finalit\u00e9s susmentionn\u00e9es pour l\u2019ensemble des cookies et autres traceurs d\u00e9pos\u00e9s par Humanoid et <a class=\"embed-consent-overlay-vendors-link\" href=\"#preferences-vendeurs\">ses partenaires<\/a>.        <\/p>\n<p>            Vous gardez la possibilit\u00e9 de retirer votre consentement \u00e0 tout moment. Pour plus d\u2019informations, nous vous invitons \u00e0 prendre connaissance de notre <a href=\"https:\/\/www.numerama.com\/politique-cookies\" target=\"_blank\" rel=\"noopener\">Politique cookies<\/a>.        <\/p>\n<p>        J\u2019accepte tout    <\/p>\n<p class=\"embed-consent-overlay-manage-choices\">        <a href=\"#preferences-publicitaires\">G\u00e9rer mes choix<\/a>    <\/p>\n<p>                        <a href=\"https:\/\/www.numerama.com\/series-tv\/stranger-things\/\" class=\"is-block\" target=\"_blank\" rel=\"noopener\"><br \/>\n                            <img decoding=\"async\" width=\"350\" height=\"210\" loading=\"lazy\" alt=\"Stranger Things saison 3 \/\/ Source : Saison 3\" title=\"Stranger Things saison 3 \/\/ Source : Saison 3\" class=\"is-block is-radiused placeholder-default wp-image\" src=\"https:\/\/www.europesays.com\/fr\/wp-content\/uploads\/2025\/08\/aaaabvq3r-rd5ggw7smogic0athohcyr_on1n19ndrshumxxln9zaods8c51tbtpn_s0anr2qrn9s4qavcnyrhn2d8megphy-680.jpeg\" \/>                        <\/a><\/p>\n<p>Smallville sur Prime Video<\/p>\n<p>Bien avant d\u2019offrir une nouvelle jeunesse au personnage de Mercredi Addams, les showrunners Alfred Gough et Miles Millar avaient d\u00e9j\u00e0 racont\u00e9 les origines d\u2019un autre protagoniste iconique de la pop culture : Superman. Pendant 10 saisons, nous avons ainsi pu d\u00e9couvrir la jeunesse de Clark Kent gr\u00e2ce \u00e0 <a href=\"https:\/\/www.numerama.com\/series-tv\/smallville\/\" target=\"_blank\" rel=\"noopener\">Smallville<\/a>, \u0153uvre phare de la Trilogie du Samedi, diffus\u00e9e sur M6 au d\u00e9but des ann\u00e9es 2000.<\/p>\n<p><a href=\"https:\/\/www.numerama.com\/pop-culture\/1659972-6-series-cultes-a-voir-sur-prime-video.html\" target=\"_blank\" rel=\"noopener\">Une s\u00e9rie doudou comme on les aime<\/a>, qui a su r\u00e9inventer la figure du super-h\u00e9ros \u00e0 la sauce adolescente, tout en respectant la mythologie originale des comics. Point bonus : vous ne vous ennuierez jamais devant Smallville et <a target=\"_blank\" href=\"https:\/\/www.youtube.com\/watch?v=YSN6et9eze8\" rel=\"noopener\">son g\u00e9n\u00e9rique inoubliable<\/a>, tant les cliffhangers et les r\u00e9v\u00e9lations ne cessent de s\u2019encha\u00eener.<\/p>\n<\/p>\n<p>            Ce contenu est bloqu\u00e9 car vous n\u2019avez pas accept\u00e9 les cookies et autres traceurs. Ce contenu est fourni par YouTube.<br \/>Pour pouvoir le visualiser, vous devez accepter l\u2019usage \u00e9tant op\u00e9r\u00e9 par YouTube avec vos donn\u00e9es qui pourront \u00eatre utilis\u00e9es pour les finalit\u00e9s suivantes : vous permettre de visualiser et de partager des contenus avec des m\u00e9dias sociaux, favoriser le d\u00e9veloppement et l\u2019am\u00e9lioration des produits d\u2019Humanoid et de ses partenaires, vous afficher des publicit\u00e9s personnalis\u00e9es par rapport \u00e0 votre profil et activit\u00e9, vous d\u00e9finir un profil publicitaire personnalis\u00e9, mesurer la performance des publicit\u00e9s et du contenu de ce site et mesurer l\u2019audience de ce site <a href=\"#\" class=\"js-privacy\" target=\"_blank\">(en savoir plus)<\/a>        <\/p>\n<p>            En cliquant sur \u00ab J\u2019accepte tout \u00bb, vous consentez aux finalit\u00e9s susmentionn\u00e9es pour l\u2019ensemble des cookies et autres traceurs d\u00e9pos\u00e9s par Humanoid et <a class=\"embed-consent-overlay-vendors-link\" href=\"#preferences-vendeurs\">ses partenaires<\/a>.        <\/p>\n<p>            Vous gardez la possibilit\u00e9 de retirer votre consentement \u00e0 tout moment. Pour plus d\u2019informations, nous vous invitons \u00e0 prendre connaissance de notre <a href=\"https:\/\/www.numerama.com\/politique-cookies\" target=\"_blank\" rel=\"noopener\">Politique cookies<\/a>.        <\/p>\n<p>        J\u2019accepte tout    <\/p>\n<p class=\"embed-consent-overlay-manage-choices\">        <a href=\"#preferences-publicitaires\">G\u00e9rer mes choix<\/a>    <\/p>\n<p>                        <a href=\"https:\/\/www.numerama.com\/series-tv\/smallville\/\" class=\"is-block\" target=\"_blank\" rel=\"noopener\"><br \/>\n                            <img decoding=\"async\" width=\"350\" height=\"210\" loading=\"lazy\" alt=\"Smallville \/\/ Source : Warner Bros\" title=\"Smallville \/\/ Source : Warner Bros\" class=\"is-block is-radiused placeholder-default wp-image\" src=\"https:\/\/www.europesays.com\/fr\/wp-content\/uploads\/2025\/08\/smallville-680x383.jpg\" \/>                        <\/a><\/p>\n<p>Veronica Mars sur Prime Video<\/p>\n<p>Vous aimez l\u2019humour grin\u00e7ant de Mercredi ? Alors vous allez adorer celui de <a href=\"https:\/\/www.numerama.com\/series-tv\/veronica-mars\/\" data-type=\"tv-shows\" data-id=\"1553740\" target=\"_blank\" rel=\"noopener\">Veronica Mars<\/a>, l\u2019une des meilleures h\u00e9ro\u00efnes des ann\u00e9es 2000, qui a inspir\u00e9 des millions d\u2019adolescentes \u00e0 devenir encore plus badass. Constamment accompagn\u00e9e de son immense appareil photo, de son fid\u00e8le sac en bandouli\u00e8re et de son humour ravageur, cette enqu\u00eatrice hors pair r\u00e9sout tous les crimes et les petits d\u00e9lits qui passent sous son radar.<\/p>\n<p>Mais surtout, <a href=\"https:\/\/www.numerama.com\/pop-culture\/1093232-veronica-mars-est-revenue-sur-amazon-prime-et-vous-devriez-vraiment-y-jeter-un-oeil.html\" target=\"_blank\" rel=\"noopener\">la s\u00e9rie culte aborde des th\u00e9matiques de soci\u00e9t\u00e9 plut\u00f4t in\u00e9dites pour l\u2019\u00e9poque<\/a>, entre harc\u00e8lement scolaire, lutte des classes et culture du viol. Men\u00e9e par l\u2019excellente Kristen Bell (<a href=\"https:\/\/www.numerama.com\/series-tv\/the-good-place\/\" data-type=\"tv-shows\" data-id=\"1899602\" target=\"_blank\" rel=\"noopener\">The Good Place<\/a>), Veronica Mars est <a href=\"https:\/\/www.numerama.com\/pop-culture\/1553674-3-series-avec-des-heroines-ultra-droles-a-voir-sur-prime-video.html\" target=\"_blank\" rel=\"noopener\">un petit bijou dr\u00f4le et f\u00e9ministe<\/a> en quatre saisons, dont les punchlines sarcastiques feraient m\u00eame p\u00e2lir Mercredi.<\/p>\n<\/p>\n<p>            Ce contenu est bloqu\u00e9 car vous n\u2019avez pas accept\u00e9 les cookies et autres traceurs. Ce contenu est fourni par YouTube.<br \/>Pour pouvoir le visualiser, vous devez accepter l\u2019usage \u00e9tant op\u00e9r\u00e9 par YouTube avec vos donn\u00e9es qui pourront \u00eatre utilis\u00e9es pour les finalit\u00e9s suivantes : vous permettre de visualiser et de partager des contenus avec des m\u00e9dias sociaux, favoriser le d\u00e9veloppement et l\u2019am\u00e9lioration des produits d\u2019Humanoid et de ses partenaires, vous afficher des publicit\u00e9s personnalis\u00e9es par rapport \u00e0 votre profil et activit\u00e9, vous d\u00e9finir un profil publicitaire personnalis\u00e9, mesurer la performance des publicit\u00e9s et du contenu de ce site et mesurer l\u2019audience de ce site <a href=\"#\" class=\"js-privacy\" target=\"_blank\">(en savoir plus)<\/a>        <\/p>\n<p>            En cliquant sur \u00ab J\u2019accepte tout \u00bb, vous consentez aux finalit\u00e9s susmentionn\u00e9es pour l\u2019ensemble des cookies et autres traceurs d\u00e9pos\u00e9s par Humanoid et <a class=\"embed-consent-overlay-vendors-link\" href=\"#preferences-vendeurs\">ses partenaires<\/a>.        <\/p>\n<p>            Vous gardez la possibilit\u00e9 de retirer votre consentement \u00e0 tout moment. Pour plus d\u2019informations, nous vous invitons \u00e0 prendre connaissance de notre <a href=\"https:\/\/www.numerama.com\/politique-cookies\" target=\"_blank\" rel=\"noopener\">Politique cookies<\/a>.        <\/p>\n<p>        J\u2019accepte tout    <\/p>\n<p class=\"embed-consent-overlay-manage-choices\">        <a href=\"#preferences-publicitaires\">G\u00e9rer mes choix<\/a>    <\/p>\n<p>                        <a href=\"https:\/\/www.numerama.com\/series-tv\/veronica-mars\/\" class=\"is-block\" target=\"_blank\" rel=\"noopener\"><br \/>\n                            <img decoding=\"async\" width=\"350\" height=\"210\" loading=\"lazy\" alt=\"La badass Veronica Mars est de retour \/\/ Source : Hulu\" title=\"La badass Veronica Mars est de retour \/\/ Source : Hulu\" class=\"is-block is-radiused placeholder-default wp-image\" src=\"https:\/\/www.europesays.com\/fr\/wp-content\/uploads\/2025\/08\/032dd17b77fab7d51a476c5ff2b5659c-1555403107-680x383.jpg\" \/>                        <\/a><\/p>\n<p>What We Do in the Shadows sur Canal+<\/p>\n<p>Mercredi met en sc\u00e8ne <a href=\"https:\/\/www.numerama.com\/pop-culture\/2047385-la-saison-2-de-mercredi-rend-enfin-justice-a-lheroine-de-la-famille-addams.html\" target=\"_blank\" rel=\"noopener\">la joyeuse famille dysfonctionnelle des Addams<\/a>, dans toute leur splendeur. Pour retrouver des dynamiques similaires, tout aussi d\u00e9jant\u00e9es, vous pouvez jeter votre d\u00e9volu sur <a href=\"https:\/\/www.numerama.com\/series-tv\/what-we-do-in-the-shadows\/\" data-type=\"tv-shows\" data-id=\"1539930\" target=\"_blank\" rel=\"noopener\">What We Do in the Shadows<\/a>. Vous plongerez alors dans l\u2019univers loufoque de Nandor, Laszlo et Nadja, trois vampires qui vivent \u00e0 New York, en colocation avec un humain : Guillermo.<\/p>\n<p>Cela donne \u00e9videmment lieu \u00e0 des situations toutes plus improbables ou g\u00eanantes les unes que les autres, dans ce faux documentaire parodique en 6 saisons. Vous ne pourrez clairement pas rester de marbre face \u00e0 l\u2019humour mordant de What We Do in the Shadows, qui vous permettra d\u2019entrer dans le bal des vampires, en attendant la suite de Mercredi.<\/p>\n<\/p>\n<p>            Ce contenu est bloqu\u00e9 car vous n\u2019avez pas accept\u00e9 les cookies et autres traceurs. Ce contenu est fourni par YouTube.<br \/>Pour pouvoir le visualiser, vous devez accepter l\u2019usage \u00e9tant op\u00e9r\u00e9 par YouTube avec vos donn\u00e9es qui pourront \u00eatre utilis\u00e9es pour les finalit\u00e9s suivantes : vous permettre de visualiser et de partager des contenus avec des m\u00e9dias sociaux, favoriser le d\u00e9veloppement et l\u2019am\u00e9lioration des produits d\u2019Humanoid et de ses partenaires, vous afficher des publicit\u00e9s personnalis\u00e9es par rapport \u00e0 votre profil et activit\u00e9, vous d\u00e9finir un profil publicitaire personnalis\u00e9, mesurer la performance des publicit\u00e9s et du contenu de ce site et mesurer l\u2019audience de ce site <a href=\"#\" class=\"js-privacy\" target=\"_blank\">(en savoir plus)<\/a>        <\/p>\n<p>            En cliquant sur \u00ab J\u2019accepte tout \u00bb, vous consentez aux finalit\u00e9s susmentionn\u00e9es pour l\u2019ensemble des cookies et autres traceurs d\u00e9pos\u00e9s par Humanoid et <a class=\"embed-consent-overlay-vendors-link\" href=\"#preferences-vendeurs\">ses partenaires<\/a>.        <\/p>\n<p>            Vous gardez la possibilit\u00e9 de retirer votre consentement \u00e0 tout moment. Pour plus d\u2019informations, nous vous invitons \u00e0 prendre connaissance de notre <a href=\"https:\/\/www.numerama.com\/politique-cookies\" target=\"_blank\" rel=\"noopener\">Politique cookies<\/a>.        <\/p>\n<p>        J\u2019accepte tout    <\/p>\n<p class=\"embed-consent-overlay-manage-choices\">        <a href=\"#preferences-publicitaires\">G\u00e9rer mes choix<\/a>    <\/p>\n<p>                        <a href=\"https:\/\/www.numerama.com\/series-tv\/what-we-do-in-the-shadows\/\" class=\"is-block\" target=\"_blank\" rel=\"noopener\"><br \/>\n                            <img decoding=\"async\" width=\"350\" height=\"210\" loading=\"lazy\" alt=\"What We Do in the Shadows \/\/ Source : FX Productions\" title=\"What We Do in the Shadows \/\/ Source : FX Productions\" class=\"is-block is-radiused placeholder-default wp-image\" src=\"https:\/\/www.europesays.com\/fr\/wp-content\/uploads\/2025\/08\/5167689jpg-r-1920-1080-f-jpg-q-x-xxyxx-680x383.jpg\" \/>                        <\/a><\/p>\n<p>        <img decoding=\"async\" width=\"168\" height=\"168\" loading=\"lazy\" alt=\"Comparatif svod \/\/ Source : Montage Numerama\" title=\"Comparatif svod \/\/ Source : Montage Numerama\" class=\"placeholder-default wp-image\" src=\"https:\/\/www.europesays.com\/fr\/wp-content\/uploads\/2025\/08\/1755356955_563_comparatif-svod-200x200.jpg\" \/>    <\/p>\n<p>        Quel est le service de SVOD fait pour vous ?<br \/>\n        Netflix, Prime Video, HBO Max\u2026\u00a0: quelle est la meilleure plateforme de streaming en 2025\u00a0?<br \/>\n        <a href=\"https:\/\/www.numerama.com\/pop-culture\/541742-netflix-amazon-canal-ocs-apple-tv-le-grand-comparatif-2019-des-offres-de-svod-en-france.html\" class=\"btn is-family-secondary is-text-weight-bold has-text-left mt-2\" target=\"_blank\" rel=\"noopener\">D\u00e9couvrez notre comparateur<\/a><\/p>\n<p>            <img decoding=\"async\" src=\"https:\/\/www.europesays.com\/fr\/wp-content\/uploads\/2025\/04\/iPhone-16-pro.png\" alt=\"Toute l'actu tech en un clien d'oeil\"\/><\/p>\n<p class=\"card-install-pwa__title\">Toute l&rsquo;actu tech en un clin d&rsquo;\u0153il<\/p>\n<p class=\"card-install-pwa__description\">Ajoutez Numerama \u00e0 votre \u00e9cran d&rsquo;accueil et restez connect\u00e9s au futur !<\/p>\n<p>            <img decoding=\"async\" src=\"https:\/\/www.numerama.com\/wp-content\/themes\/numerama-next\/assets\/images\/premium\/logo-card-pwa-coupe.svg\" alt=\"Logo PWA\"\/><\/p>\n<p>       Installer Numerama<\/p>\n<p class=\"title\">\n            Les derni\u00e8res actualit\u00e9s sur             <a href=\"https:\/\/www.numerama.com\/tag\/netflix\/\" target=\"_blank\" rel=\"noopener\"><br \/>\n                Netflix            <\/a>\n        <\/p>\n<p>                        <a href=\"https:\/\/www.numerama.com\/series-tv\/mercredi-wednesday\/\" class=\"is-block\" target=\"_blank\" rel=\"noopener\"><br \/>\n                            <img decoding=\"async\" width=\"350\" height=\"210\" loading=\"lazy\" alt=\"Jenna Ortega est bluffante dans le r\u00f4le de Mercredi Addams \/\/ Source : Netflix\" title=\"Jenna Ortega est bluffante dans le r\u00f4le de Mercredi Addams \/\/ Source : Netflix\" class=\"is-block is-radiused placeholder-default\" src=\"https:\/\/www.europesays.com\/fr\/wp-content\/uploads\/2025\/08\/wednesday-105-unit-05238rc2-680x383.jpg\" \/>                        <\/a><\/p>\n","protected":false},"excerpt":{"rendered":"Vous avez d\u00e9j\u00e0 englouti les 4 premiers \u00e9pisodes de la saison 2 de Mercredi et vous attendez d\u00e9sesp\u00e9r\u00e9ment&hellip;\n","protected":false},"author":2,"featured_media":323112,"comment_status":"","ping_status":"","sticky":false,"template":"","format":"standard","meta":{"footnotes":""},"categories":[1356],"tags":[58,59,1011,27,11552,46057,46058,127,46059,19536,252,1364,46060,7259,17129,46061],"class_list":{"0":"post-323111","1":"post","2":"type-post","3":"status-publish","4":"format-standard","5":"has-post-thumbnail","7":"category-television","8":"tag-divertissement","9":"tag-entertainment","10":"tag-fr","11":"tag-france","12":"tag-guides-svod","13":"tag-les-nouvelles-aventures-de-sabrina","14":"tag-meurtre-mode-demploi","15":"tag-netflix","16":"tag-smallville","17":"tag-stranger-things","18":"tag-television","19":"tag-tv","20":"tag-veronica-mars","21":"tag-vie-du-streaming","22":"tag-wednesday","23":"tag-what-we-do-in-the-shadows"},"share_on_mastodon":{"url":"https:\/\/pubeurope.com\/@fr\/115039081205426954","error":""},"_links":{"self":[{"href":"https:\/\/www.europesays.com\/fr\/wp-json\/wp\/v2\/posts\/323111","targetHints":{"allow":["GET"]}}],"collection":[{"href":"https:\/\/www.europesays.com\/fr\/wp-json\/wp\/v2\/posts"}],"about":[{"href":"https:\/\/www.europesays.com\/fr\/wp-json\/wp\/v2\/types\/post"}],"author":[{"embeddable":true,"href":"https:\/\/www.europesays.com\/fr\/wp-json\/wp\/v2\/users\/2"}],"replies":[{"embeddable":true,"href":"https:\/\/www.europesays.com\/fr\/wp-json\/wp\/v2\/comments?post=323111"}],"version-history":[{"count":0,"href":"https:\/\/www.europesays.com\/fr\/wp-json\/wp\/v2\/posts\/323111\/revisions"}],"wp:featuredmedia":[{"embeddable":true,"href":"https:\/\/www.europesays.com\/fr\/wp-json\/wp\/v2\/media\/323112"}],"wp:attachment":[{"href":"https:\/\/www.europesays.com\/fr\/wp-json\/wp\/v2\/media?parent=323111"}],"wp:term":[{"taxonomy":"category","embeddable":true,"href":"https:\/\/www.europesays.com\/fr\/wp-json\/wp\/v2\/categories?post=323111"},{"taxonomy":"post_tag","embeddable":true,"href":"https:\/\/www.europesays.com\/fr\/wp-json\/wp\/v2\/tags?post=323111"}],"curies":[{"name":"wp","href":"https:\/\/api.w.org\/{rel}","templated":true}]}}