{"id":323113,"date":"2025-08-16T15:10:12","date_gmt":"2025-08-16T15:10:12","guid":{"rendered":"https:\/\/www.europesays.com\/fr\/323113\/"},"modified":"2025-08-16T15:10:12","modified_gmt":"2025-08-16T15:10:12","slug":"mireille-mathieu-pour-la-premiere-fois-de-sa-vie-elle-a-pu-avoir-brigitte-bardot-sa-grande-soeur-au-telephone","status":"publish","type":"post","link":"https:\/\/www.europesays.com\/fr\/323113\/","title":{"rendered":"Mireille Mathieu : pour la premi\u00e8re fois de sa vie, elle a pu avoir Brigitte Bardot, sa \u00ab\u00a0grande soeur\u00a0\u00bb au t\u00e9l\u00e9phone"},"content":{"rendered":"<p><a href=\"https:\/\/www.closermag.fr\/people\/mireille-mathieu-en-grande-forme-lors-dun-repas-festif-la-scene-improbable-filmee-par-la-princesse-louise-de-belgique-3569319\" rel=\"nofollow noopener\" target=\"_blank\"><br \/>\nMireille Mathieu<\/a> a accompli de grandes choses dans sa vie. Au<br \/>\nhasard, <a href=\"https:\/\/www.closermag.fr\/tv-tele-realite\/nouvelle-star\/mireille-mathieu-ringarde-ycare-est-fan-386404\" rel=\"nofollow noopener\" target=\"_blank\"><br \/>\nla \u00ab\u00a0Demoiselle d\u00a0\u00bbAvignon\u00a0\u00bb<\/a> a vendu quelque 120 millions de<br \/>\ndisques et une soixantaine d&rsquo;albums. Quelques uns de ses tubes<br \/>\nMon credo, La Paloma adieu, C\u2019est ton nom, ou encore Une femme amoureuse deviennent de v\u00e9ritables<br \/>\nclassiques. L&rsquo;artiste <strong>sait les chanter en de tr\u00e8s<br \/>\nnombreuses langues<\/strong>, dont l&rsquo;allemand, le russe, l&rsquo;espagnol,<br \/>\net le japonais.<\/p>\n<p>Mais une prouesse qu&rsquo;elle n&rsquo;avait pas encore r\u00e9alis\u00e9 est de<br \/>\nparler \u00e0 son idole, <a href=\"https:\/\/www.closermag.fr\/people\/icones-a-saint-tropez-brigitte-bardot-quand-elle-pouvait-encore-poser-seins-nus-a-la-madrague-3566134\" rel=\"nofollow noopener\" target=\"_blank\"><br \/>\nBrigitte Bardot<\/a>. C&rsquo;est maintenant chose faite. Comme elle l&rsquo;a<br \/>\nracont\u00e9 \u00e0 Nice Matin, gr\u00e2ce \u00e0 une certaine Sylvie Siri,<br \/>\n<strong>elle a pu r\u00e9aliser son r\u00eave<\/strong>. \u00ab\u00a0Ce n\u2019\u00e9tait<br \/>\nencore jamais arriv\u00e9. Gr\u00e2ce \u00e0 Mme le maire de Saint-Tropez, j\u2019ai pu<br \/>\nlui parler durant mon s\u00e9jour trop\u00e9zien\u00a0\u00bb, a-t-elle confi\u00e9,<br \/>\navant de d\u00e9tailler les circonstances de cet \u00e9change au sommet.<\/p>\n<p>Mireille Mathieu et Brigitte Bardot \u00e9changent pour la premi\u00e8re<br \/>\nfois<\/p>\n<p>Mireille Mathieu et Brigitte Bardot sont toutes les deux (tr\u00e8s)<br \/>\nrares dans les m\u00e9dias. Pour autant, rien ne les emp\u00eache d&rsquo;\u00e9changer<br \/>\navec autrui dans le priv\u00e9. Toutes deux anim\u00e9es par de grandes<br \/>\ncauses, elles ont pu se passer un coup de bigo. \u00ab\u00a0Elle avait<br \/>\n<strong>une voix extraordinaire<\/strong>, s\u2019est amus\u00e9e que je<br \/>\nvienne \u00e0 Saint-Tropez avec tout ce monde en plein \u00e9t\u00e9 et m\u2019a dit<br \/>\nque nous \u00e9tions <strong>\u2018deux petites filles de<br \/>\nFrance\u2019<\/strong>\u00ab\u00a0, a rapport\u00e9 <a href=\"https:\/\/www.closermag.fr\/people\/mireille-mathieu-ces-terreurs-nocturnes-qui-perturbent-la-chanteuse-1204778\" rel=\"nofollow noopener\" target=\"_blank\"><br \/>\nl&rsquo;interpr\u00e8te de<\/a> J&rsquo;ai gard\u00e9 l&rsquo;accent.\u00a0<\/p>\n<p>Dans les colonnes du journal du sud, elle a poursuivi :<br \/>\n\u00ab\u00a0Lorsque nous avons fini, <strong>elle m\u2019a appel\u00e9e sa \u2018petite<br \/>\ns\u0153ur\u2019.<\/strong> Et moi, je l\u2019ai salu\u00e9e en r\u00e9pliquant qu\u2019elle \u00e9tait<br \/>\nma \u2018grande s\u0153ur\u2019'\u00a0\u00bb. Une amiti\u00e9 en train de na\u00eetre entre les<br \/>\ndeux femmes, qui ont 12 ans de diff\u00e9rence d&rsquo;\u00e2ge ? En tout cas, la<br \/>\nchanteuse s&rsquo;est dite \u00ab\u00a0\u00e9mue, <strong>remplie de joie et de<br \/>\nbonheur<\/strong> de pouvoir \u00e9changer\u00a0\u00bb avec la d\u00e9fenseuse des<br \/>\nanimaux.<\/p>\n<p>De quoi les deux ic\u00f4nes ont-elles parl\u00e9<br \/>\nau t\u00e9l\u00e9phone ?<\/p>\n<p>D&rsquo;ailleurs, les deux ic\u00f4nes ont pu parler de nos amis les b\u00eates,<br \/>\ncause ch\u00e8re \u00e0 <a href=\"https:\/\/www.closermag.fr\/people\/brigitte-bardot-a-quoi-ressemble-son-ancien-nid-damour-en-plein-coeur-de-paris-en-vente-pour-une-somme-folle-3567510\" rel=\"nofollow noopener\" target=\"_blank\"><br \/>\nla muse de Godard<\/a> depuis toujours. Mireille Mathieu a notamment<br \/>\npromis \u00e0 BB d&rsquo;\u00eatre \u00ab\u00a0un relais de sa Fondation, <strong>pour que<br \/>\ncessent les abandons d\u2019animaux e<\/strong>t que les gens aillent<br \/>\nadopter en refuge\u00a0\u00bb.\u00a0<\/p>\n<p>Heureuse d&rsquo;avoir enfin pu lui t\u00e9moigner \u00ab\u00a0toute [s]on<br \/>\nadmiration et [s]on soutien\u00a0\u00bb, elle a r\u00e9p\u00e9t\u00e9 son admiration<br \/>\npour <strong>le \u00ab\u00a0monument\u00a0\u00bb que repr\u00e9sente l&rsquo;ex actrice<\/strong>, le<br \/>\nfait qu&rsquo;elle soit le \u00ab\u00a0symbole de la France dans le monde<br \/>\nentier\u00a0\u00bb.\u00a0<\/p>\n","protected":false},"excerpt":{"rendered":"Mireille Mathieu a accompli de grandes choses dans sa vie. Au hasard, la \u00ab\u00a0Demoiselle d\u00a0\u00bbAvignon\u00a0\u00bb a vendu quelque&hellip;\n","protected":false},"author":2,"featured_media":323114,"comment_status":"","ping_status":"","sticky":false,"template":"","format":"standard","meta":{"footnotes":""},"categories":[1355],"tags":[548,20224,58,59,1011,27,19707,1361,873],"class_list":{"0":"post-323113","1":"post","2":"type-post","3":"status-publish","4":"format-standard","5":"has-post-thumbnail","7":"category-musique","8":"tag-article-simple","9":"tag-brigitte-bardot","10":"tag-divertissement","11":"tag-entertainment","12":"tag-fr","13":"tag-france","14":"tag-mireille-mathieu","15":"tag-music","16":"tag-musique"},"share_on_mastodon":{"url":"https:\/\/pubeurope.com\/@fr\/115039084495315225","error":""},"_links":{"self":[{"href":"https:\/\/www.europesays.com\/fr\/wp-json\/wp\/v2\/posts\/323113","targetHints":{"allow":["GET"]}}],"collection":[{"href":"https:\/\/www.europesays.com\/fr\/wp-json\/wp\/v2\/posts"}],"about":[{"href":"https:\/\/www.europesays.com\/fr\/wp-json\/wp\/v2\/types\/post"}],"author":[{"embeddable":true,"href":"https:\/\/www.europesays.com\/fr\/wp-json\/wp\/v2\/users\/2"}],"replies":[{"embeddable":true,"href":"https:\/\/www.europesays.com\/fr\/wp-json\/wp\/v2\/comments?post=323113"}],"version-history":[{"count":0,"href":"https:\/\/www.europesays.com\/fr\/wp-json\/wp\/v2\/posts\/323113\/revisions"}],"wp:featuredmedia":[{"embeddable":true,"href":"https:\/\/www.europesays.com\/fr\/wp-json\/wp\/v2\/media\/323114"}],"wp:attachment":[{"href":"https:\/\/www.europesays.com\/fr\/wp-json\/wp\/v2\/media?parent=323113"}],"wp:term":[{"taxonomy":"category","embeddable":true,"href":"https:\/\/www.europesays.com\/fr\/wp-json\/wp\/v2\/categories?post=323113"},{"taxonomy":"post_tag","embeddable":true,"href":"https:\/\/www.europesays.com\/fr\/wp-json\/wp\/v2\/tags?post=323113"}],"curies":[{"name":"wp","href":"https:\/\/api.w.org\/{rel}","templated":true}]}}