{"id":323117,"date":"2025-08-16T15:12:16","date_gmt":"2025-08-16T15:12:16","guid":{"rendered":"https:\/\/www.europesays.com\/fr\/323117\/"},"modified":"2025-08-16T15:12:16","modified_gmt":"2025-08-16T15:12:16","slug":"la-maladie-dalzheimer-pourrait-sexpliquer-par-cette-cause-unique-selon-une-etude","status":"publish","type":"post","link":"https:\/\/www.europesays.com\/fr\/323117\/","title":{"rendered":"La maladie d\u2019Alzheimer pourrait s\u2019expliquer par cette cause unique, selon une \u00e9tude"},"content":{"rendered":"<p><img fetchpriority=\"high\" decoding=\"async\" width=\"1024\" height=\"576\" src=\"https:\/\/www.europesays.com\/fr\/wp-content\/uploads\/2025\/08\/une-alzheimer-memoire-1024x576.jpg\" alt=\"Alzheimer\" class=\"wp-image-937292\"  \/>\u2014 peterschreiber.media \/ Shutterstock.com<\/p>\n<p><strong>Apr\u00e8s dix ans de recherches, des scientifiques de la Harvard Medical School ont d\u00e9couvert qu\u2019une carence en lithium dans le cerveau pouvait contribuer au d\u00e9veloppement de la maladie d\u2019Alzheimer. Ce min\u00e9ral, essentiel au bon fonctionnement c\u00e9r\u00e9bral, jouerait un r\u00f4le protecteur contre le vieillissement du cerveau et ouvre ainsi une nouvelle piste th\u00e9rapeutique. Explications.<\/strong><\/p>\n<p>Le lithium, bien plus qu\u2019un simple traitement psychiatrique<\/p>\n<p>Utilis\u00e9 depuis longtemps pour soigner la manie et le <a href=\"https:\/\/dailygeekshow.com\/psilocybine-bipolaire\/\" target=\"_blank\" rel=\"noreferrer noopener nofollow\">trouble bipolaire<\/a>, le lithium pourrait aussi prot\u00e9ger le <a href=\"https:\/\/dailygeekshow.com\/cerveau-activites-physiques\/\" target=\"_blank\" rel=\"noreferrer noopener nofollow\">cerveau<\/a> du vieillissement. Apr\u00e8s dix ans de recherches, Bruce Yankner et Liviu Aron, de la Harvard Medical School, r\u00e9v\u00e8lent que le lithium pr\u00e9sent naturellement dans l\u2019organisme joue un r\u00f4le crucial dans la sant\u00e9 c\u00e9r\u00e9brale, m\u00eame \u00e0 des concentrations bien inf\u00e9rieures \u00e0 celles utilis\u00e9es en psychiatrie.<\/p>\n<p>Lire aussi <a href=\"https:\/\/dailygeekshow.com\/chien-depistage-parkinson\/\" rel=\"nofollow noopener\" target=\"_blank\">Un flair redoutable : les chiens d\u00e9tectent cette terrible maladie 3 ans avant les premiers sympt\u00f4mes<\/a><\/p>\n<p>Leurs travaux, men\u00e9s sur des souris et sur des tissus c\u00e9r\u00e9braux et sanguins humains, montrent que les personnes souffrant de troubles cognitifs l\u00e9gers, souvent pr\u00e9curseurs de la maladie d\u2019<a href=\"https:\/\/dailygeekshow.com\/alzheimer-herpes\/\" target=\"_blank\" rel=\"noreferrer noopener nofollow\">Alzheimer<\/a>, pr\u00e9sentent une nette carence en <a href=\"https:\/\/dailygeekshow.com\/autonomie-batteries\/\" target=\"_blank\" rel=\"noreferrer noopener nofollow\">lithium<\/a>. Ce d\u00e9ficit, parfois d\u00e9tectable des ann\u00e9es avant l\u2019apparition des sympt\u00f4mes, pourrait \u00eatre l\u2019un des premiers signes biochimiques de la maladie. \u00c0 l\u2019inverse, des taux plus \u00e9lev\u00e9s de lithium endog\u00e8ne sont li\u00e9s \u00e0 une meilleure pr\u00e9servation des fonctions cognitives, y compris chez les personnes qui ne sont pas touch\u00e9es par Alzheimer, sugg\u00e9rant un r\u00f4le dans le vieillissement c\u00e9r\u00e9bral sain.<\/p>\n<p>Quand la b\u00eata-amylo\u00efde pi\u00e8ge le lithium<\/p>\n<p>Les chercheurs ont d\u00e9couvert qu\u2019aux premiers stades de la d\u00e9mence et de <a href=\"https:\/\/dailygeekshow.com\/alzheimer-medicament\/\" target=\"_blank\" rel=\"noreferrer noopener nofollow\">la maladie d\u2019Alzheimer<\/a>, la prot\u00e9ine b\u00eata-amylo\u00efde, ces amas de prot\u00e9ines mal repli\u00e9es entre les neurones, se lie au lithium et le capture. R\u00e9sultat : sa disponibilit\u00e9 chute au moment o\u00f9 il est essentiel pour lutter contre l\u2019inflammation et la neurod\u00e9g\u00e9n\u00e9rescence, cr\u00e9ant un cercle vicieux qui acc\u00e9l\u00e8re la pathologie et la perte de m\u00e9moire.<\/p>\n<p>Cette diminution touche tous les types de <a href=\"https:\/\/dailygeekshow.com\/ordinateur-vivant\/\" target=\"_blank\" rel=\"noreferrer noopener nofollow\">cellules c\u00e9r\u00e9brales<\/a> et, chez la souris, une baisse similaire pr\u00e9cipite le d\u00e9clin cognitif, tandis qu\u2019un taux suffisant favorise un vieillissement sain. Des \u00e9tudes ant\u00e9rieures avaient d\u00e9j\u00e0 \u00e9tabli que des niveaux plus \u00e9lev\u00e9s de lithium dans l\u2019eau potable \u00e9taient associ\u00e9s \u00e0 un risque plus faible de d\u00e9mence. Bruce Yankner compare ce r\u00f4le protecteur \u00e0 celui d\u2019autres nutriments essentiels, comme le fer ou la <a href=\"https:\/\/dailygeekshow.com\/vitamine-jeune-cancer\/\" target=\"_blank\" rel=\"noreferrer noopener nofollow\">vitamine C<\/a>.<\/p>\n<p>Lire aussi <a href=\"https:\/\/dailygeekshow.com\/nourriture-hopitaux\/\" rel=\"nofollow noopener\" target=\"_blank\">C\u2019est scientifiquement prouv\u00e9 : la nourriture servie dans les h\u00f4pitaux est mauvaise pour la sant\u00e9<\/a><\/p>\n<p>Un compos\u00e9 \u00e0 faible dose qui inverse la pathologie<\/p>\n<p>Pour contrer cet emprisonnement par l\u2019amylo\u00efde, les chercheurs ont mis au point un compos\u00e9 capable d\u2019y \u00e9chapper : l\u2019orotate de <a href=\"https:\/\/dailygeekshow.com\/recyclage-batterie-lithium\/\" target=\"_blank\" rel=\"noreferrer noopener nofollow\">lithium<\/a>. Test\u00e9 chez la souris, il a invers\u00e9 les l\u00e9sions c\u00e9r\u00e9brales li\u00e9es \u00e0 Alzheimer, prot\u00e9g\u00e9 les neurones et restaur\u00e9 la m\u00e9moire, le tout \u00e0 un milli\u00e8me de la dose utilis\u00e9e en psychiatrie. Administr\u00e9 pendant presque toute la vie adulte des <a href=\"https:\/\/dailygeekshow.com\/erreurs-animaux-compagnie\/\" target=\"_blank\" rel=\"noreferrer noopener nofollow\">animaux<\/a>, il n\u2019a montr\u00e9 aucune toxicit\u00e9.<\/p>\n<p>Si ces r\u00e9sultats sont confirm\u00e9s par des essais cliniques, la mesure des taux de lithium pourrait devenir un outil de d\u00e9pistage pr\u00e9coce, et une suppl\u00e9mentation cibl\u00e9e, une strat\u00e9gie globale pour pr\u00e9venir ou traiter la maladie, en agissant non seulement sur la b\u00eata-amylo\u00efde, mais aussi sur la prot\u00e9ine tau.<\/p>\n<p>\u00ab\u00a0Notre \u00e9tude s\u2019ajoute aux preuves croissantes selon lesquelles la maladie d\u2019Alzheimer pourrait \u00eatre \u00e9vitable avec quelque chose d\u2019aussi simple que de maintenir le lithium c\u00e9r\u00e9bral \u00e0 des niveaux sains \u00e0 mesure que nous vieillissons\u00a0\u00bb, soulignent Bruce Yankner et Liviu Aron. Mais ils pr\u00e9viennent : il ne faut pas prendre de lithium sans suivi m\u00e9dical.<\/p>\n<p>Lire aussi <a href=\"https:\/\/dailygeekshow.com\/virus-grippe-espagnole\/\" rel=\"nofollow noopener\" target=\"_blank\">107 ans plus tard, des chercheurs \u00ab ressuscitent \u00bb le virus de la grippe espagnole<\/a><\/p>\n<p>Par ailleurs, <a href=\"https:\/\/dailygeekshow.com\/alzheimer-herpes\/\" target=\"_blank\" rel=\"noreferrer noopener nofollow\">un lien tr\u00e8s inqui\u00e9tant entre un virus bien connu et la maladie d\u2019Alzheimer a \u00e9t\u00e9 d\u00e9couvert<\/a>.<\/p>\n","protected":false},"excerpt":{"rendered":"\u2014 peterschreiber.media \/ Shutterstock.com Apr\u00e8s dix ans de recherches, des scientifiques de la Harvard Medical School ont d\u00e9couvert&hellip;\n","protected":false},"author":2,"featured_media":323118,"comment_status":"","ping_status":"","sticky":false,"template":"","format":"standard","meta":{"footnotes":""},"categories":[10],"tags":[46062,1011,27,72,71],"class_list":{"0":"post-323117","1":"post","2":"type-post","3":"status-publish","4":"format-standard","5":"has-post-thumbnail","7":"category-sante","8":"tag-alzeihmer","9":"tag-fr","10":"tag-france","11":"tag-health","12":"tag-sante"},"share_on_mastodon":{"url":"https:\/\/pubeurope.com\/@fr\/115039092370835463","error":""},"_links":{"self":[{"href":"https:\/\/www.europesays.com\/fr\/wp-json\/wp\/v2\/posts\/323117","targetHints":{"allow":["GET"]}}],"collection":[{"href":"https:\/\/www.europesays.com\/fr\/wp-json\/wp\/v2\/posts"}],"about":[{"href":"https:\/\/www.europesays.com\/fr\/wp-json\/wp\/v2\/types\/post"}],"author":[{"embeddable":true,"href":"https:\/\/www.europesays.com\/fr\/wp-json\/wp\/v2\/users\/2"}],"replies":[{"embeddable":true,"href":"https:\/\/www.europesays.com\/fr\/wp-json\/wp\/v2\/comments?post=323117"}],"version-history":[{"count":0,"href":"https:\/\/www.europesays.com\/fr\/wp-json\/wp\/v2\/posts\/323117\/revisions"}],"wp:featuredmedia":[{"embeddable":true,"href":"https:\/\/www.europesays.com\/fr\/wp-json\/wp\/v2\/media\/323118"}],"wp:attachment":[{"href":"https:\/\/www.europesays.com\/fr\/wp-json\/wp\/v2\/media?parent=323117"}],"wp:term":[{"taxonomy":"category","embeddable":true,"href":"https:\/\/www.europesays.com\/fr\/wp-json\/wp\/v2\/categories?post=323117"},{"taxonomy":"post_tag","embeddable":true,"href":"https:\/\/www.europesays.com\/fr\/wp-json\/wp\/v2\/tags?post=323117"}],"curies":[{"name":"wp","href":"https:\/\/api.w.org\/{rel}","templated":true}]}}