{"id":323121,"date":"2025-08-16T15:19:18","date_gmt":"2025-08-16T15:19:18","guid":{"rendered":"https:\/\/www.europesays.com\/fr\/323121\/"},"modified":"2025-08-16T15:19:18","modified_gmt":"2025-08-16T15:19:18","slug":"william-et-harry-la-maison-dans-laquelle-est-enterree-leur-mere-la-princesse-diana-ne-leur-reviendra-pas","status":"publish","type":"post","link":"https:\/\/www.europesays.com\/fr\/323121\/","title":{"rendered":"William et Harry : la maison dans laquelle est enterr\u00e9e leur m\u00e8re, la princesse Diana, ne leur reviendra pas\u2026"},"content":{"rendered":"<p data-start=\"189\" data-end=\"607\">Depuis la<br \/>\n<strong>disparition<\/strong> tragique de la <a href=\"https:\/\/www.closermag.fr\/royautes\/lady-diana-ce-quelle-pensait-vraiment-de-la-relation-entre-charles-et-camilla-3472099\" target=\"_blank\" rel=\"noopener\"><br \/>\nprincesse Diana<\/a> en 1997, ses fils <a href=\"https:\/\/www.closermag.fr\/royautes\/harry-et-william-quimporte-leur-brouille-les-freres-ennemis-font-du-pur-diana-3570988\" target=\"_blank\" rel=\"noopener\"><br \/>\nWilliam et Harry<\/a> ont h\u00e9rit\u00e9 de la <strong>majeure<br \/>\npartie<\/strong> de sa fortune. <strong>Bijoux, objets personnels et<br \/>\nplus de 20 millions de livres<\/strong> au total leur sont revenus \u00e0<br \/>\nleur majorit\u00e9. Pourtant, l\u2019un des lieux les plus symboliques li\u00e9s \u00e0<br \/>\nleur m\u00e8re, o\u00f9 elle repose encore aujourd\u2019hui, ne leur appartiendra<br \/>\njamais : <strong>le domaine d\u2019Althorp<\/strong> dans le<br \/>\nNorthamptonshire.<\/p>\n<p data-start=\"609\" data-end=\"998\">Ce manoir, propri\u00e9t\u00e9 de la<br \/>\n<a href=\"https:\/\/www.closermag.fr\/royautes\/lady-diana-sa-niece-kitty-spencer-se-mouille-pour-sa-fille-athena-moment-complice-avec-son-mari-de-32-ans-son-aine-3571276\" target=\"_blank\" rel=\"noopener\"><br \/>\nfamille Spencer<\/a> depuis plus de <strong>500 ans<\/strong>, a vu<br \/>\ngrandir la princesse Diana avant qu\u2019elle ne parte vivre sa vie de<br \/>\nprincesse. C\u2019est \u00e9galement l\u00e0, sur une \u00eele au milieu du lac,<br \/>\nqu\u2019elle a \u00e9t\u00e9 <strong>enterr\u00e9e apr\u00e8s son accident<\/strong>. Mais<br \/>\nmalgr\u00e9 l\u2019attachement que William et Harry peuvent avoir \u00e0 cette<br \/>\ndemeure, la <strong>tradition familiale est claire<\/strong>. Ce<br \/>\nn\u2019est pas \u00e0 eux que reviendra l\u2019h\u00e9ritage.<\/p>\n<p><img loading=\"lazy\" decoding=\"async\" aria-describedby=\"caption-attachment-3571000\" itemprop=\"thumbnailUrl\" class=\"size-full wp-image-3571000 img-responsive\" src=\"https:\/\/www.europesays.com\/fr\/wp-content\/uploads\/2025\/08\/bestimage_00048970_000002-scaled-e1755083832443.jpg\" alt=\"Harry et William : qu\u2019importe leur brouille, les fr\u00e8res ennemis font du \u201cpur Diana\u201d\" width=\"1200\" height=\"797\"\/> \u00a9 BESTIMAGE<\/p>\n<p id=\"caption-attachment-3571000\" class=\"wp-caption-text\">Harry et<br \/>\nWilliam : qu\u2019importe leur brouille, les fr\u00e8res ennemis font du \u201cpur<br \/>\nDiana\u201d<\/p>\n<p>Un h\u00e9ritage de la princesse<br \/>\nDiana r\u00e9gi par une r\u00e8gle stricte<\/p>\n<p data-start=\"1046\" data-end=\"1452\">Selon la loi de<br \/>\n<strong>primog\u00e9niture masculine,<\/strong> toujours en vigueur dans<br \/>\nla famille Spencer, le titre et la propri\u00e9t\u00e9 ne se transmettent pas<br \/>\n\u00e0 <strong>l\u2019a\u00een\u00e9 des enfants mais \u00e0 l\u2019a\u00een\u00e9 des fils.<\/strong><br \/>\nAinsi, malgr\u00e9 la pr\u00e9sence de <a href=\"https:\/\/www.closermag.fr\/royautes\/prince-william-sa-cousine-kitty-niece-de-lady-di-fait-un-rarissime-commentaire-sur-lui-et-cest-tres-flatteur-3487779\" target=\"_blank\" rel=\"noopener\"><br \/>\nLady Kitty<\/a>, Lady Amelia et Lady Eliza Spencer, ce sera leur<br \/>\nfr\u00e8re cadet, <strong>Louis Spencer<\/strong>, vicomte Althorp, qui<br \/>\nh\u00e9ritera du domaine et de son impressionnante valeur estim\u00e9e<br \/>\n<strong>\u00e0 100 millions de livres.<\/strong><\/p>\n<p data-start=\"1454\" data-end=\"1876\">Le comte <a href=\"https:\/\/www.closermag.fr\/royautes\/lady-diana-aurait-eu-64-ans-ce-cliche-inedit-incroyable-et-emouvant-partage-par-son-frere-3560619\" target=\"_blank\" rel=\"noopener\"><br \/>\nCharles Spencer<\/a>, fr\u00e8re de Diana et p\u00e8re de Louis, l\u2019a<br \/>\n<strong>confirm\u00e9<\/strong> \u00e0 plusieurs reprises. Il n\u2019entend<br \/>\n<strong>pas d\u00e9roger \u00e0 la tradition<\/strong>. Pour lui, la r\u00e8gle a<br \/>\npermis de pr\u00e9server <strong>l\u2019int\u00e9grit\u00e9 du domaine au fil des<br \/>\nsi\u00e8cles.<\/strong> M\u00eame Kitty Spencer, l\u2019a\u00een\u00e9e, s\u2019est montr\u00e9e<br \/>\n<strong>philosophe<\/strong> sur cette transmission. Elle affirme<br \/>\nque son fr\u00e8re \u201c<strong>fera un travail<br \/>\nimpeccable<\/strong>\u2019\u2019 et qu\u2019elle pr\u00e9f\u00e8re que la maison reste<br \/>\nentre les mains d\u2019un Spencer.<\/p>\n<p>Une<br \/>\ntradition remise en question mais qui perdure<\/p>\n<p data-start=\"1936\" data-end=\"2248\">Depuis plusieurs ann\u00e9es, la<br \/>\n<strong>primog\u00e9niture masculine fait d\u00e9bat<\/strong>. Des<br \/>\nresponsables politiques britanniques, de David Cameron \u00e0 Boris<br \/>\nJohnson, ont d\u00e9nonc\u00e9 son <strong>caract\u00e8re sexiste<\/strong> et<br \/>\nappel\u00e9 \u00e0 son <strong>abandon<\/strong>. Mais chez les Spencer, la<br \/>\n<strong>volont\u00e9 de pr\u00e9server l\u2019histoire<\/strong> familiale<br \/>\nl\u2019emporte sur les revendications d\u2019\u00e9galit\u00e9.<\/p>\n<p data-start=\"2250\" data-end=\"2523\">Ainsi, malgr\u00e9 leur lien direct<br \/>\navec Diana, <strong>William et Harry ne pourront jamais pr\u00e9tendre \u00e0<br \/>\nla demeure<\/strong> o\u00f9 leur m\u00e8re a grandi et repose. Le destin<br \/>\nd\u2019Althorp est <strong>scell\u00e9<\/strong>. Il reviendra \u00e0 <strong>Louis<br \/>\nSpencer<\/strong>, garant de la continuit\u00e9 familiale et de ce pan du<br \/>\npatrimoine britannique.<\/p>\n","protected":false},"excerpt":{"rendered":"Depuis la disparition tragique de la princesse Diana en 1997, ses fils William et Harry ont h\u00e9rit\u00e9 de&hellip;\n","protected":false},"author":2,"featured_media":323122,"comment_status":"","ping_status":"","sticky":false,"template":"","format":"standard","meta":{"footnotes":""},"categories":[8],"tags":[548,58,59,1011,27,46063,35943,11344],"class_list":{"0":"post-323121","1":"post","2":"type-post","3":"status-publish","4":"format-standard","5":"has-post-thumbnail","7":"category-divertissement","8":"tag-article-simple","9":"tag-divertissement","10":"tag-entertainment","11":"tag-fr","12":"tag-france","13":"tag-harry-et-william","14":"tag-princesse-diana","15":"tag-william-et-harry"},"share_on_mastodon":{"url":"https:\/\/pubeurope.com\/@fr\/115039120196238184","error":""},"_links":{"self":[{"href":"https:\/\/www.europesays.com\/fr\/wp-json\/wp\/v2\/posts\/323121","targetHints":{"allow":["GET"]}}],"collection":[{"href":"https:\/\/www.europesays.com\/fr\/wp-json\/wp\/v2\/posts"}],"about":[{"href":"https:\/\/www.europesays.com\/fr\/wp-json\/wp\/v2\/types\/post"}],"author":[{"embeddable":true,"href":"https:\/\/www.europesays.com\/fr\/wp-json\/wp\/v2\/users\/2"}],"replies":[{"embeddable":true,"href":"https:\/\/www.europesays.com\/fr\/wp-json\/wp\/v2\/comments?post=323121"}],"version-history":[{"count":0,"href":"https:\/\/www.europesays.com\/fr\/wp-json\/wp\/v2\/posts\/323121\/revisions"}],"wp:featuredmedia":[{"embeddable":true,"href":"https:\/\/www.europesays.com\/fr\/wp-json\/wp\/v2\/media\/323122"}],"wp:attachment":[{"href":"https:\/\/www.europesays.com\/fr\/wp-json\/wp\/v2\/media?parent=323121"}],"wp:term":[{"taxonomy":"category","embeddable":true,"href":"https:\/\/www.europesays.com\/fr\/wp-json\/wp\/v2\/categories?post=323121"},{"taxonomy":"post_tag","embeddable":true,"href":"https:\/\/www.europesays.com\/fr\/wp-json\/wp\/v2\/tags?post=323121"}],"curies":[{"name":"wp","href":"https:\/\/api.w.org\/{rel}","templated":true}]}}