{"id":323131,"date":"2025-08-16T15:26:16","date_gmt":"2025-08-16T15:26:16","guid":{"rendered":"https:\/\/www.europesays.com\/fr\/323131\/"},"modified":"2025-08-16T15:26:16","modified_gmt":"2025-08-16T15:26:16","slug":"disparition-inquietante-a-saint-etienne-42info-saint-etienne","status":"publish","type":"post","link":"https:\/\/www.europesays.com\/fr\/323131\/","title":{"rendered":"DISPARITION INQUI\u00c9TANTE \u00c0 SAINT-\u00c9TIENNE &#8211; 42info Saint-\u00c9tienne"},"content":{"rendered":"<p>                <a href=\"https:\/\/cadenceradio.fr\" target=\"_blank\" aria-label=\"Banni\u00e8re Cadence 2025\" rel=\"nofollow noopener\"><img loading=\"lazy\" decoding=\"async\" src=\"https:\/\/www.europesays.com\/fr\/wp-content\/uploads\/2025\/07\/Banniere-Cadence-2025-scaled.jpg\" alt=\"\"   width=\"2560\" height=\"738\"\/><\/a><\/p>\n<p>Alexandre Branellec, originaire du d\u00e9partement du Finist\u00e8re, s\u2019\u00e9tait install\u00e9 depuis plusieurs mois dans la Loire, h\u00e9berg\u00e9 par sa s\u0153ur r\u00e9sidant \u00e0 Saint-\u00c9tienne. Cette installation r\u00e9cente dans la r\u00e9gion t\u00e9moignait d\u2019un rapprochement familial destin\u00e9 \u00e0 mieux accompagner le jeune homme dans son quotidien. Son int\u00e9gration progressive dans l\u2019environnement st\u00e9phanois semblait se d\u00e9rouler dans de bonnes conditions avant cette disparition soudaine qui inqui\u00e8te profond\u00e9ment ses proches.<\/p>\n<p><strong>Une sortie banale qui tourne \u00e0 l\u2019angoisse<\/strong><\/p>\n<p>Les derni\u00e8res traces d\u2019Alexandre remontent au mardi 12 ao\u00fbt, lorsqu\u2019il a quitt\u00e9 le domicile familial pour un achat de routine : se procurer du tabac \u00e0 rouler. Cette sortie, habituellement sans cons\u00e9quence, s\u2019est transform\u00e9e en source d\u2019inqui\u00e9tude majeure quand le jeune homme n\u2019est pas rentr\u00e9. Depuis cette date, aucun contact n\u2019a pu \u00eatre \u00e9tabli avec lui, plongeant sa famille dans une angoisse croissante face \u00e0 cette absence prolong\u00e9e et inexpliqu\u00e9e.<\/p>\n<p><strong>Une vuln\u00e9rabilit\u00e9 particuli\u00e8re<\/strong><\/p>\n<p>La situation d\u2019Alexandre pr\u00e9sente des sp\u00e9cificit\u00e9s qui rendent sa disparition particuli\u00e8rement pr\u00e9occupante. Le jeune homme pr\u00e9sente une d\u00e9ficience mentale et b\u00e9n\u00e9ficie d\u2019une mesure de protection juridique sous forme de tutelle, t\u00e9moignant de sa vuln\u00e9rabilit\u00e9.<\/p>\n<p>Au moment de sa sortie, il ne disposait ni de t\u00e9l\u00e9phone portable ni de moyens de paiement, limitant consid\u00e9rablement ses possibilit\u00e9s de communication ou de subsistance autonome. Ces \u00e9l\u00e9ments accentuent les craintes de sa famille quant \u00e0 sa capacit\u00e9 \u00e0 g\u00e9rer cette situation d\u2019isolement.<\/p>\n<p>Face \u00e0 l\u2019absence persistante d\u2019Alexandre, sa famille a franchi le pas en alertant officiellement les autorit\u00e9s. Le vendredi 15 ao\u00fbt, soit trois jours apr\u00e8s la disparition, un signalement a \u00e9t\u00e9 d\u00e9pos\u00e9 aupr\u00e8s des services de police st\u00e9phanois.<\/p>\n<p><strong>Description pr\u00e9cise pour faciliter l\u2019identification<\/strong><\/p>\n<p>Alexandre Branellec pr\u00e9sente une corpulence svelte pour une taille d\u20191,70 m\u00e8tre. Au moment de sa disparition, il portait une tenue d\u00e9contract\u00e9e compos\u00e9e d\u2019un t-shirt de couleur grise et d\u2019un short en tissu jean.<\/p>\n<p>Ses chaussures, des baskets aux couleurs noir et orange, ainsi que son sac \u00e0 dos aux teintes bleu et noir, constituent des \u00e9l\u00e9ments distinctifs susceptibles d\u2019aider \u00e0 son identification. Ces d\u00e9tails vestimentaires peuvent s\u2019av\u00e9rer cruciaux pour toute personne ayant pu l\u2019apercevoir.<\/p>\n<p><strong>Toute personne disposant d\u2019informations sur les d\u00e9placements ou la localisation d\u2019Alexandre Branellec est instamment pri\u00e9e de contacter sa famille. Deux num\u00e9ros de t\u00e9l\u00e9phone ont \u00e9t\u00e9 mis \u00e0 disposition : 07.73.88.56.83 et 06.11.73.99.86.<\/strong><\/p>\n","protected":false},"excerpt":{"rendered":"Alexandre Branellec, originaire du d\u00e9partement du Finist\u00e8re, s\u2019\u00e9tait install\u00e9 depuis plusieurs mois dans la Loire, h\u00e9berg\u00e9 par sa&hellip;\n","protected":false},"author":2,"featured_media":323132,"comment_status":"","ping_status":"","sticky":false,"template":"","format":"standard","meta":{"footnotes":""},"categories":[9653],"tags":[1111,11,2430,1777,674,118,1011,27,3367,12,25,4001],"class_list":{"0":"post-323131","1":"post","2":"type-post","3":"status-publish","4":"format-standard","5":"has-post-thumbnail","7":"category-saint-etienne","8":"tag-actu","9":"tag-actualites","10":"tag-auvergne-rhone-alpes","11":"tag-eu","12":"tag-europe","13":"tag-faits-divers","14":"tag-fr","15":"tag-france","16":"tag-loire","17":"tag-news","18":"tag-republique-francaise","19":"tag-saint-etienne"},"share_on_mastodon":{"url":"https:\/\/pubeurope.com\/@fr\/115039147545215854","error":""},"_links":{"self":[{"href":"https:\/\/www.europesays.com\/fr\/wp-json\/wp\/v2\/posts\/323131","targetHints":{"allow":["GET"]}}],"collection":[{"href":"https:\/\/www.europesays.com\/fr\/wp-json\/wp\/v2\/posts"}],"about":[{"href":"https:\/\/www.europesays.com\/fr\/wp-json\/wp\/v2\/types\/post"}],"author":[{"embeddable":true,"href":"https:\/\/www.europesays.com\/fr\/wp-json\/wp\/v2\/users\/2"}],"replies":[{"embeddable":true,"href":"https:\/\/www.europesays.com\/fr\/wp-json\/wp\/v2\/comments?post=323131"}],"version-history":[{"count":0,"href":"https:\/\/www.europesays.com\/fr\/wp-json\/wp\/v2\/posts\/323131\/revisions"}],"wp:featuredmedia":[{"embeddable":true,"href":"https:\/\/www.europesays.com\/fr\/wp-json\/wp\/v2\/media\/323132"}],"wp:attachment":[{"href":"https:\/\/www.europesays.com\/fr\/wp-json\/wp\/v2\/media?parent=323131"}],"wp:term":[{"taxonomy":"category","embeddable":true,"href":"https:\/\/www.europesays.com\/fr\/wp-json\/wp\/v2\/categories?post=323131"},{"taxonomy":"post_tag","embeddable":true,"href":"https:\/\/www.europesays.com\/fr\/wp-json\/wp\/v2\/tags?post=323131"}],"curies":[{"name":"wp","href":"https:\/\/api.w.org\/{rel}","templated":true}]}}