{"id":323142,"date":"2025-08-16T15:37:17","date_gmt":"2025-08-16T15:37:17","guid":{"rendered":"https:\/\/www.europesays.com\/fr\/323142\/"},"modified":"2025-08-16T15:37:17","modified_gmt":"2025-08-16T15:37:17","slug":"alain-carignon-apporte-son-soutien-au-directeur-des-galeries-lafayette-de-grenoble-lune-des-dernieres-locomotives-commerciales-du-centre-ville","status":"publish","type":"post","link":"https:\/\/www.europesays.com\/fr\/323142\/","title":{"rendered":"Alain Carignon apporte son soutien au directeur des Galeries Lafayette de Grenoble, \u00ab\u00a0l\u2019une des derni\u00e8res locomotives commerciales du centre-ville\u00a0\u00bb"},"content":{"rendered":"<p>\t\t\t\t\t\t\t\t\t\t\t<img loading=\"lazy\" decoding=\"async\" width=\"1110\" title=\"Alain Carignon apporte son soutien au directeur des Galeries Lafayette de Grenoble, &quot;l\u2019une des derni\u00e8res locomotives commerciales du centre-ville&quot;\" class=\"img-fluid  mb-3\" src=\"https:\/\/grandgrenoble.alpes1.com\/media\/news\/thumb\/1110x624_alain-carignon-apporte-son-soutien-au-directeur-des-galeries-lafayette-de-grenoble-l-une-des-dernieres-locomotives-commerciales-du-centre-ville_68a04ce67eb8a.webp\" alt=\"Alain Carignon apporte son soutien au directeur des Galeries Lafayette de Grenoble, &quot;l\u2019une des derni\u00e8res locomotives commerciales du centre-ville&quot;\" itemprop=\"image\" height=\"624\"\/>\t\t\t\t\t\t\t\t\t\t\t\t<\/p>\n<p>Alain Carignon apporte son soutien au directeur des Galeries Lafayette de Grenoble, \u00ab\u00a0l\u2019une des derni\u00e8res locomotives commerciales du centre-ville\u00a0\u00bb &#8211; DR<\/p>\n<p>Selon son directeur C\u00e9dric Moulart, des militants du collectif SIPE ont manifest\u00e9 devant l&rsquo;\u00e9tablissement de la place Grenette pour d\u00e9noncer la vente de fourrure. Et l&rsquo;adjointe au maire de Grenoble Sandra Krief l&rsquo;aurait menac\u00e9 de \u00ab\u00a0revenir avec un collectif plus important\u00a0\u00bb s&rsquo;il ne s&rsquo;engageait pas par \u00e9crit \u00e0 ne proposer aucun produit d&rsquo;origine animale. Des accusations que l&rsquo;\u00e9lue vis\u00e9e nie.<\/p>\n<p>Face \u00e0 cette situation tendue, Alain Carignon et son groupe d&rsquo;opposition ont d\u00e9cid\u00e9 de soutenir le directeur des Galeries Lafayette. \u00ab\u00a0On d\u00e9couvre l\u2019absence d\u2019\u00e9coute, les contraintes urbanistiques que la municipalit\u00e9 veut faire peser sur les Galeries Lafayette, l\u2019une des derni\u00e8res locomotives commerciales du centre-ville. Comme si elles \u00e9taient consid\u00e9r\u00e9es comme un &lsquo;ghetto de riches&rsquo; \u00e0 \u00e9radiquer\u00a0\u00bb, se d\u00e9sole l&rsquo;ancien maire, candidat aux municipales 2026.<\/p>\n<p>Alain Carignon annonce vouloir faire prochainement des propositions \u00ab\u00a0afin de soutenir cette pr\u00e9sence commerciale et pour la conforter au coeur de la ville. Elles seront un des \u00e9l\u00e9ments clefs du renforcement indispensable de l\u2019attractivit\u00e9 du centre-ville\u00a0\u00bb.<\/p>\n","protected":false},"excerpt":{"rendered":"Alain Carignon apporte son soutien au directeur des Galeries Lafayette de Grenoble, \u00ab\u00a0l\u2019une des derni\u00e8res locomotives commerciales du&hellip;\n","protected":false},"author":2,"featured_media":323143,"comment_status":"","ping_status":"","sticky":false,"template":"","format":"standard","meta":{"footnotes":""},"categories":[9566],"tags":[1111,11,7733,8279,2430,7736,650,7734,2889,2263,1777,674,1011,27,2731,8280,6417,1114,108,4662,12,3725,1825,25,7737],"class_list":{"0":"post-323142","1":"post","2":"type-post","3":"status-publish","4":"format-standard","5":"has-post-thumbnail","7":"category-grenoble","8":"tag-actu","9":"tag-actualites","10":"tag-alpes","11":"tag-alpes1","12":"tag-auvergne-rhone-alpes","13":"tag-cds","14":"tag-cinema","15":"tag-ecoute","16":"tag-emission","17":"tag-equipe","18":"tag-eu","19":"tag-europe","20":"tag-fr","21":"tag-france","22":"tag-grenoble","23":"tag-haute","24":"tag-information","25":"tag-infos","26":"tag-isere","27":"tag-journal","28":"tag-news","29":"tag-podcast","30":"tag-radio","31":"tag-republique-francaise","32":"tag-winamp"},"share_on_mastodon":{"url":"https:\/\/pubeurope.com\/@fr\/115039190595149692","error":""},"_links":{"self":[{"href":"https:\/\/www.europesays.com\/fr\/wp-json\/wp\/v2\/posts\/323142","targetHints":{"allow":["GET"]}}],"collection":[{"href":"https:\/\/www.europesays.com\/fr\/wp-json\/wp\/v2\/posts"}],"about":[{"href":"https:\/\/www.europesays.com\/fr\/wp-json\/wp\/v2\/types\/post"}],"author":[{"embeddable":true,"href":"https:\/\/www.europesays.com\/fr\/wp-json\/wp\/v2\/users\/2"}],"replies":[{"embeddable":true,"href":"https:\/\/www.europesays.com\/fr\/wp-json\/wp\/v2\/comments?post=323142"}],"version-history":[{"count":0,"href":"https:\/\/www.europesays.com\/fr\/wp-json\/wp\/v2\/posts\/323142\/revisions"}],"wp:featuredmedia":[{"embeddable":true,"href":"https:\/\/www.europesays.com\/fr\/wp-json\/wp\/v2\/media\/323143"}],"wp:attachment":[{"href":"https:\/\/www.europesays.com\/fr\/wp-json\/wp\/v2\/media?parent=323142"}],"wp:term":[{"taxonomy":"category","embeddable":true,"href":"https:\/\/www.europesays.com\/fr\/wp-json\/wp\/v2\/categories?post=323142"},{"taxonomy":"post_tag","embeddable":true,"href":"https:\/\/www.europesays.com\/fr\/wp-json\/wp\/v2\/tags?post=323142"}],"curies":[{"name":"wp","href":"https:\/\/api.w.org\/{rel}","templated":true}]}}