{"id":323144,"date":"2025-08-16T15:38:11","date_gmt":"2025-08-16T15:38:11","guid":{"rendered":"https:\/\/www.europesays.com\/fr\/323144\/"},"modified":"2025-08-16T15:38:11","modified_gmt":"2025-08-16T15:38:11","slug":"il-etait-une-fois-dautres-etes-a-grenoble","status":"publish","type":"post","link":"https:\/\/www.europesays.com\/fr\/323144\/","title":{"rendered":"il \u00e9tait une fois d\u2019autres \u00e9t\u00e9s \u00e0 Grenoble\u2026"},"content":{"rendered":"<p>Alors que Grenoble continue \u00e0 vivre son caniculaire \u00e9t\u00e9 2025, on a voulu jeter un coup d\u2019\u0153il dans le r\u00e9troviseur.<br \/>On s\u2019est plong\u00e9s dans les archives photographiques du Dauphin\u00e9 lib\u00e9r\u00e9 et effectu\u00e9 un retour en arri\u00e8re, dans les ann\u00e9es en \u201cnoir et blanc\u201d de la capitale des Alpes\u2026 De ce voyage dans le temps, on a s\u00e9lectionn\u00e9 quelques images qui font du bien et apportent le sourire. Allez, cela vous dit de \u201ccueillir\u201d, une nouvelle fois, un brin de nostalgie, en regardant les bonnes bouilles des m\u00f4mes grenoblois des ann\u00e9es 50, 60, 70 et 80\u200a?<\/p>\n","protected":false},"excerpt":{"rendered":"Alors que Grenoble continue \u00e0 vivre son caniculaire \u00e9t\u00e9 2025, on a voulu jeter un coup d\u2019\u0153il dans&hellip;\n","protected":false},"author":2,"featured_media":323145,"comment_status":"","ping_status":"","sticky":false,"template":"","format":"standard","meta":{"footnotes":""},"categories":[9566],"tags":[1111,11,2430,112,1777,674,3326,107,1011,27,5325,2798,2731,937,108,12,2661,25],"class_list":{"0":"post-323144","1":"post","2":"type-post","3":"status-publish","4":"format-standard","5":"has-post-thumbnail","7":"category-grenoble","8":"tag-actu","9":"tag-actualites","10":"tag-auvergne-rhone-alpes","11":"tag-edition-grenoble-agglomeration","12":"tag-eu","13":"tag-europe","14":"tag-fete-locale","15":"tag-fil-info","16":"tag-fr","17":"tag-france","18":"tag-galerie-media","19":"tag-galerie-photo","20":"tag-grenoble","21":"tag-histoire","22":"tag-isere","23":"tag-news","24":"tag-patrimoine-culturel","25":"tag-republique-francaise"},"share_on_mastodon":{"url":"https:\/\/pubeurope.com\/@fr\/115039194465471630","error":""},"_links":{"self":[{"href":"https:\/\/www.europesays.com\/fr\/wp-json\/wp\/v2\/posts\/323144","targetHints":{"allow":["GET"]}}],"collection":[{"href":"https:\/\/www.europesays.com\/fr\/wp-json\/wp\/v2\/posts"}],"about":[{"href":"https:\/\/www.europesays.com\/fr\/wp-json\/wp\/v2\/types\/post"}],"author":[{"embeddable":true,"href":"https:\/\/www.europesays.com\/fr\/wp-json\/wp\/v2\/users\/2"}],"replies":[{"embeddable":true,"href":"https:\/\/www.europesays.com\/fr\/wp-json\/wp\/v2\/comments?post=323144"}],"version-history":[{"count":0,"href":"https:\/\/www.europesays.com\/fr\/wp-json\/wp\/v2\/posts\/323144\/revisions"}],"wp:featuredmedia":[{"embeddable":true,"href":"https:\/\/www.europesays.com\/fr\/wp-json\/wp\/v2\/media\/323145"}],"wp:attachment":[{"href":"https:\/\/www.europesays.com\/fr\/wp-json\/wp\/v2\/media?parent=323144"}],"wp:term":[{"taxonomy":"category","embeddable":true,"href":"https:\/\/www.europesays.com\/fr\/wp-json\/wp\/v2\/categories?post=323144"},{"taxonomy":"post_tag","embeddable":true,"href":"https:\/\/www.europesays.com\/fr\/wp-json\/wp\/v2\/tags?post=323144"}],"curies":[{"name":"wp","href":"https:\/\/api.w.org\/{rel}","templated":true}]}}