{"id":323148,"date":"2025-08-16T15:44:14","date_gmt":"2025-08-16T15:44:14","guid":{"rendered":"https:\/\/www.europesays.com\/fr\/323148\/"},"modified":"2025-08-16T15:44:14","modified_gmt":"2025-08-16T15:44:14","slug":"le-vestiaire-marseillais-deja-chaud-apres-la-defaite-a-rennes-ligue-1-j1-rennes-marseille-1-0","status":"publish","type":"post","link":"https:\/\/www.europesays.com\/fr\/323148\/","title":{"rendered":"Le vestiaire marseillais d\u00e9j\u00e0 chaud apr\u00e8s la d\u00e9faite \u00e0 Rennes &#8211; Ligue 1 &#8211; J1 &#8211; Rennes-Marseille (1-0)"},"content":{"rendered":"<p>Mollo mollo, on n\u2019est qu\u2019en ao\u00fbt.<\/p>\n<p>Qui des politiciens de droite et des suiveurs de l\u2019OM utilisent le plus souvent le mot \u00ab\u202fcrise\u00a0\u00bb ? Apr\u00e8s la premi\u00e8re d\u00e9faite de la saison marseillaise, <a target=\"_blank\" href=\"https:\/\/www.sofoot.com\/articles\/ligue-1-a-10-contre-11-rennes-douche-lom\" rel=\"nofollow noopener\">hier soir \u00e0 Rennes (0-1)<\/a>, le vestiaire marseillais s\u2019est expliqu\u00e9. <a target=\"_blank\" href=\"https:\/\/www.francebleu.fr\/sports\/football\/info-ici-provence-om-fortes-tensions-dans-les-vestiaires-apres-la-defaite-a-rennes-on-a-des-petites-coui-es-7754220\" rel=\"nofollow noopener\">Ici Provence<\/a>, avance que <strong>des \u00ab\u202ftensions\u202f\u00bb\u00a0ont \u00e9clat\u00e9 \u00e0 la fin du match, que les hommes de Roberto De Zerbi ont disput\u00e9 une heure \u00e0 11 contre 10.<\/strong> Les voix se sont \u00e9lev\u00e9es. Roberto De Zerbi aurait affirm\u00e9 ceci, sans po\u00e9sie : \u00ab\u202fLes autres, ils nous battent sur le terrain et nous, on rentre, on se tape ici. Vous savez ce que cela veut dire\u00a0? Que l\u2019on a des petites couilles. Alors qu\u2019\u00e0 Marseille, on doit en avoir des grosses.\u202f\u00bb\u00a0Avant de conclure : \u00ab\u202fc\u2019est la derni\u00e8re fois que \u00e7a arrive.\u202f\u00bb Il reste 33 matchs de Ligue 1, attention.<\/p>\n<p>Gros Rowe<\/p>\n<p><a target=\"_blank\" href=\"https:\/\/www.lequipe.fr\/Football\/Actualites\/Un-apres-match-sous-tension-pour-l-om-a-rennes\/1585513\" rel=\"nofollow noopener\">L\u2019\u00c9quipe <\/a>et <a target=\"_blank\" href=\"https:\/\/rmcsport.bfmtv.com\/football\/ligue-1\/rennes-om-ca-a-deja-chauffe-dans-le-vestiaire-marseillais-apres-la-defaite_AV-202508160182.html\" rel=\"nofollow noopener\">RMC Sport<\/a> parlent respectivement de \u00ab\u202ffrictions\u00a0\u00bb et de \u00ab\u202ftensions\u202f\u00bb. Les cordes vocales des cadres ont vibr\u00e9 : Pierre-Emile H\u00f6jbjerg, Leonardo Balerdi et Adrien Rabiot ont d\u00e9nonc\u00e9 le comportement de certains de leurs co\u00e9quipiers \u00e0 coups de \u00ab\u202ffaut se bouger\u202f\u00bb et de\u00ab\u202fon n\u2019a pas le droit de faire ce match\u202f\u00bb.\u00a0Jonathan Rowe aurait r\u00e9pondu \u00e0 ce dernier. Les deux ont termin\u00e9 t\u00eate contre t\u00eate. L\u2019OM accueille le Paris FC la semaine prochaine.<\/p>\n<p>Un vestiaire allergique \u00e0 la d\u00e9faite, quelle bonne nouvelle.<\/p>\n<p>\t\t\t\t\t\t\t\t\t\t<a class=\"lien-connexe\" href=\"https:\/\/www.sofoot.com\/breves\/ligue-1-ancien-de-nantes-quentin-merlin-declare-deja-sa-flamme-a-rennes-apres-la-victoire-contre-marseille\" rel=\"nofollow noopener\" target=\"_blank\">Ex de Nantes, Quentin Merlin d\u00e9clare d\u00e9j\u00e0 sa flamme \u00e0 Rennes<\/a>\t\t\t\t\t<\/p>\n","protected":false},"excerpt":{"rendered":"Mollo mollo, on n\u2019est qu\u2019en ao\u00fbt. Qui des politiciens de droite et des suiveurs de l\u2019OM utilisent le&hellip;\n","protected":false},"author":2,"featured_media":323149,"comment_status":"","ping_status":"","sticky":false,"template":"","format":"standard","meta":{"footnotes":""},"categories":[2821],"tags":[1111,47,11,61,829,69,65,64,1777,674,63,1011,27,68,66,12,62,70,584,25,67],"class_list":{"0":"post-323148","1":"post","2":"type-post","3":"status-publish","4":"format-standard","5":"has-post-thumbnail","7":"category-rennes","8":"tag-actu","9":"tag-actualite","10":"tag-actualites","11":"tag-actus-football","12":"tag-bretagne","13":"tag-bundesliga","14":"tag-championnats-europeens","15":"tag-equipe-de-france","16":"tag-eu","17":"tag-europe","18":"tag-football","19":"tag-fr","20":"tag-france","21":"tag-ligua","22":"tag-ligue-1","23":"tag-news","24":"tag-news-foot","25":"tag-premier-league","26":"tag-rennes","27":"tag-republique-francaise","28":"tag-serie-a"},"share_on_mastodon":{"url":"https:\/\/pubeurope.com\/@fr\/115039218094786974","error":""},"_links":{"self":[{"href":"https:\/\/www.europesays.com\/fr\/wp-json\/wp\/v2\/posts\/323148","targetHints":{"allow":["GET"]}}],"collection":[{"href":"https:\/\/www.europesays.com\/fr\/wp-json\/wp\/v2\/posts"}],"about":[{"href":"https:\/\/www.europesays.com\/fr\/wp-json\/wp\/v2\/types\/post"}],"author":[{"embeddable":true,"href":"https:\/\/www.europesays.com\/fr\/wp-json\/wp\/v2\/users\/2"}],"replies":[{"embeddable":true,"href":"https:\/\/www.europesays.com\/fr\/wp-json\/wp\/v2\/comments?post=323148"}],"version-history":[{"count":0,"href":"https:\/\/www.europesays.com\/fr\/wp-json\/wp\/v2\/posts\/323148\/revisions"}],"wp:featuredmedia":[{"embeddable":true,"href":"https:\/\/www.europesays.com\/fr\/wp-json\/wp\/v2\/media\/323149"}],"wp:attachment":[{"href":"https:\/\/www.europesays.com\/fr\/wp-json\/wp\/v2\/media?parent=323148"}],"wp:term":[{"taxonomy":"category","embeddable":true,"href":"https:\/\/www.europesays.com\/fr\/wp-json\/wp\/v2\/categories?post=323148"},{"taxonomy":"post_tag","embeddable":true,"href":"https:\/\/www.europesays.com\/fr\/wp-json\/wp\/v2\/tags?post=323148"}],"curies":[{"name":"wp","href":"https:\/\/api.w.org\/{rel}","templated":true}]}}