{"id":323150,"date":"2025-08-16T15:46:13","date_gmt":"2025-08-16T15:46:13","guid":{"rendered":"https:\/\/www.europesays.com\/fr\/323150\/"},"modified":"2025-08-16T15:46:13","modified_gmt":"2025-08-16T15:46:13","slug":"strasbourg-va-accueillir-une-15e-recrue-cet-ete","status":"publish","type":"post","link":"https:\/\/www.europesays.com\/fr\/323150\/","title":{"rendered":"Strasbourg va accueillir une 15e recrue cet \u00e9t\u00e9"},"content":{"rendered":"<p>Pas de doutes, <a href=\"https:\/\/www.footmercato.net\/club\/rc-strasbourg-alsace\/\" rel=\"nofollow noopener\" target=\"_blank\">Strasbourg<\/a> est le grand animateur de ce mercato en <a href=\"https:\/\/www.footmercato.net\/france\/ligue-1\/\" rel=\"nofollow noopener\" target=\"_blank\">Ligue 1<\/a>. S\u2019ils ont vendu pour plus de 50 M\u20ac cet \u00e9t\u00e9 (Habib Diarra, Mamadou Sarr entre autres), les Strasbourgeois ont d\u00e9pens\u00e9 plus du double en arriv\u00e9es. Panichelli, H\u00f6gsberg, Amougou, Omobamidele, Barco, Coulibaly Samuel-Smith, Diop, Amo-Ameyaw, Oyedele, Penders, Paez, Sarr, et donc Bajic <a href=\"https:\/\/www.footmercato.net\/a4490253550241953806-le-rc-strasbourg-signe-stefan-bajic\" rel=\"nofollow noopener\" target=\"_blank\">ce matin<\/a>, ont tous rejoint le club.<\/p>\n<p>            La suite apr\u00e8s cette publicit\u00e9<\/p>\n<p>Ils seront prochainement rejoints par un autre espoir : <a href=\"https:\/\/www.footmercato.net\/joueur\/rafael-filipe-goncalves-soares-luis\/\" rel=\"nofollow noopener\" target=\"_blank\">Rafael Lu\u00eds<\/a>. Comme le r\u00e9v\u00e8le le m\u00e9dia portugais Record, ce milieu d\u00e9fensif de 20 ans va \u00eatre pr\u00eat\u00e9 avec option d\u2019achat par Benfica, son club formateur. Il devrait ainsi \u00eatre le quinzi\u00e8me joueur \u00e0 rejoindre le Racing lors de ce mercato.<\/p>\n<p>\n    Pub. le 16\/08\/2025 16:59<br \/>\n            &#8211; MAJ le 16\/08\/2025 17:21\n    <\/p>\n","protected":false},"excerpt":{"rendered":"Pas de doutes, Strasbourg est le grand animateur de ce mercato en Ligue 1. S\u2019ils ont vendu pour&hellip;\n","protected":false},"author":2,"featured_media":90783,"comment_status":"","ping_status":"","sticky":false,"template":"","format":"standard","meta":{"footnotes":""},"categories":[2820],"tags":[1111,11,1777,674,1011,27,775,12,25,640],"class_list":{"0":"post-323150","1":"post","2":"type-post","3":"status-publish","4":"format-standard","5":"has-post-thumbnail","7":"category-strasbourg","8":"tag-actu","9":"tag-actualites","10":"tag-eu","11":"tag-europe","12":"tag-fr","13":"tag-france","14":"tag-grand-est","15":"tag-news","16":"tag-republique-francaise","17":"tag-strasbourg"},"share_on_mastodon":{"url":"https:\/\/pubeurope.com\/@fr\/115039225940820086","error":""},"_links":{"self":[{"href":"https:\/\/www.europesays.com\/fr\/wp-json\/wp\/v2\/posts\/323150","targetHints":{"allow":["GET"]}}],"collection":[{"href":"https:\/\/www.europesays.com\/fr\/wp-json\/wp\/v2\/posts"}],"about":[{"href":"https:\/\/www.europesays.com\/fr\/wp-json\/wp\/v2\/types\/post"}],"author":[{"embeddable":true,"href":"https:\/\/www.europesays.com\/fr\/wp-json\/wp\/v2\/users\/2"}],"replies":[{"embeddable":true,"href":"https:\/\/www.europesays.com\/fr\/wp-json\/wp\/v2\/comments?post=323150"}],"version-history":[{"count":0,"href":"https:\/\/www.europesays.com\/fr\/wp-json\/wp\/v2\/posts\/323150\/revisions"}],"wp:featuredmedia":[{"embeddable":true,"href":"https:\/\/www.europesays.com\/fr\/wp-json\/wp\/v2\/media\/90783"}],"wp:attachment":[{"href":"https:\/\/www.europesays.com\/fr\/wp-json\/wp\/v2\/media?parent=323150"}],"wp:term":[{"taxonomy":"category","embeddable":true,"href":"https:\/\/www.europesays.com\/fr\/wp-json\/wp\/v2\/categories?post=323150"},{"taxonomy":"post_tag","embeddable":true,"href":"https:\/\/www.europesays.com\/fr\/wp-json\/wp\/v2\/tags?post=323150"}],"curies":[{"name":"wp","href":"https:\/\/api.w.org\/{rel}","templated":true}]}}