{"id":323153,"date":"2025-08-16T15:50:15","date_gmt":"2025-08-16T15:50:15","guid":{"rendered":"https:\/\/www.europesays.com\/fr\/323153\/"},"modified":"2025-08-16T15:50:15","modified_gmt":"2025-08-16T15:50:15","slug":"la-vente-de-biere-restreinte-les-supporters-nantais-protestent","status":"publish","type":"post","link":"https:\/\/www.europesays.com\/fr\/323153\/","title":{"rendered":"la vente de bi\u00e8re restreinte, les supporters nantais protestent"},"content":{"rendered":"<p class=\"mb-4 text-lg md:leading-8 break-words\">A la veille de la r\u00e9ception du <a href=\"https:\/\/fr.news.yahoo.com\/sport\/ballon-dor-apr%C3%A8s-sortie-dissonante-123428530.html\" data-ylk=\"slk:PSG;elm:context_link;itc:0;sec:content-canvas;outcm:mb_qualified_link;_E:mb_qualified_link;ct:story;\" class=\"link  yahoo-link\" rel=\"nofollow noopener\" target=\"_blank\">PSG<\/a> pour le lancement de leur saison de Ligue 1, les supporters nantais ont eu une mauvaise surprise : la vente de bi\u00e8re sera restreinte sur le parvis de <a href=\"https:\/\/fr.news.yahoo.com\/sport\/nantes-psg-1-000-supporters-135333405.html\" data-ylk=\"slk:la Beaujoire;elm:context_link;itc:0;sec:content-canvas;outcm:mb_qualified_link;_E:mb_qualified_link;ct:story;\" class=\"link  yahoo-link\" rel=\"nofollow noopener\" target=\"_blank\">la Beaujoire<\/a>. Pour s&rsquo;offrir un verre du brevage tant convoit\u00e9 par les supporters de football, il faudra obligatoirement acheter un repas.<\/p>\n<p class=\"mb-4 text-lg md:leading-8 break-words\">Une pratique qui ne passe pas pour les habitu\u00e9s du FC Nantes. Dans la foul\u00e9e de cette annonce, les collectifs de fans des Canaris se sont alli\u00e9s dans la r\u00e9daction d&rsquo;un communiqu\u00e9, diffus\u00e9 sur les r\u00e9seaux sociaux.<\/p>\n<p>\u00ab\u00a0Une atteinte \u00e0 la convivialit\u00e9 de notre stade\u00a0\u00bb<\/p>\n<p class=\"mb-4 text-lg md:leading-8 break-words\">\u00ab\u00a0Les commer\u00e7ants ambulants qui animent le parvis font partie int\u00e9grante de l&rsquo;identit\u00e9 de la Beaujoire. Ils sont un passage incontournable avant ou apr\u00e8s le match, que ce soit pour se restaurer ou simplement partager un verre\u00a0\u00bb, rappelle le collectif de supporters des Canaris. Avant de d\u00e9noncer \u00ab\u00a0une atteinte \u00e0 la convivialit\u00e9 de notre stade\u00a0\u00bb o\u00f9 \u00ab\u00a0l&rsquo;ambiance unique risque de dispara\u00eetre\u00a0\u00bb.<\/p>\n<p class=\"mb-4 text-lg md:leading-8 break-words\">Si le groupement de supporters nantais r\u00e9clame \u00ab\u00a0des \u00e9claircissements publics\u00a0\u00bb, c&rsquo;est \u00e0 la Ville et la pr\u00e9fecture de d\u00e9cider du sort des commer\u00e7ants aux abords des stades de football. \u00ab\u00a0A d\u00e9faut, nous saurons exprimer notre opposition, comme nous l&rsquo;avons toujours fait par le pass\u00e9\u00a0\u00bb, lancent-ils. Pour l&rsquo;heure, le <a href=\"https:\/\/rmcsport.bfmtv.com\/football\/ligue-1\/nantes-psg-comment-suivre-le-match-de-ligue-1-en-direct-et-en-streaming_AB-202508140436.html\" rel=\"nofollow noopener\" target=\"_blank\" data-ylk=\"slk:FC Nantes recevra le PSG;elm:context_link;itc:0;sec:content-canvas\" class=\"link \">FC Nantes recevra le PSG<\/a> ce dimanche \u00e0 20h45 pour la cl\u00f4ture de la premi\u00e8re journ\u00e9e de Ligue 1.<\/p>\n<p class=\"mb-4 text-lg md:leading-8 break-words\"><a href=\"https:\/\/rmcsport.bfmtv.com\/football\/ligue-1\/nantes-psg-la-vente-de-biere-restreinte-les-supporters-nantais-protestent_AV-202508160213.html#xtor=AL-68\" rel=\"nofollow noopener\" target=\"_blank\" data-ylk=\"slk:Article original publi\u00e9 sur RMC Sport;elm:context_link;itc:0;sec:content-canvas\" class=\"link \">Article original publi\u00e9 sur RMC Sport<\/a><\/p>\n","protected":false},"excerpt":{"rendered":"A la veille de la r\u00e9ception du PSG pour le lancement de leur saison de Ligue 1, les&hellip;\n","protected":false},"author":2,"featured_media":323154,"comment_status":"","ping_status":"","sticky":false,"template":"","format":"standard","meta":{"footnotes":""},"categories":[2818],"tags":[1111,11,10999,21199,46065,1777,674,462,1011,27,766,12,2636,93,25,28024],"class_list":{"0":"post-323153","1":"post","2":"type-post","3":"status-publish","4":"format-standard","5":"has-post-thumbnail","7":"category-nantes","8":"tag-actu","9":"tag-actualites","10":"tag-beaujoire","11":"tag-canaris","12":"tag-commercants-ambulants","13":"tag-eu","14":"tag-europe","15":"tag-fc-nantes","16":"tag-fr","17":"tag-france","18":"tag-nantes","19":"tag-news","20":"tag-pays-de-la-loire","21":"tag-psg","22":"tag-republique-francaise","23":"tag-stades-de-football"},"share_on_mastodon":{"url":"https:\/\/pubeurope.com\/@fr\/115039241687828311","error":""},"_links":{"self":[{"href":"https:\/\/www.europesays.com\/fr\/wp-json\/wp\/v2\/posts\/323153","targetHints":{"allow":["GET"]}}],"collection":[{"href":"https:\/\/www.europesays.com\/fr\/wp-json\/wp\/v2\/posts"}],"about":[{"href":"https:\/\/www.europesays.com\/fr\/wp-json\/wp\/v2\/types\/post"}],"author":[{"embeddable":true,"href":"https:\/\/www.europesays.com\/fr\/wp-json\/wp\/v2\/users\/2"}],"replies":[{"embeddable":true,"href":"https:\/\/www.europesays.com\/fr\/wp-json\/wp\/v2\/comments?post=323153"}],"version-history":[{"count":0,"href":"https:\/\/www.europesays.com\/fr\/wp-json\/wp\/v2\/posts\/323153\/revisions"}],"wp:featuredmedia":[{"embeddable":true,"href":"https:\/\/www.europesays.com\/fr\/wp-json\/wp\/v2\/media\/323154"}],"wp:attachment":[{"href":"https:\/\/www.europesays.com\/fr\/wp-json\/wp\/v2\/media?parent=323153"}],"wp:term":[{"taxonomy":"category","embeddable":true,"href":"https:\/\/www.europesays.com\/fr\/wp-json\/wp\/v2\/categories?post=323153"},{"taxonomy":"post_tag","embeddable":true,"href":"https:\/\/www.europesays.com\/fr\/wp-json\/wp\/v2\/tags?post=323153"}],"curies":[{"name":"wp","href":"https:\/\/api.w.org\/{rel}","templated":true}]}}