{"id":323155,"date":"2025-08-16T15:52:24","date_gmt":"2025-08-16T15:52:24","guid":{"rendered":"https:\/\/www.europesays.com\/fr\/323155\/"},"modified":"2025-08-16T15:52:24","modified_gmt":"2025-08-16T15:52:24","slug":"les-previsions-meteo-du-samedi-16-aout-a-bordeaux","status":"publish","type":"post","link":"https:\/\/www.europesays.com\/fr\/323155\/","title":{"rendered":"Les pr\u00e9visions m\u00e9t\u00e9o du samedi 16 ao\u00fbt \u00e0 Bordeaux"},"content":{"rendered":"<p>Aujourd\u2019hui, pr\u00e9pare-toi \u00e0 une v\u00e9ritable fournaise \u00e0 <a href=\"http:\/\/bordeaux.fr\" target=\"_blank\" rel=\"noreferrer noopener nofollow\">Bordeaux<\/a>. Le soleil brillera du matin au soir et la fiabilit\u00e9 de cette pr\u00e9vision est excellente : aucun nuage ne viendra g\u00e2cher la f\u00eate\u2026 ou plut\u00f4t, accentuer la canicule. Les temp\u00e9ratures oscilleront entre 25\u00b0C au r\u00e9veil et un impressionnant 41\u00b0C l\u2019apr\u00e8s-midi, soit 11\u00b0C au-dessus des normales saisonni\u00e8res. Autant dire qu\u2019il faudra prendre tes pr\u00e9cautions.<\/p>\n<p style=\"font-size:16px\"><strong>Ce matin<\/strong>, d\u00e8s 8 h, il fera d\u00e9j\u00e0 chaud : <strong>25\u00b0C<\/strong> avec un ressenti de 27\u00b0C \u00e0 cause de l\u2019humidit\u00e9. Le vent restera discret (rafales \u00e0 15 km\/h), l\u2019air sera calme et sec, et le risque de pluie est inexistant. L\u2019indice UV atteindra 4 : mod\u00e9r\u00e9, mais cr\u00e8me solaire recommand\u00e9e si tu sors.<\/p>\n<p style=\"font-size:16px\"><strong>Cet apr\u00e8s-midi<\/strong>, la chaleur s\u2019intensifiera : <strong>41\u00b0C<\/strong> au thermom\u00e8tre, mais <strong>45\u00b0C ressentis<\/strong> sous l\u2019effet du soleil. Quelques nuages \u00e9pars, un vent de nord-est soufflant jusqu\u2019\u00e0 25 km\/h, et un indice UV de 8, tr\u00e8s fort. Casquette, lunettes et hydratation seront indispensables.<\/p>\n<p><img fetchpriority=\"high\" decoding=\"async\" width=\"800\" height=\"534\" src=\"https:\/\/www.bougerabordeaux.com\/wp-content\/uploads\/2025\/07\/chaleur-bx.webp\" alt=\"\" class=\"wp-image-80483\" style=\"width:651px;height:auto\"  \/>Bordeaux sous forte canicule aujourd\u2019hui : 25 \u00e0 41\u00b0C, soleil constant, aucun risque de pluie.<\/p>\n<p style=\"font-size:16px\"><strong>En soir\u00e9e<\/strong>, il fera encore <strong>35\u00b0C<\/strong> (33\u00b0C ressentis) avec un vent plus marqu\u00e9, rafales \u00e0 35 km\/h. Le ciel restera clair, et le risque de pluie restera nul. L\u2019indice UV chutera \u00e0 2, faible.<\/p>\n<p style=\"font-size:16px\"><strong>La nuit<\/strong> restera chaude : <strong>24\u00b0C<\/strong> (26\u00b0C ressentis), un l\u00e9ger vent du nord-est \u00e0 10 km\/h, et un ciel parfaitement d\u00e9gag\u00e9..<\/p>\n<p style=\"font-size:16px\">Bref, profite du soleil, mais m\u00e9nage-toi : aujourd\u2019hui, la star, c\u2019est la chaleur.<\/p>\n<p style=\"font-size:16px\">\u00c0 lire aussi : <a href=\"https:\/\/www.bougerabordeaux.com\/actu\/news\/un-grand-week-end-de-bouchons-sannonce-a-bordeaux-et-en-gironde\/\" target=\"_blank\" rel=\"noreferrer noopener nofollow\">Un grand week-end de bouchons s\u2019annonce \u00e0 Bordeaux et en Gironde<\/a><\/p>\n","protected":false},"excerpt":{"rendered":"Aujourd\u2019hui, pr\u00e9pare-toi \u00e0 une v\u00e9ritable fournaise \u00e0 Bordeaux. Le soleil brillera du matin au soir et la fiabilit\u00e9&hellip;\n","protected":false},"author":2,"featured_media":313355,"comment_status":"","ping_status":"","sticky":false,"template":"","format":"standard","meta":{"footnotes":""},"categories":[2817],"tags":[1111,11,1997,1777,674,1011,27,12,2219,25],"class_list":{"0":"post-323155","1":"post","2":"type-post","3":"status-publish","4":"format-standard","5":"has-post-thumbnail","7":"category-bordeaux","8":"tag-actu","9":"tag-actualites","10":"tag-bordeaux","11":"tag-eu","12":"tag-europe","13":"tag-fr","14":"tag-france","15":"tag-news","16":"tag-nouvelle-aquitaine","17":"tag-republique-francaise"},"share_on_mastodon":{"url":"https:\/\/pubeurope.com\/@fr\/115039249795192453","error":""},"_links":{"self":[{"href":"https:\/\/www.europesays.com\/fr\/wp-json\/wp\/v2\/posts\/323155","targetHints":{"allow":["GET"]}}],"collection":[{"href":"https:\/\/www.europesays.com\/fr\/wp-json\/wp\/v2\/posts"}],"about":[{"href":"https:\/\/www.europesays.com\/fr\/wp-json\/wp\/v2\/types\/post"}],"author":[{"embeddable":true,"href":"https:\/\/www.europesays.com\/fr\/wp-json\/wp\/v2\/users\/2"}],"replies":[{"embeddable":true,"href":"https:\/\/www.europesays.com\/fr\/wp-json\/wp\/v2\/comments?post=323155"}],"version-history":[{"count":0,"href":"https:\/\/www.europesays.com\/fr\/wp-json\/wp\/v2\/posts\/323155\/revisions"}],"wp:featuredmedia":[{"embeddable":true,"href":"https:\/\/www.europesays.com\/fr\/wp-json\/wp\/v2\/media\/313355"}],"wp:attachment":[{"href":"https:\/\/www.europesays.com\/fr\/wp-json\/wp\/v2\/media?parent=323155"}],"wp:term":[{"taxonomy":"category","embeddable":true,"href":"https:\/\/www.europesays.com\/fr\/wp-json\/wp\/v2\/categories?post=323155"},{"taxonomy":"post_tag","embeddable":true,"href":"https:\/\/www.europesays.com\/fr\/wp-json\/wp\/v2\/tags?post=323155"}],"curies":[{"name":"wp","href":"https:\/\/api.w.org\/{rel}","templated":true}]}}