{"id":323156,"date":"2025-08-16T15:53:17","date_gmt":"2025-08-16T15:53:17","guid":{"rendered":"https:\/\/www.europesays.com\/fr\/323156\/"},"modified":"2025-08-16T15:53:17","modified_gmt":"2025-08-16T15:53:17","slug":"notre-selection-de-courses-solidaires-a-faire-a-toulouse","status":"publish","type":"post","link":"https:\/\/www.europesays.com\/fr\/323156\/","title":{"rendered":"notre s\u00e9lection de courses solidaires \u00e0 faire \u00e0 Toulouse"},"content":{"rendered":"<p>            Par<br \/>\n        <strong><br \/>\n            <a href=\"https:\/\/actu.fr\/auteur\/lucie-2\" title=\"Consulter tous les articles de Lucie Fraisse\" target=\"_blank\" rel=\"noopener\">Lucie Fraisse<\/a><br \/>\n        <\/strong><\/p>\n<p>        Publi\u00e9 le<\/p>\n<p>            16 ao\u00fbt 2025 \u00e0 17h22        <\/p>\n<p>Un Fran\u00e7ais sur quatre court r\u00e9guli\u00e8rement et une grande partie d\u2019entre eux ont d\u00e9j\u00e0 particip\u00e9 \u00e0 une course \u00e0 pied organis\u00e9e <strong>: 10,77 millions de personnes l\u2019ont fait en 2024<\/strong>. Sur une courte distance, sur <strong>10 kilom\u00e8tres<\/strong> (discipline la plus courue) ou sur un mythique <strong>marathon<\/strong>. \u00c0 <strong><a href=\"https:\/\/actu.fr\/toulouse\/\" target=\"_blank\" rel=\"noopener\">Toulouse<\/a><\/strong> et aux alentours, de nombreuses <strong>courses<\/strong> sont organis\u00e9es chaque ann\u00e9e. Une belle partie d\u2019entre elles allient performance sportive et <strong>cause caritative<\/strong>. Si vous avez envie de chausser vos baskets pour une belle cause, <strong>d\u00e9couvrez notre s\u00e9lection<\/strong>.<\/p>\n<p>#1. La Jeannette<br \/>\n    <img   decoding=\"async\" loading=\"lazy\" src=\"https:\/\/www.europesays.com\/fr\/wp-content\/uploads\/2025\/08\/courseadultemarche-113-960x640.jpg\" alt=\"En 2024, la Jeannette avait rassembl\u00e9 1500 coureurs et permis de r\u00e9colter plus de 50 000 euros.\" width=\"960\" height=\"640\"\/><br \/>\n    En 2024, la Jeannette avait rassembl\u00e9 1 500 coureurs et permis de r\u00e9colter plus de 50 000 euros. (\u00a9Patrick Galy\/ La Jeannette)<\/p>\n<p class=\" wall-content\">La Jeannette, c\u2019est tout un quartier qui se mobilise en souvenir de Jeanne, <a href=\"https:\/\/actu.fr\/occitanie\/toulouse_31555\/hommage-jeanne-morte-8-ans-cancer-quartier-toulouse-mobilise-pour-recolter-fonds_35963254.html\" target=\"_blank\" rel=\"noopener\">une habitante des Sept-deniers d\u00e9c\u00e9d\u00e9e en 2018 d\u2019un cancer du cerveau<\/a>, alors qu\u2019elle avait seulement 8 ans.<\/p>\n<p class=\" wall-content\">Sous l\u2019impulsion de sa famille, de ses proches et de ses amis,<strong> la Jeannette<\/strong> permet chaque ann\u00e9e de r\u00e9colter des fonds pour la recherche contre les cancers p\u00e9diatriques, premi\u00e8re cause de d\u00e9c\u00e8s par maladie chez l\u2019enfant.\u00a0<\/p>\n<p class=\" wall-content\">Cette ann\u00e9e, la Jeannette se d\u00e9roulera<strong> le samedi 27 septembre 2025<\/strong>. Au d\u00e9part de la place Job, pour cette 6e \u00e9dition, plusieurs courses pour toute la famille et tous les niveaux : 800 m (pour les 5-7 ans) ; 1,5 km (pour les 8-13 ans) ; 5 km adultes ; 10 km adultes et marche 5 km.<\/p>\n<p class=\" wall-content\">Spectacles, repas, stage de danses, etc. sont aussi au programme de cette journ\u00e9e festive pens\u00e9e dans l\u2019esprit de ce que Jeanne aimait.<\/p>\n<p>Inscriptions et informations <a href=\"https:\/\/7animes.wixsite.com\/la-jeannette\" target=\"_blank\" rel=\"noopener\">sur le site de la Jeannette<\/a>.#2. Triathlon des Roses<br \/>\n    <img   decoding=\"async\" loading=\"lazy\" src=\"https:\/\/www.europesays.com\/fr\/wp-content\/uploads\/2025\/08\/c-vincent-krieger-241020-124355-vk9-7323-960x640.jpg\" alt=\"Le triathlon des roses se d\u00e9roule dans plusieurs villes de France, dont Toulouse.\" width=\"960\" height=\"640\"\/><br \/>\n    Le triathlon des roses se d\u00e9roule dans plusieurs villes de France, dont Toulouse. (\u00a9Vincent Krieger)<\/p>\n<p class=\" wall-content\">Cet \u00e9v\u00e9nement est organis\u00e9 par <strong>la fondation ARC<\/strong> et permet de r\u00e9colter des fonds pour financer la recherche sur les cancers du sein, mais aussi sensibiliser le grand public sur les bienfaits du sport sur la sant\u00e9 et informer le grand public sur les avanc\u00e9es de la recherche sur les avanc\u00e9es de la recherche sur les cancers du sein.<\/p>\n<p class=\" wall-content\">Au programme de ce <strong>dimanche 28 septembre 2025<\/strong> : natation (100m), cyclisme (6 km) et course \u00e0 pied (2 km). Les trois disciplines peuvent \u00eatre exerc\u00e9es seule (r\u00e9serv\u00e9 aux femmes) ou en relais de 2 ou 3 personnes (mixit\u00e9 possible). Le parcours se d\u00e9roule aux Argoulets.<\/p>\n<p>Infos pratiques :<br \/>\nToutes les informations <a href=\"https:\/\/toulouse.triathlondesroses.fr\/participer-ou-soutenir\/les-informations-pratiques\/\" target=\"_blank\" rel=\"noopener\">sur le site du triathlon des Roses<\/a>.#3. Nuit des relais<\/p>\n<p class=\" wall-content\">Cette course solidaire est organis\u00e9e par la Fondation des femmes, le <strong>2 octobre 202<\/strong>5. Une course contre les violences faites aux femmes qui se tiendra place du Capitole.\u00a0<\/p>\n<p>Plus d\u2019infos <a href=\"https:\/\/toulouse.nuitdesrelais.org\/\" target=\"_blank\" rel=\"noopener\">sur le site de la manifestation<\/a>.#4. Je me ligue contre le cancer<br \/>\n    <img   decoding=\"async\" loading=\"lazy\" src=\"https:\/\/www.europesays.com\/fr\/wp-content\/uploads\/2025\/08\/liguecontrelecancer-octobrerose-lr6a5196-960x640.jpg\" alt=\"Cette course est organis\u00e9e par la Ligue contre le cancer de Haute-Garonne.\" width=\"960\" height=\"640\"\/><br \/>\n    Cette course est organis\u00e9e par la Ligue contre le cancer de Haute-Garonne. (\u00a9M\u00e9lanie Marti)<\/p>\n<p class=\" wall-content\">C\u2019est<strong> l\u2019une des plus grosses courses caritatives de la Haute-Garonne<\/strong>. La onzi\u00e8me \u00e9dition de ce rendez-vous organis\u00e9 par la Ligue contre le cancer se tiendra le <strong>5 octobre 2025<\/strong> \u00e0 la base de loisirs des Argoulets.<\/p>\n<p class=\" wall-content\">Objectif de cette ann\u00e9e : r\u00e9unir 10 000 participants afin de r\u00e9colter 210 000 euros au profit de la lutte contre le cancer du sein et ceux li\u00e9s au papillomavirus.<\/p>\n<p class=\" wall-content\">Plusieurs \u00e9preuves sont propos\u00e9es\u00a0 : course 10 km ; course 5 km ; marche 5 km ; course enfant de 1 km ; rando moto\u2026 Aucun chronom\u00e8tre, c\u2019est juste pour le plaisir !<\/p>\n<p>Infos pratiques : toutes les informations <a href=\"https:\/\/jemeliguecontrelecancer31.net\/\" target=\"_blank\" rel=\"noopener\">sur le site de la course<\/a>.#5. La Sein\u2019guli\u00e8re \u00e0 Bessi\u00e8res<\/p>\n<p class=\" wall-content\">La troisi\u00e8me \u00e9dition de cette course se d\u00e9roulera le <strong>samedi 18 octobre<\/strong>. Objectif : atteindre 1000 participants avec une course de 5 ou 10 km et une marche de 7 km \u00e0 travers la commune.<\/p>\n<p>Toutes les infos <a href=\"https:\/\/www.bessieres.fr\/octobre-rose-1-la-seinguliere-page\/\" target=\"_blank\" rel=\"noopener\">sur le site de la manifestation<\/a>.\u00a0#6. La Course des lumi\u00e8res<\/p>\n<p class=\" wall-content\">Rendez-vous le <strong>22 novembre <\/strong>pour cette course en lumi\u00e8re qui permet de r\u00e9colter des fonds contre le cancer avec <strong>la fondation Toulouse Cancer sant\u00e9<\/strong>. Au programme, une marche et une course de 5 kilom\u00e8tres, \u00e0 faire \u00e0 titre individuel ou pour une entreprise. Une participation en tant qu\u2019ambassadeur permet aussi d\u2019organiser une collecte de dons.<\/p>\n<p class=\" wall-content\">Le d\u00e9part se fera du pont Saint-Pierre.<\/p>\n<p>Infos pratiques : Toutes les informations <a href=\"https:\/\/www.coursedeslumieres.com\/villes\/toulouse\" target=\"_blank\" rel=\"noopener\">sur le site de la course<\/a>.#7. La Launagu\u2019\u00e9toile<\/p>\n<p class=\" wall-content\">Rendez-vous le<strong> 7 d\u00e9cembre<\/strong> \u00e0 Launaguet au gymnase de la Palanque pour la 13e \u00e9dition de la Launagu\u2019\u00e9toile. Les b\u00e9n\u00e9fices de cette course sont notamment revers\u00e9s \u00e0 l\u2019Arsep, une fondation pour l\u2019aide \u00e0 la recherche sur la scl\u00e9rose en plaque.<\/p>\n<p>Plus d\u2019informations <a href=\"https:\/\/www.courirpoureux.com\/launagu-%C3%A9toile-2024\/\" target=\"_blank\" rel=\"noopener\">sur le site de la course<\/a>.#8. Les Bacchantes<br \/>\n    <img   decoding=\"async\" loading=\"lazy\" src=\"https:\/\/www.europesays.com\/fr\/wp-content\/uploads\/2025\/08\/les-bacchantes-montpellier-2018_03-960x640.jpg\" alt=\"Rendez-vous le 17 novembre \u00e0 partir de 10h pour 8km de course solidaire \" width=\"960\" height=\"640\"\/><br \/>\n    Rendez-vous le 16 novembre pour cette course solidaire (\u00a9Les Bacchantes)<\/p>\n<p class=\" wall-content\">C\u2019est la course <strong>\u00ab\u00a0pas s\u00e9rieuse pour une cause s\u00e9rieuse\u00a0\u00bb<\/strong>. Elle se d\u00e9roulera le <strong>dimanche 16 novembre 2025<\/strong>, au d\u00e9part du Port Viguerie pour un parcours festif en bord de Garonne.<\/p>\n<p class=\" wall-content\">Un parcours de 8 kilom\u00e8tres, ou une marche conviviale de 4 kilom\u00e8tres sont au programme de cette mobilisation o\u00f9 il est de bon ton de venir avec une moustache. Les b\u00e9n\u00e9fices sont collect\u00e9s au profit de la <strong>recherche contre le cancer de la prostate<\/strong>.<\/p>\n<p>Infos pratiques<a href=\"https:\/\/www.lesbacchantes.org\/toulouse\/index.htm\" target=\"_blank\" rel=\"noopener\"> sur le site de la course<\/a>.\u00a0#9. La Corrida de Cugnaux<\/p>\n<p class=\" wall-content\">Cette course organis\u00e9e par le <strong>Rotary club<\/strong> de Cugnaux se tient traditionnellement au mois de <strong>juin<\/strong>. Chaque ann\u00e9e, les b\u00e9n\u00e9fices <strong>sont revers\u00e9s \u00e0 des associations diff\u00e9rentes<\/strong>. Au programme une course de 5 kilom\u00e8tres et une autre de 10 kilom\u00e8tres.<\/p>\n<p>Date (\u00e0 venir) de la course et infos pratiques <a href=\"https:\/\/la-corrida.rotarycugnaux.com\/\" target=\"_blank\" rel=\"noopener\">sur le lien suivant<\/a>.#10. La Corrida p\u00e9destre de Toulouse\u00a0<br \/>\n    <img   decoding=\"async\" loading=\"lazy\" src=\"https:\/\/www.europesays.com\/fr\/wp-content\/uploads\/2025\/08\/corrida-p\u00e9destre-960x640.jpg\" alt=\"Corrida p\u00e9destre et fan zone du Mondial de foot vont avoir un impact sur les conditions de circulation \u00e0 Toulouse \" width=\"960\" height=\"640\"\/><br \/>\n    La Corrida p\u00e9destre se mobilise pour des associations en faveur de l\u2019enfance(\u00a9La Corrida Cr\u00e9dit agricole toulouse 31)<\/p>\n<p class=\" wall-content\">La <strong>Corrida p\u00e9destre<\/strong> Cr\u00e9dit agricole 31 se d\u00e9roule chaque ann\u00e9e au d\u00e9but du mois de <strong>juillet<\/strong> en centre-ville de Toulouse, en fin de journ\u00e9e. Deux parcours sont pr\u00e9vus : un de 3 kilom\u00e8tres et un autre de 10 kilom\u00e8tres. La totalit\u00e9 des b\u00e9n\u00e9fices est revers\u00e9 \u00e0 des associations qui \u0153uvrent en faveur de <strong>l\u2019enfance<\/strong>.<\/p>\n<p>Infos pratiques et date (\u00e0 venir)<a href=\"https:\/\/www.corridapedestredetoulouse.com\/\" target=\"_blank\" rel=\"noopener\"> sur le site de la Corrida<\/a>.#11. Toulouse Onco Run\u00a0<\/p>\n<p class=\" wall-content\">La prochaine \u00e9dition de la <strong>Toulouse Onco Run<\/strong> se d\u00e9roulera le <strong>dimanche 1er f\u00e9vrier 2026<\/strong>, sur le campus Sant\u00e9 du futur \u00e0 l\u2019Oncopole. Cette course est organis\u00e9e par la Ligue contre le cancer de la Haute-Garonne et permet de r\u00e9colter des fonds dans le cadre de la Journ\u00e9e mondiale de <strong>lutte contre le cancer.<\/strong><\/p>\n<p class=\" wall-content\">Suivez toute l\u2019actualit\u00e9 de vos villes et m\u00e9dias favoris en vous inscrivant \u00e0 <a href=\"https:\/\/moncompte.actu.fr\" title=\"D\u00e9couvez Mon Actu\" rel=\"nofollow noopener\" data-trk=\"{&quot;cta&quot;:{&quot;action&quot;:&quot;https:\\\/\\\/moncompte.actu.fr&quot;,&quot;category&quot;:&quot;mon compte&quot;,&quot;from&quot;:&quot;article footer&quot;,&quot;name&quot;:&quot;Mon actu&quot;,&quot;type&quot;:&quot;cta&quot;}}\" target=\"_blank\">Mon Actu<\/a>.<\/p>\n","protected":false},"excerpt":{"rendered":"Par Lucie Fraisse Publi\u00e9 le 16 ao\u00fbt 2025 \u00e0 17h22 Un Fran\u00e7ais sur quatre court r\u00e9guli\u00e8rement et une&hellip;\n","protected":false},"author":2,"featured_media":323157,"comment_status":"","ping_status":"","sticky":false,"template":"","format":"standard","meta":{"footnotes":""},"categories":[2816],"tags":[1111,11,1777,674,1011,27,12,2680,25,3400,60,2312],"class_list":{"0":"post-323156","1":"post","2":"type-post","3":"status-publish","4":"format-standard","5":"has-post-thumbnail","7":"category-toulouse","8":"tag-actu","9":"tag-actualites","10":"tag-eu","11":"tag-europe","12":"tag-fr","13":"tag-france","14":"tag-news","15":"tag-occitanie","16":"tag-republique-francaise","17":"tag-solidarite","18":"tag-sports","19":"tag-toulouse"},"share_on_mastodon":{"url":"https:\/\/pubeurope.com\/@fr\/115039253746808722","error":""},"_links":{"self":[{"href":"https:\/\/www.europesays.com\/fr\/wp-json\/wp\/v2\/posts\/323156","targetHints":{"allow":["GET"]}}],"collection":[{"href":"https:\/\/www.europesays.com\/fr\/wp-json\/wp\/v2\/posts"}],"about":[{"href":"https:\/\/www.europesays.com\/fr\/wp-json\/wp\/v2\/types\/post"}],"author":[{"embeddable":true,"href":"https:\/\/www.europesays.com\/fr\/wp-json\/wp\/v2\/users\/2"}],"replies":[{"embeddable":true,"href":"https:\/\/www.europesays.com\/fr\/wp-json\/wp\/v2\/comments?post=323156"}],"version-history":[{"count":0,"href":"https:\/\/www.europesays.com\/fr\/wp-json\/wp\/v2\/posts\/323156\/revisions"}],"wp:featuredmedia":[{"embeddable":true,"href":"https:\/\/www.europesays.com\/fr\/wp-json\/wp\/v2\/media\/323157"}],"wp:attachment":[{"href":"https:\/\/www.europesays.com\/fr\/wp-json\/wp\/v2\/media?parent=323156"}],"wp:term":[{"taxonomy":"category","embeddable":true,"href":"https:\/\/www.europesays.com\/fr\/wp-json\/wp\/v2\/categories?post=323156"},{"taxonomy":"post_tag","embeddable":true,"href":"https:\/\/www.europesays.com\/fr\/wp-json\/wp\/v2\/tags?post=323156"}],"curies":[{"name":"wp","href":"https:\/\/api.w.org\/{rel}","templated":true}]}}