{"id":323160,"date":"2025-08-16T15:56:14","date_gmt":"2025-08-16T15:56:14","guid":{"rendered":"https:\/\/www.europesays.com\/fr\/323160\/"},"modified":"2025-08-16T15:56:14","modified_gmt":"2025-08-16T15:56:14","slug":"ce-nest-pas-avec-douze-joueurs-dexperience-que-tu-fais-une-saison-le-stade-brestois-avec-un-effectif-trop-juste-pour-la-reprise-face-a-lille","status":"publish","type":"post","link":"https:\/\/www.europesays.com\/fr\/323160\/","title":{"rendered":"\u00ab\u00a0Ce n\u2019est pas avec douze joueurs d\u2019exp\u00e9rience que tu fais une saison\u00a0\u00bb, le Stade Brestois avec un effectif trop juste pour la reprise face \u00e0 Lille\u00a0?"},"content":{"rendered":"<p>Ligue 1 (1re journ\u00e9e). Stade Brestois &#8211; Lille, ce dimanche (15 h)<\/p>\n<p>Le d\u00e9part de <a href=\"https:\/\/www.letelegramme.fr\/sports\/football\/stade-rennais\/on-avait-un-accord-franck-haise-tacle-la-volte-face-de-mahdi-camara-apres-son-depart-au-stade-rennais-6872049.php\" target=\"_blank\" rel=\"noopener\">Mahdi Camara \u00e0 Rennes<\/a> va laisser un grand vide dans l\u2019entrejeu brestois. \u00ab Je suis content qu\u2019il valorise contractuellement les belles ann\u00e9es qu\u2019il a pass\u00e9es chez nous \u00bb, r\u00e9agissait \u00c9ric Roy en conf\u00e9rence de presse avant la reprise contre Lille, ce dimanche (15 h). Avec lui, le coach finist\u00e9rien perd un pilier, un joueur rompu \u00e0 la Ligue 1 (182 matchs). Et ils ne sont plus l\u00e9gion dans l\u2019effectif du Stade Brestois. \u00ab J\u2019ai fait le point tout \u00e0 l\u2019heure, j\u2019ai douze joueurs qui ont d\u00e9j\u00e0 jou\u00e9 en Ligue 1\u2026 \u00bb, l\u00e2chait-il avant de marquer un blanc.<\/p>\n<p>\u00ab Je ne demande rien du tout \u00bb<\/p>\n<p>Factuellement, 18 des 21 joueurs sous contrat professionnel ont d\u00e9j\u00e0 disput\u00e9 au moins une rencontre dans l\u2019\u00e9lite, avec une moyenne de 76 matchs jou\u00e9s (1 592 matchs au total). Le technicien ni\u00e7ois voulait surtout mettre en avant ses douze joueurs ayant disput\u00e9 au moins 25 rencontres en L1. \u00ab Pour tous les autres de l\u2019effectif, continuait-il, ce sont soit des jeunes, soit des gar\u00e7ons qui n\u2019ont pas encore jou\u00e9 en Ligue 1. Ce n\u2019est pas avec douze joueurs d\u2019exp\u00e9rience que tu fais une saison. \u00bb<\/p>\n<p>Souhaite-t-il imp\u00e9rativement des renforts ? \u00ab Je ne demanderai rien du tout, c\u2019est juste un constat \u00bb, r\u00e9pondait-il. L\u2019ann\u00e9e pass\u00e9e, pour la reprise face \u00e0 l\u2019OM, il disposait du m\u00eame nombre de joueurs \u00ab exp\u00e9riment\u00e9s \u00bb, mais avec une moyenne plus \u00e9lev\u00e9e d\u2019apparitions en championnat (93). Seuls Ajorque et Faivre avaient alors renforc\u00e9 les troupes, et le d\u00e9but de saison n\u2019avait pas \u00e9t\u00e9 des plus glorieux en termes de points (trois apr\u00e8s quatre journ\u00e9es) et de contenu, alors qu\u2019ils allaient d\u00e9couvrir la Ligue des champions. \u00ab L\u2019ann\u00e9e derni\u00e8re, on a perdu beaucoup de points sur les quatre premiers matchs, expliquait-il la semaine derni\u00e8re. Ce sont ces points qui nous manquent \u00e0 la fin pour \u00eatre europ\u00e9ens. \u00bb Malgr\u00e9 les doutes, \u00c9ric Roy tr\u00e9pigne \u00e0 l\u2019id\u00e9e de retrouver la comp\u00e9tition. \u00ab J\u2019ai h\u00e2te d\u2019en d\u00e9coudre d\u00e8s le premier match, quelle que soit la situation de notre effectif, comme on l\u2019a toujours fait. \u00bb Et il sait qu\u2019\u00e0 Brest, les renforts arriveront tardivement. Mais arriveront, \u00e0 n\u2019en pas douter.<\/p>\n","protected":false},"excerpt":{"rendered":"Ligue 1 (1re journ\u00e9e). Stade Brestois &#8211; Lille, ce dimanche (15 h) Le d\u00e9part de Mahdi Camara \u00e0&hellip;\n","protected":false},"author":2,"featured_media":323161,"comment_status":"","ping_status":"","sticky":false,"template":"","format":"standard","meta":{"footnotes":""},"categories":[2815],"tags":[1111,11,3450,1777,674,63,1011,27,811,66,1307,30393,33136,12,25,60,4449],"class_list":{"0":"post-323160","1":"post","2":"type-post","3":"status-publish","4":"format-standard","5":"has-post-thumbnail","7":"category-lille","8":"tag-actu","9":"tag-actualites","10":"tag-brest","11":"tag-eu","12":"tag-europe","13":"tag-football","14":"tag-fr","15":"tag-france","16":"tag-hauts-de-france","17":"tag-ligue-1","18":"tag-lille","19":"tag-mercato-pro","20":"tag-mercato-stade-brestois","21":"tag-news","22":"tag-republique-francaise","23":"tag-sports","24":"tag-stade-brestois"},"share_on_mastodon":{"url":"https:\/\/pubeurope.com\/@fr\/115039265263319591","error":""},"_links":{"self":[{"href":"https:\/\/www.europesays.com\/fr\/wp-json\/wp\/v2\/posts\/323160","targetHints":{"allow":["GET"]}}],"collection":[{"href":"https:\/\/www.europesays.com\/fr\/wp-json\/wp\/v2\/posts"}],"about":[{"href":"https:\/\/www.europesays.com\/fr\/wp-json\/wp\/v2\/types\/post"}],"author":[{"embeddable":true,"href":"https:\/\/www.europesays.com\/fr\/wp-json\/wp\/v2\/users\/2"}],"replies":[{"embeddable":true,"href":"https:\/\/www.europesays.com\/fr\/wp-json\/wp\/v2\/comments?post=323160"}],"version-history":[{"count":0,"href":"https:\/\/www.europesays.com\/fr\/wp-json\/wp\/v2\/posts\/323160\/revisions"}],"wp:featuredmedia":[{"embeddable":true,"href":"https:\/\/www.europesays.com\/fr\/wp-json\/wp\/v2\/media\/323161"}],"wp:attachment":[{"href":"https:\/\/www.europesays.com\/fr\/wp-json\/wp\/v2\/media?parent=323160"}],"wp:term":[{"taxonomy":"category","embeddable":true,"href":"https:\/\/www.europesays.com\/fr\/wp-json\/wp\/v2\/categories?post=323160"},{"taxonomy":"post_tag","embeddable":true,"href":"https:\/\/www.europesays.com\/fr\/wp-json\/wp\/v2\/tags?post=323160"}],"curies":[{"name":"wp","href":"https:\/\/api.w.org\/{rel}","templated":true}]}}