{"id":323164,"date":"2025-08-16T15:59:11","date_gmt":"2025-08-16T15:59:11","guid":{"rendered":"https:\/\/www.europesays.com\/fr\/323164\/"},"modified":"2025-08-16T15:59:11","modified_gmt":"2025-08-16T15:59:11","slug":"rhone-attaque-dune-voiture-belier-contre-un-garage-renault-au-nord-de-lyon","status":"publish","type":"post","link":"https:\/\/www.europesays.com\/fr\/323164\/","title":{"rendered":"Rh\u00f4ne. Attaque d&rsquo;une voiture b\u00e9lier contre un garage Renault au nord de Lyon"},"content":{"rendered":"<p>Une attaque \u00e0 la voiture-b\u00e9lier s\u2019est d\u00e9roul\u00e9e dans la nuit de vendredi \u00e0 samedi contre un garage automobile Renault, selon les informations du Progr\u00e8s. L\u2019enseigne vis\u00e9e est situ\u00e9e 8, rue de la Poste, sur la commune des Ch\u00e8res au nord de Lyon.<\/p>\n<p>Ce contenu est bloqu\u00e9 car vous n&rsquo;avez pas accept\u00e9 les cookies et autres traceurs.<\/p>\n<p>En cliquant sur \u00ab J\u2019accepte \u00bb, les cookies et autres traceurs seront d\u00e9pos\u00e9s et vous pourrez visualiser les contenus  (<a href=\"\" class=\"consentModule_policy\" target=\"_blank\" title=\"Consulter la politique de protection des donn\u00e9es du fournisseur\">plus d&rsquo;informations<\/a>).<\/p>\n<p>En cliquant sur \u00ab J\u2019accepte tous les cookies \u00bb, vous autorisez des d\u00e9p\u00f4ts de cookies et autres traceurs pour le stockage de vos donn\u00e9es sur nos sites et applications \u00e0 des fins de personnalisation et de ciblage publicitaire.<\/p>\n<p class=\"consentModule_secondaryText\">Vous gardez la possibilit\u00e9 de retirer votre consentement \u00e0 tout moment en consultant notre <a href=\"https:\/\/www.leprogres.fr\/protection-des-donnees\" target=\"_blank\" title=\"Consulter notre politique de protection des donn\u00e9es\" rel=\"noopener\">politique de protection des donn\u00e9es<\/a>. <br \/>&#13;<br \/>\n            <a href=\"https:\/\/www.leprogres.fr\/faits-divers-justice\/2025\/08\/16\/javascript:Didomi.notice.show()\" class=\"consentModule_cmp\" target=\"_blank\" rel=\"noopener\">G\u00e9rer mes choix<\/a>&#13;\n        <\/p>\n<p>&#13;<br \/>\n                        J&rsquo;accepte&#13;<br \/>\n            J&rsquo;accepte tous les cookies&#13;\n        <\/p>\n<p>  Au moins un v\u00e9hicule vol\u00e9<\/p>\n<p>La gendarmerie a \u00e9t\u00e9 inform\u00e9e des faits aux alentours de 5 heures du matin. Une enqu\u00eate de flagrance a \u00e9t\u00e9 ouverte afin de d\u00e9terminer les circonstances exactes de <a href=\"https:\/\/www.leprogres.fr\/faits-divers-justice\/2025\/01\/30\/encore-un-casse-a-la-voiture-belier-dans-un-entrepot-a-saint-bonnet-de-mure\" target=\"_blank\" rel=\"noopener\">ce \u00ab\u00a0casse-b\u00e9lier\u00a0\u00bb <\/a>et d\u2019en identifier les auteurs.<\/p>\n<p>Pour rappel, ce type de braquage consiste \u00e0 projeter un v\u00e9hicule contre la fa\u00e7ade d\u2019un commerce afin d\u2019y p\u00e9n\u00e9trer et d\u2019y commettre vol. Selon nos informations, au moins un v\u00e9hicule aurait \u00e9t\u00e9 d\u00e9rob\u00e9, et l\u2019enqu\u00eate pourrait s\u2019orienter vers une \u00e9quipe de braqueurs op\u00e9rant en s\u00e9rie. \u00a0<\/p>\n","protected":false},"excerpt":{"rendered":"Une attaque \u00e0 la voiture-b\u00e9lier s\u2019est d\u00e9roul\u00e9e dans la nuit de vendredi \u00e0 samedi contre un garage automobile&hellip;\n","protected":false},"author":2,"featured_media":323165,"comment_status":"","ping_status":"","sticky":false,"template":"","format":"standard","meta":{"footnotes":""},"categories":[1889],"tags":[1111,11,2430,271,272,2757,1777,674,274,107,1011,27,2428,2756,12,25,2429],"class_list":{"0":"post-323164","1":"post","2":"type-post","3":"status-publish","4":"format-standard","5":"has-post-thumbnail","7":"category-lyon","8":"tag-actu","9":"tag-actualites","10":"tag-auvergne-rhone-alpes","11":"tag-crime","12":"tag-delit-et-contravention","13":"tag-edition-lyon-villeurbanne","14":"tag-eu","15":"tag-europe","16":"tag-faits-divers-justice","17":"tag-fil-info","18":"tag-fr","19":"tag-france","20":"tag-lyon","21":"tag-lyon-bassin","22":"tag-news","23":"tag-republique-francaise","24":"tag-rhone"},"share_on_mastodon":{"url":"https:\/\/pubeurope.com\/@fr\/115039277154773915","error":""},"_links":{"self":[{"href":"https:\/\/www.europesays.com\/fr\/wp-json\/wp\/v2\/posts\/323164","targetHints":{"allow":["GET"]}}],"collection":[{"href":"https:\/\/www.europesays.com\/fr\/wp-json\/wp\/v2\/posts"}],"about":[{"href":"https:\/\/www.europesays.com\/fr\/wp-json\/wp\/v2\/types\/post"}],"author":[{"embeddable":true,"href":"https:\/\/www.europesays.com\/fr\/wp-json\/wp\/v2\/users\/2"}],"replies":[{"embeddable":true,"href":"https:\/\/www.europesays.com\/fr\/wp-json\/wp\/v2\/comments?post=323164"}],"version-history":[{"count":0,"href":"https:\/\/www.europesays.com\/fr\/wp-json\/wp\/v2\/posts\/323164\/revisions"}],"wp:featuredmedia":[{"embeddable":true,"href":"https:\/\/www.europesays.com\/fr\/wp-json\/wp\/v2\/media\/323165"}],"wp:attachment":[{"href":"https:\/\/www.europesays.com\/fr\/wp-json\/wp\/v2\/media?parent=323164"}],"wp:term":[{"taxonomy":"category","embeddable":true,"href":"https:\/\/www.europesays.com\/fr\/wp-json\/wp\/v2\/categories?post=323164"},{"taxonomy":"post_tag","embeddable":true,"href":"https:\/\/www.europesays.com\/fr\/wp-json\/wp\/v2\/tags?post=323164"}],"curies":[{"name":"wp","href":"https:\/\/api.w.org\/{rel}","templated":true}]}}