{"id":323168,"date":"2025-08-16T16:03:10","date_gmt":"2025-08-16T16:03:10","guid":{"rendered":"https:\/\/www.europesays.com\/fr\/323168\/"},"modified":"2025-08-16T16:03:10","modified_gmt":"2025-08-16T16:03:10","slug":"nomination-dun-pretre-condamne-pour-viol-sur-mineur-labbe-dominique-spina-demissionne","status":"publish","type":"post","link":"https:\/\/www.europesays.com\/fr\/323168\/","title":{"rendered":"Nomination d\u2019un pr\u00eatre condamn\u00e9 pour viol sur mineur : l&rsquo;abb\u00e9 Dominique Spina d\u00e9missionne"},"content":{"rendered":"<p class=\"article__intro\">Plus de deux mois apr\u00e8s l&rsquo;annonce de la nomination d&rsquo;un pr\u00eatre condamn\u00e9 en 2006 pour viols et agressions sexuelles sur mineur, l&rsquo;archev\u00eaque de Toulouse annonce revenir sur sa d\u00e9cision. Dominique Spina d\u00e9missionne et un autre abb\u00e9 est nomm\u00e9 au dioc\u00e8se.<\/p>\n<p>\n      La Quotidienne Soci\u00e9t\u00e9\n    <\/p>\n<p>\n      De la vie quotidienne aux grands enjeux, recevez tous les jours les sujets qui font la soci\u00e9t\u00e9 locale, comme la justice, l\u2019\u00e9ducation, la sant\u00e9 et la famille.\n    <\/p>\n<p>    France T\u00e9l\u00e9visions utilise votre adresse e-mail afin de vous envoyer la newsletter \u00ab\u00a0La Quotidienne Soci\u00e9t\u00e9\u00a0\u00bb. Vous pouvez vous d\u00e9sinscrire \u00e0 tout moment via le lien en bas de cette newsletter. <a target=\"_blank\" href=\"https:\/\/www.francetelevisions.fr\/groupe\/confidentialite\/politique-de-confidentialite\/politique-de-confidentialite-de-france-televisions-6503\" rel=\"nofollow noopener\">Notre politique de confidentialit\u00e9<\/a><\/p>\n<p>\u00ab\u00a0Pour ne pas provoquer de division entre \u00e9v\u00eaques, et pour ne pas en rester \u00e0 un face \u00e0 face entre les \u00ab pour \u00bb et les \u00ab contre \u00bb, j\u2019ai d\u00e9cid\u00e9 de revenir sur ma d\u00e9cision\u00a0\u00bb \u00e9crit l&rsquo;archev\u00eaque de Toulouse, Guy de Kerimel, dans un <a href=\"https:\/\/toulouse.catholique.fr\/publication\/decrets-nominations\/nomination-du-16-aout-2025\/\" target=\"_blank\" rel=\"noopener nofollow\">commmuniqu\u00e9<\/a> ce samedi 16 ao\u00fbt 2025.\u00a0\u00ab\u00a0\u00c0 ma demande, le P\u00e8re Dominique Spina a renonc\u00e9 \u00e0 la charge de chancelier avec une r\u00e9elle disponibilit\u00e9 de coeur. Je l&rsquo;en remercie.\u00a0\u00bb<\/p>\n<p>Depuis l&rsquo;annonce de la nomination de Dominique Spina au dioc\u00e8se de Toulouse d\u00e9but juin 2025, une vague d&rsquo;indignation s&rsquo;\u00e9tait \u00e9lev\u00e9e. Cet abb\u00e9 a \u00e9t\u00e9 reconnu coupable en 2006 de faits de viols et agressions sexuelles sur un mineur de 16 ans. Il avait alors \u00e9t\u00e9 condamn\u00e9 \u00e0 de la prison ferme. Depuis sa lib\u00e9ration en 2007, ce pr\u00eatre avait conserv\u00e9 une place au sein de l\u2019Eglise, mais comme archiviste.\u00a0<\/p>\n<\/p>\n<p>La conf\u00e9rence des \u00e9v\u00eaques de France avait demand\u00e9 \u00e0 l\u2019archev\u00eaque de Toulouse, Guy de Kerimel, de <a href=\"https:\/\/france3-regions.franceinfo.fr\/occitanie\/haute-garonne\/toulouse\/reveiller-des-soupcons-les-eveques-pressent-l-archeveque-de-toulouse-de-revenir-sur-la-nomination-d-un-pretre-condamne-pour-viol-sur-mineur-3200250.html\" target=\"_blank\" rel=\"noopener nofollow\">reconsid\u00e9rer cette nomination<\/a>. Mais ce dernier s&rsquo;\u00e9tait d\u00e9fendu dans une lettre ouverte d&rsquo;une \u00ab\u00a0promotion\u00a0\u00bb, affirmant choisir \u00ab\u00a0le parti de la mis\u00e9ricorde\u00a0\u00bb, en soulignant le comportement irr\u00e9prochable du pr\u00eatre depuis sa condamnation.<\/p>\n<p>Sa victime, alors un lyc\u00e9en de 16 ans aujourd\u2019hui \u00e2g\u00e9e de pr\u00e8s de 50 ans, d\u00e9non\u00e7ait l&rsquo;impunit\u00e9 accord\u00e9e au pr\u00eatre. \u201cC\u2019est extr\u00eamement choquant. Maintenir quelqu\u2019un comme \u00e7a, c\u2019est envoyer un message d\u2019impunit\u00e9\u00a0\u00bb, nous confiait-elle il y a quelques jours.<\/p>\n<p>\u00ab\u00a0Ma d\u00e9cision avait \u00e9t\u00e9 interpr\u00e9t\u00e9e par de nombreuses personnes comme un camouflet envers les victimes d\u2019abus sexuel ; j\u2019en demande pardon aux victimes\u00a0\u00bb, d\u00e9clare l&rsquo;arch\u00eaque de Toulouse, \u00e0 l&rsquo;origine de la nomination, avant de poursuivre\u00a0: \u00ab\u00a0L\u00e0, je dois demander pardon \u00e0 celui que j\u2019avais nomm\u00e9 et \u00e0 qui je fais confiance, pour ne pas avoir su trouver la juste place \u00e0 laquelle il a droit.\u00a0\u00bb<\/p>\n<p>La nomination devait prendre effet le 1er septembre 2025. L&rsquo;archev\u00eaque de Toulouse a finalement choisi de nommer l\u2019abb\u00e9 L\u00e9opold Biyoki chancelier du dioc\u00e8se de Toulouse.<\/p>\n","protected":false},"excerpt":{"rendered":"Plus de deux mois apr\u00e8s l&rsquo;annonce de la nomination d&rsquo;un pr\u00eatre condamn\u00e9 en 2006 pour viols et agressions&hellip;\n","protected":false},"author":2,"featured_media":323169,"comment_status":"","ping_status":"","sticky":false,"template":"","format":"standard","meta":{"footnotes":""},"categories":[1888],"tags":[1111,1928,11,1927,1777,674,1011,27,12,1926,626,1925,25],"class_list":{"0":"post-323168","1":"post","2":"type-post","3":"status-publish","4":"format-standard","5":"has-post-thumbnail","7":"category-paris","8":"tag-actu","9":"tag-actu-paris","10":"tag-actualites","11":"tag-actualites-paris","12":"tag-eu","13":"tag-europe","14":"tag-fr","15":"tag-france","16":"tag-news","17":"tag-news-paris","18":"tag-paris","19":"tag-paris-news","20":"tag-republique-francaise"},"share_on_mastodon":{"url":"https:\/\/pubeurope.com\/@fr\/115039292976403703","error":""},"_links":{"self":[{"href":"https:\/\/www.europesays.com\/fr\/wp-json\/wp\/v2\/posts\/323168","targetHints":{"allow":["GET"]}}],"collection":[{"href":"https:\/\/www.europesays.com\/fr\/wp-json\/wp\/v2\/posts"}],"about":[{"href":"https:\/\/www.europesays.com\/fr\/wp-json\/wp\/v2\/types\/post"}],"author":[{"embeddable":true,"href":"https:\/\/www.europesays.com\/fr\/wp-json\/wp\/v2\/users\/2"}],"replies":[{"embeddable":true,"href":"https:\/\/www.europesays.com\/fr\/wp-json\/wp\/v2\/comments?post=323168"}],"version-history":[{"count":0,"href":"https:\/\/www.europesays.com\/fr\/wp-json\/wp\/v2\/posts\/323168\/revisions"}],"wp:featuredmedia":[{"embeddable":true,"href":"https:\/\/www.europesays.com\/fr\/wp-json\/wp\/v2\/media\/323169"}],"wp:attachment":[{"href":"https:\/\/www.europesays.com\/fr\/wp-json\/wp\/v2\/media?parent=323168"}],"wp:term":[{"taxonomy":"category","embeddable":true,"href":"https:\/\/www.europesays.com\/fr\/wp-json\/wp\/v2\/categories?post=323168"},{"taxonomy":"post_tag","embeddable":true,"href":"https:\/\/www.europesays.com\/fr\/wp-json\/wp\/v2\/tags?post=323168"}],"curies":[{"name":"wp","href":"https:\/\/api.w.org\/{rel}","templated":true}]}}