{"id":323170,"date":"2025-08-16T16:04:31","date_gmt":"2025-08-16T16:04:31","guid":{"rendered":"https:\/\/www.europesays.com\/fr\/323170\/"},"modified":"2025-08-16T16:04:31","modified_gmt":"2025-08-16T16:04:31","slug":"comment-faire-aussi-bien-pour-le-psg-lenigme-paris-fc-quels-candidats-a-leurope-huit-questions-sur-la-saison-2025-2026","status":"publish","type":"post","link":"https:\/\/www.europesays.com\/fr\/323170\/","title":{"rendered":"comment faire aussi bien pour le PSG, l&rsquo;\u00e9nigme Paris FC, quels candidats \u00e0 l&rsquo;Europe&#8230; Huit questions sur la saison 2025-2026"},"content":{"rendered":"<p>Un petit mois apr\u00e8s la fin de la saison de football avec la finale de la Coupe du monde des clubs, c&rsquo;est d\u00e9j\u00e0 reparti. La Ligue 1 reprend ses droits, vendredi 15 ao\u00fbt avec une affiche Rennes-Marseille pour d\u00e9buter, au Roazhon Park. Un PSG qui sort d&rsquo;un quadrupl\u00e9 historique, un OM qui s&rsquo;est renforc\u00e9 en attaque et l&rsquo;attraction Paris FC qui d\u00e9barque dans l&rsquo;\u00e9lite&#8230; Voici huit questions sur l&rsquo;exercice 2025-2026.<\/p>\n<p>Dans quel \u00e9tat de forme sera le PSG ?<\/p>\n<p>Un mois. Voila le temps dont ont dispos\u00e9 les joueurs du PSG pour \u00e0 la fois prendre des vacances et lancer leur pr\u00e9paration,\u00a0entre <a href=\"https:\/\/www.franceinfo.fr\/sports\/foot\/coupe-du-monde-des-clubs\/coupe-du-monde-des-clubs-le-psg-s-incline-lourdement-en-finale-face-a-chelsea-et-ne-realisera-pas-un-quintuple-historique_7375237.html\" rel=\"nofollow noopener\" target=\"_blank\">la finale de la Coupe du monde des clubs<\/a>, le 13 juillet et la Supercoupe d&rsquo;Europe remport\u00e9e face \u00e0 Tottenham, mercredi. Un d\u00e9lai tr\u00e8s court apr\u00e8s une saison \u00e9prouvante pour les Parisiens, qui auront de nouveau un calendrier tr\u00e8s dense, avec cette fois un autre statut \u00e0 d\u00e9fendre. Combien de temps traineront-ils cette dette physique ?\u00a0<\/p>\n<p>Le PSG, qui a termin\u00e9 la saison en s&rsquo;appuyant sur un noyau dur de plus en plus restreint, s&rsquo;est confront\u00e9 aux limites de son effectif. Le seul recrutement dans le champ du d\u00e9fenseur central ukrainien Illia Zabarnyi ne change pas tellement la donne. L&rsquo;accumulation de matchs peut provoquer \u00ab\u00a0un risque \u00e9lev\u00e9 pour les blessures musculosquelettiques\u00a0\u00bb,<a href=\"https:\/\/www.franceinfo.fr\/sports\/foot\/coupe-du-monde-des-clubs\/entretien-coupe-du-monde-des-clubs-le-mois-de-juin-devrait-etre-le-moment-de-recuperation-alerte-le-directeur-medical-d-un-syndicat-de-joueurs_7378174.html\" rel=\"nofollow noopener\" target=\"_blank\"> selon l&rsquo;ancien footballeur Vincent Gouttebarge<\/a>, aujourd&rsquo;hui directeur m\u00e9dical\u00a0\u00e0 la F\u00e9d\u00e9ration internationale des associations de footballeurs professionnels (Fifpro). Apr\u00e8s une saison parfaitement g\u00e9r\u00e9e sur le plan physique, attention \u00e0 la gestion des organismes en ce d\u00e9but d&rsquo;exercice.\u00a0<\/p>\n<p>Marseille peut-il faire mieux ?<\/p>\n<p>Dauphin du PSG l&rsquo;an pass\u00e9, renforc\u00e9 par Igor Paixao, Pierre-Emerick Aubameyang ou encore Angel Gomes, Marseille s&rsquo;avance comme un candidat tr\u00e8s s\u00e9rieux au m\u00eame strapontin cette saison. L&rsquo;OM a certes perdu Valentin Rongier, Quentin Merlin et Isma\u00ebl Bennacer, mais la recette De Zerbi fonctionne et l&rsquo;ossature n&rsquo;a que peu boug\u00e9.\u00a0<\/p>\n<p>Deuxi\u00e8me du championnat avec quatre points d&rsquo;avance sur Monaco mais 19 de retard sur le PSG, Marseille peut-il pour autant chatouiller les Parisiens ? Il lui faudra une r\u00e9gularit\u00e9 exceptionnelle face au champion de France, qui n&rsquo;a perdu que deux matchs l&rsquo;an pass\u00e9 (contre neuf pour l&rsquo;OM). Et il faudra cette saison composer avec l&rsquo;aventure en coupe d&rsquo;Europe, ce qui n&rsquo;\u00e9tait pas le cas l&rsquo;an pass\u00e9 pour les Phoc\u00e9ens.<\/p>\n<p>Jusqu&rsquo;o\u00f9 Pogba peut-il emmener Monaco ?<\/p>\n<p>En 2017, Monaco a \u00e9t\u00e9 l&rsquo;un des deux seuls clubs, avec Lille en 2021, \u00e0 priver le PSG version qataris du titre de champion de France. Depuis, le club du Rocher termine r\u00e9guli\u00e8rement sur le podium, sans jamais inqui\u00e9ter r\u00e9ellement le PSG. L&rsquo;arriv\u00e9e de Paul Pogba pourra-t-elle bousculer l&rsquo;ordre \u00e9tabli, et permettre \u00e0 l&rsquo;ASM jouer de nouveau le titre, lui qui a termin\u00e9 2e en 2023 et 3e en 2024 ?<\/p>\n<p>Assez discret sur le march\u00e9 des transferts hormis les arriv\u00e9es de l&rsquo;Anglais Eric Dier du Bayern Munich et du portier Lukas Hradecky, ainsi que le pr\u00eat d&rsquo;un Ansu Fati pas encore pr\u00eat \u00e0 reprendre le chemin des terrains, le club du Rocher a mis\u00e9 sur une forme de continuit\u00e9. A moins que des offres importantes arrivent sur la table de la direction pour ses nombreuses p\u00e9pites, dont Maghnes Akliouche.<\/p>\n<p>Quelle place pour le Paris FC ?<\/p>\n<p>C&rsquo;est l&rsquo;\u00e9quipe la plus intrigante de cette saison 2025-2026. Maintenant pilot\u00e9 par la famille Arnault, le Paris FC va retrouver la Ligue 1, qui comptera deux clubs parisiens pour la premi\u00e8re fois depuis 1990. D\u00e9m\u00e9nagement au stade Jean Bouin, J\u00fcrgen Klopp pr\u00e9sent en tribunes, recrues \u00e0 plusieurs dizaines de milliers d&rsquo;euros comme Moses Simon ou Otavio : le PFC a bien l&rsquo;intention de s&rsquo;installer dans l&rsquo;\u00e9lite et \u00e0 terme de rivaliser avec les meilleures \u00e9quipes du championnat.<\/p>\n<p>Et comme le PFC n&rsquo;a rien d&rsquo;un promu comme les autres, le maintien semble le minimum. L&rsquo;imaginer terminer dans la premi\u00e8re partie de tableau semble os\u00e9, mais pas hors de propos. \u00ab\u00a0On est un peu plus suivi, un peu plus regard\u00e9. Mais dans notre fa\u00e7on de travailler, on va garder ce qui a fonctionn\u00e9 depuis deux ans\u00a0\u00bb, a maintenu l&rsquo;entra\u00eeneur St\u00e9phane Gilli.<\/p>\n<p>Dans quel \u00e9tat va-t-on retrouver Lyon ?<\/p>\n<p>L&rsquo;Olympique lyonnais est sans doute l&rsquo;\u00e9quipe qui a connu le plus de <a href=\"https:\/\/www.franceinfo.fr\/sports\/foot\/ol\/ligue-1-je-me-rejouis-profondement-pour-l-ol-mais-le-plus-difficile-reste-a-faire-reagit-jean-michel-aulas-apres-l-annonce-du-maintien-du-club-dans-l-elite_7367104.html\" rel=\"nofollow noopener\" target=\"_blank\">remous extrasportifs<\/a> lors de l&rsquo;intersaison. Sauv\u00e9 in extremis d&rsquo;une r\u00e9trogradation administrative en Ligue 2, l&rsquo;OL a d\u00e9barqu\u00e9 John Textor pour placer <a href=\"https:\/\/www.franceinfo.fr\/sports\/foot\/ligue-1\/femme-d-affaires-milliardaire-philanthrope-quatre-choses-a-savoir-sur-michele-kang-la-nouvelle-patronne-de-l-olympique-lyonnais_7348458.html\" rel=\"nofollow noopener\" target=\"_blank\">Michele Kang<\/a> \u00e0 sa t\u00eate. Surtout, plusieurs \u00e9l\u00e9ments importants de l&rsquo;\u00e9quipe sont partis : Rayan Cherki en t\u00eate, en direction de Manchester City, mais aussi le gardien Lucas Perri ou encore Alexandre Lacazette.<\/p>\n<p>L&rsquo;heure est logiquement aux \u00e9conomies pour les Rh\u00f4daniens, qui ont sauv\u00e9 l&rsquo;essentiel mais sortent forc\u00e9ment affaiblis de cet \u00e9t\u00e9, qui les a vu engager des joueurs prometteurs mais sans r\u00e9f\u00e9rences au tr\u00e8s haut niveau dont Ruben Kluivert, le fils de Patrick, ou encore Tyler Morton, un milieu de Liverpool de 22 ans qui n&rsquo;a disput\u00e9 que deux matchs avec les Reds en Premier League. Tout de m\u00eame qualifi\u00e9s en Ligue Europa, les hommes de Paulo Fonseca ont de quoi esp\u00e9rer r\u00e9aliser une saison marquante.\u00a0<\/p>\n<p>Brest, comment g\u00e9rer l&rsquo;apr\u00e8s ?<\/p>\n<p>Auteur d&rsquo;une belle campagne de phase de ligue en Ligue des champions (victoire 4-0 face \u00e0 Salzbourg, nul face \u00e0 Leverkusen), Brest \u00e9tait parvenu \u00e0 se qualifier pour les barrages \u00e0 la surprise g\u00e9n\u00e9rale, avant de se faire \u00e9triller par le PSG (10-0 au cumul). Neuvi\u00e8me de Ligue 1, Brest repart cette saison sans rendez-vous europ\u00e9en.\u00a0<\/p>\n<p>Le club breton a \u00e9galement perdu plusieurs de ses piliers comme le gardien Marco Bizot, le milieu Mahdi Camara ou encore l&rsquo;attaquant Abdallah Sima (auteur de 12 buts la saison pass\u00e9e). Le coach Eric Roy, arriv\u00e9 en janvier 2023 au chevet d&rsquo;une \u00e9quipe rel\u00e9gable, doit composer avec une situation financi\u00e8re d\u00e9licate.\u00a0\u00ab\u00a0Je ne pense pas qu&rsquo;il y aura beaucoup d&rsquo;investissements sur les joueurs la saison prochaine. Sans la C1, je pense qu&rsquo;on aurait mis la cl\u00e9 sous la porte\u00a0\u00bb, avait-il confi\u00e9 en mai dernier. Le technicien, qui a prolong\u00e9 jusqu&rsquo;en 2027, devra insuffler une nouvelle dynamique aux Finist\u00e9riens.<\/p>\n<p>Qui sera le tube de l&rsquo;\u00e9t\u00e9 ?<\/p>\n<p>Brest 2e apr\u00e8s cinq journ\u00e9es en 2023, Nantes 5e apr\u00e8s autant de matchs l&rsquo;an pass\u00e9. A chaque d\u00e9but de saison, un invit\u00e9 surprise se m\u00eale au top 5 apr\u00e8s quelques journ\u00e9es. Qui h\u00e9ritera de ce r\u00f4le cette saison\u00a0? Strasbourg pourrait bien \u00eatre l&rsquo;\u00e9quipe idoine. Depuis que BlueCo, le consortium d&rsquo;investisseurs am\u00e9ricains propri\u00e9taire de Chelsea, a rachet\u00e9 le club alsacien en juin 2023, les mouvements s&rsquo;encha\u00eenent entre les Blues et le RCS.\u00a0<\/p>\n<p>En plus de ce pont avec ce cador de Premier League, Strasbourg a pioch\u00e9 un peu partout en Europe pour d\u00e9nicher des p\u00e9pites. L&rsquo;attaquant Joaquin Panichelli, arriv\u00e9 d&rsquo;Alav\u00e9s, fait partie de ces paris. Le Racing a limit\u00e9 les d\u00e9parts \u00e9galement. S&rsquo;il a perdu Habib Diarra et Andrey Santos, il a conserv\u00e9 Emanuel Emegha et Diego Moreira. En plus de la Ligue 1, il tentera de se qualifier pour la C4 et pourquoi pas faire mieux que la 7e place de la saison \u00e9coul\u00e9e.<\/p>\n<p>La cha\u00eene Ligue 1+ va-t-elle reconqu\u00e9rir le public ?<\/p>\n<p>Apr\u00e8s les fiascos Mediapro et DAZN, la Ligue de football professionnelle (LFP) a d\u00e9cid\u00e9 de g\u00e9rer elle-m\u00eame la diffusion du championnat de France. En cr\u00e9ant la cha\u00eene Ligue 1+, la Ligue joue gros pour elle mais \u00e9galement pour l&rsquo;avenir des clubs fran\u00e7ais. En l&rsquo;absence de rentr\u00e9es financi\u00e8res li\u00e9es au contrat avec un diffuseur, les clubs fran\u00e7ais comptent en effet sur le nombre d&rsquo;abonn\u00e9s pour parvenir rapidement \u00e0 un \u00e9quilibre financier, voire \u00e0 des gains.<\/p>\n<p>Nicolas de Tavernost, le directeur g\u00e9n\u00e9ral de LFP M\u00e9dia qui g\u00e8re cette chaine, a pr\u00e9venu que les deux prochaines ann\u00e9es seraient \u00ab\u00a0difficiles\u00a0\u00bb, mais\u00a0il a des ambitions \u00e9lev\u00e9es : \u00ab\u00a0On serait d\u00e9\u00e7us \u00e0 moins d&rsquo;un million d&rsquo;abonn\u00e9s la premi\u00e8re ann\u00e9e\u00a0\u00bb, avait-il dit \u00e0 <a href=\"https:\/\/www.lequipe.fr\/Football\/Article\/Nicolas-de-tavernost-sur-la-nouvelle-plateforme-de-la-ligue-1-pas-un-saut-dans-le-vide\/1574674\" rel=\"nofollow noopener\" target=\"_blank\">L&rsquo;Equipe<\/a>, le 2 juillet. <a href=\"https:\/\/www.franceinfo.fr\/sports\/foot\/ligue-1\/ligue-1-dazn-cumule-pres-de-700-000-abonnes-et-240-millions-d-euros-de-pertes_7179798.html\" rel=\"nofollow noopener\" target=\"_blank\">En avril dernier, DAZN ne comptait que 700 000 abonn\u00e9s.<\/a><\/p>\n","protected":false},"excerpt":{"rendered":"Un petit mois apr\u00e8s la fin de la saison de football avec la finale de la Coupe du&hellip;\n","protected":false},"author":2,"featured_media":323171,"comment_status":"","ping_status":"","sticky":false,"template":"","format":"standard","meta":{"footnotes":""},"categories":[1888],"tags":[1111,1928,11,1927,1777,674,1011,27,12,1926,626,1925,25],"class_list":{"0":"post-323170","1":"post","2":"type-post","3":"status-publish","4":"format-standard","5":"has-post-thumbnail","7":"category-paris","8":"tag-actu","9":"tag-actu-paris","10":"tag-actualites","11":"tag-actualites-paris","12":"tag-eu","13":"tag-europe","14":"tag-fr","15":"tag-france","16":"tag-news","17":"tag-news-paris","18":"tag-paris","19":"tag-paris-news","20":"tag-republique-francaise"},"share_on_mastodon":{"url":"https:\/\/pubeurope.com\/@fr\/115039296774346811","error":""},"_links":{"self":[{"href":"https:\/\/www.europesays.com\/fr\/wp-json\/wp\/v2\/posts\/323170","targetHints":{"allow":["GET"]}}],"collection":[{"href":"https:\/\/www.europesays.com\/fr\/wp-json\/wp\/v2\/posts"}],"about":[{"href":"https:\/\/www.europesays.com\/fr\/wp-json\/wp\/v2\/types\/post"}],"author":[{"embeddable":true,"href":"https:\/\/www.europesays.com\/fr\/wp-json\/wp\/v2\/users\/2"}],"replies":[{"embeddable":true,"href":"https:\/\/www.europesays.com\/fr\/wp-json\/wp\/v2\/comments?post=323170"}],"version-history":[{"count":0,"href":"https:\/\/www.europesays.com\/fr\/wp-json\/wp\/v2\/posts\/323170\/revisions"}],"wp:featuredmedia":[{"embeddable":true,"href":"https:\/\/www.europesays.com\/fr\/wp-json\/wp\/v2\/media\/323171"}],"wp:attachment":[{"href":"https:\/\/www.europesays.com\/fr\/wp-json\/wp\/v2\/media?parent=323170"}],"wp:term":[{"taxonomy":"category","embeddable":true,"href":"https:\/\/www.europesays.com\/fr\/wp-json\/wp\/v2\/categories?post=323170"},{"taxonomy":"post_tag","embeddable":true,"href":"https:\/\/www.europesays.com\/fr\/wp-json\/wp\/v2\/tags?post=323170"}],"curies":[{"name":"wp","href":"https:\/\/api.w.org\/{rel}","templated":true}]}}