{"id":323172,"date":"2025-08-16T16:05:11","date_gmt":"2025-08-16T16:05:11","guid":{"rendered":"https:\/\/www.europesays.com\/fr\/323172\/"},"modified":"2025-08-16T16:05:11","modified_gmt":"2025-08-16T16:05:11","slug":"colombes-une-femme-morte-poignardee-et-trois-personnes-blessees-sur-fond-de-prostitution","status":"publish","type":"post","link":"https:\/\/www.europesays.com\/fr\/323172\/","title":{"rendered":"Colombes\u00a0: une femme morte poignard\u00e9e et trois personnes bless\u00e9es sur fond de prostitution"},"content":{"rendered":"<p class=\"paragraph text_align_left lp-f-body-02\">Nuit sanglante \u00e0 <a href=\"https:\/\/www.leparisien.fr\/hauts-de-seine-92\/colombes-92700\/\" target=\"_blank\" rel=\"noreferrer noopener\">Colombes (Hauts-de-Seine)<\/a>. Une femme est morte et trois autres personnes ont \u00e9t\u00e9 bless\u00e9es, dans la nuit de vendredi \u00e0 ce samedi 16 ao\u00fbt, dans des circonstances encore tr\u00e8s floues.<\/p>\n<p class=\"paragraph text_align_left lp-f-body-02\">Les faits se sont produits dans un appartement lou\u00e9 de la rue Gabriel-P\u00e9ri. Peu avant 3 heures du matin, pour un motif encore inconnu \u00e0 ce stade de l\u2019enqu\u00eate, un diff\u00e9rend a \u00e9clat\u00e9 entre deux prostitu\u00e9es, deux clients et deux hommes qu\u2019un proche du dossier pr\u00e9sente comme \u00ab des gardes du corps \u00bb.<\/p>\n<p class=\"paragraph text_align_left lp-f-body-02\">S\u2019il est encore difficile de retracer une chronologie pr\u00e9cise des faits, l\u2019usage d\u2019une arme blanche est, elle, d\u00e9j\u00e0 \u00e9tabli. Dans l\u2019appartement, les policiers ont tr\u00e8s vite d\u00e9couvert l\u2019une des deux filles en arr\u00eat cardiorespiratoire avec une plaie au thorax cons\u00e9cutive \u00e0 un coup de couteau. Celle-ci a succomb\u00e9 \u00e0 ses graves blessures malgr\u00e9 l\u2019intervention des secours. La seconde jeune femme ne pr\u00e9sentait, elle, aucune blessure.<\/p>\n<p>Deux bless\u00e9s dans un \u00e9tat grave<\/p>\n<p class=\"paragraph text_align_left lp-f-body-02\">Quelques instants avant cette macabre d\u00e9couverte, les fonctionnaires de police avaient d\u00e9j\u00e0 constat\u00e9 la pr\u00e9sence d\u2019un homme, manifestement un client, pr\u00e9sentant plusieurs plaies \u00e0 la t\u00eate et aux mains en plus d\u2019une fracture du nez. Des blessures elles aussi provoqu\u00e9es par des coups de couteau. Pris en charge par les secours, ce dernier a \u00e9t\u00e9 transport\u00e9 \u00e0 l\u2019h\u00f4pital Georges Pompidou. L\u2019autre client, qui avait quitt\u00e9 les lieux \u00e0 l\u2019arriv\u00e9e des forces de l\u2019ordre, se serait pr\u00e9sent\u00e9 de lui-m\u00eame au poste de police municipale de Colombes avec une petite estafilade sur l\u2019oreille. Une blessure l\u00e9g\u00e8re que l\u2019homme est all\u00e9 faire soigner \u00e0 l\u2019h\u00f4pital le plus proche.<\/p>\n<p class=\"paragraph text_align_left lp-f-body-02\">Parmi les deux individus pr\u00e9sent\u00e9s comme les \u00ab gardes du corps \u00bb des deux jeunes femmes, un homme a \u00e9galement \u00e9t\u00e9 s\u00e9rieusement touch\u00e9. Bless\u00e9 au thorax, l\u00e0 encore par arme blanche, il a \u00e9t\u00e9 transport\u00e9 \u00e0 l\u2019h\u00f4pital La Piti\u00e9-Salp\u00eatri\u00e8re en urgence absolue. Le second n\u2019a, quant \u00e0 lui, pas \u00e9t\u00e9 bless\u00e9. Il a donc pu \u00eatre plac\u00e9 en garde \u00e0 vue, tout comme la jeune femme sortie indemne de cette nuit tragique. Au vu de leurs \u00e9tats de sant\u00e9 respectifs, les deux clients et le second garde du corps ont \u00e9t\u00e9 plac\u00e9s en garde \u00e0 vue diff\u00e9r\u00e9e. L\u2019affaire a \u00e9t\u00e9 confi\u00e9e au SDPJ 92.<\/p>\n","protected":false},"excerpt":{"rendered":"Nuit sanglante \u00e0 Colombes (Hauts-de-Seine). Une femme est morte et trois autres personnes ont \u00e9t\u00e9 bless\u00e9es, dans la&hellip;\n","protected":false},"author":2,"featured_media":323173,"comment_status":"","ping_status":"","sticky":false,"template":"","format":"standard","meta":{"footnotes":""},"categories":[1888],"tags":[11,1777,674,118,1011,27,3314,1944,12,626,25],"class_list":{"0":"post-323172","1":"post","2":"type-post","3":"status-publish","4":"format-standard","5":"has-post-thumbnail","7":"category-paris","8":"tag-actualites","9":"tag-eu","10":"tag-europe","11":"tag-faits-divers","12":"tag-fr","13":"tag-france","14":"tag-hauts-de-seine","15":"tag-ma-ville","16":"tag-news","17":"tag-paris","18":"tag-republique-francaise"},"share_on_mastodon":{"url":"https:\/\/pubeurope.com\/@fr\/115039300694707130","error":""},"_links":{"self":[{"href":"https:\/\/www.europesays.com\/fr\/wp-json\/wp\/v2\/posts\/323172","targetHints":{"allow":["GET"]}}],"collection":[{"href":"https:\/\/www.europesays.com\/fr\/wp-json\/wp\/v2\/posts"}],"about":[{"href":"https:\/\/www.europesays.com\/fr\/wp-json\/wp\/v2\/types\/post"}],"author":[{"embeddable":true,"href":"https:\/\/www.europesays.com\/fr\/wp-json\/wp\/v2\/users\/2"}],"replies":[{"embeddable":true,"href":"https:\/\/www.europesays.com\/fr\/wp-json\/wp\/v2\/comments?post=323172"}],"version-history":[{"count":0,"href":"https:\/\/www.europesays.com\/fr\/wp-json\/wp\/v2\/posts\/323172\/revisions"}],"wp:featuredmedia":[{"embeddable":true,"href":"https:\/\/www.europesays.com\/fr\/wp-json\/wp\/v2\/media\/323173"}],"wp:attachment":[{"href":"https:\/\/www.europesays.com\/fr\/wp-json\/wp\/v2\/media?parent=323172"}],"wp:term":[{"taxonomy":"category","embeddable":true,"href":"https:\/\/www.europesays.com\/fr\/wp-json\/wp\/v2\/categories?post=323172"},{"taxonomy":"post_tag","embeddable":true,"href":"https:\/\/www.europesays.com\/fr\/wp-json\/wp\/v2\/tags?post=323172"}],"curies":[{"name":"wp","href":"https:\/\/api.w.org\/{rel}","templated":true}]}}