{"id":323176,"date":"2025-08-16T16:07:12","date_gmt":"2025-08-16T16:07:12","guid":{"rendered":"https:\/\/www.europesays.com\/fr\/323176\/"},"modified":"2025-08-16T16:07:12","modified_gmt":"2025-08-16T16:07:12","slug":"poutine-estime-que-sa-rencontre-avec-trump-etait-opportune-et-tres-utile","status":"publish","type":"post","link":"https:\/\/www.europesays.com\/fr\/323176\/","title":{"rendered":"Poutine estime que sa rencontre avec Trump \u00e9tait \u00ab\u00a0opportune\u00a0\u00bb et \u00ab\u00a0tr\u00e8s utile\u00a0\u00bb"},"content":{"rendered":"<p>A Kharkiv, ville r\u00e9guli\u00e8rement bombard\u00e9e, Olia Donik, 36 ans indique n&rsquo;avoir \u00e9t\u00e9 \u00ab ni d\u00e9\u00e7ue, ni surprise \u00bb de l&rsquo;issue de la rencontre Trump-Poutine. \u00ab C&rsquo;\u00e9tait int\u00e9ressant de voir comment cela allait se terminer. Et \u00e7a s&rsquo;est termin\u00e9 sans rien \u00bb, observe-t-elle. \u00ab Continuons \u00e0 vivre notre vie, ici, en Ukraine. \u00bb<\/p>\n<p>\u00ab Les r\u00e9sultats sont ceux auxquels je m&rsquo;attendais. Je pense que c&rsquo;est une belle victoire diplomatique pour Poutine \u00bb, affirme de son c\u00f4t\u00e9 Pavlo Nebroev, 38 ans, qui est rest\u00e9 \u00e9veill\u00e9 jusqu&rsquo;au milieu de la nuit pour attendre l&rsquo;issue de la rencontre entre les deux dirigeants. \u00ab Elle n&rsquo;a servi \u00e0 rien. Les probl\u00e8mes concernant l&rsquo;Ukraine doivent \u00eatre r\u00e9solus avec l&rsquo;Ukraine, avec la participation des Ukrainiens, et de leur pr\u00e9sident \u00bb, mart\u00e8le l&rsquo;Ukrainien.<\/p>\n<p>\u00a0\u00ab Qu&rsquo;il y ait des n\u00e9gociations ou non, Kharkiv est bombard\u00e9e presque tous les jours. Kharkiv ne ressent aucun changement\u00a0\u00bb, pointe Iryna Derkach, une photographe de 50 ans. \u00ab\u00a0Nous croyons en la victoire, nous savons qu&rsquo;elle viendra, mais Dieu seul sait qui exactement nous l&rsquo;apportera \u00bb.<\/p>\n","protected":false},"excerpt":{"rendered":"A Kharkiv, ville r\u00e9guli\u00e8rement bombard\u00e9e, Olia Donik, 36 ans indique n&rsquo;avoir \u00e9t\u00e9 \u00ab ni d\u00e9\u00e7ue, ni surprise \u00bb&hellip;\n","protected":false},"author":2,"featured_media":323177,"comment_status":"","ping_status":"","sticky":false,"template":"","format":"standard","meta":{"footnotes":""},"categories":[1591],"tags":[11,3206,1887,107,329,12,1885,1886,132],"class_list":{"0":"post-323176","1":"post","2":"type-post","3":"status-publish","4":"format-standard","5":"has-post-thumbnail","7":"category-russie","8":"tag-actualites","9":"tag-defense-guerre-conflit","10":"tag-federation-de-russie","11":"tag-fil-info","12":"tag-france-monde","13":"tag-news","14":"tag-russia","15":"tag-russian-federation","16":"tag-russie"},"share_on_mastodon":{"url":"https:\/\/pubeurope.com\/@fr\/115039308881980491","error":""},"_links":{"self":[{"href":"https:\/\/www.europesays.com\/fr\/wp-json\/wp\/v2\/posts\/323176","targetHints":{"allow":["GET"]}}],"collection":[{"href":"https:\/\/www.europesays.com\/fr\/wp-json\/wp\/v2\/posts"}],"about":[{"href":"https:\/\/www.europesays.com\/fr\/wp-json\/wp\/v2\/types\/post"}],"author":[{"embeddable":true,"href":"https:\/\/www.europesays.com\/fr\/wp-json\/wp\/v2\/users\/2"}],"replies":[{"embeddable":true,"href":"https:\/\/www.europesays.com\/fr\/wp-json\/wp\/v2\/comments?post=323176"}],"version-history":[{"count":0,"href":"https:\/\/www.europesays.com\/fr\/wp-json\/wp\/v2\/posts\/323176\/revisions"}],"wp:featuredmedia":[{"embeddable":true,"href":"https:\/\/www.europesays.com\/fr\/wp-json\/wp\/v2\/media\/323177"}],"wp:attachment":[{"href":"https:\/\/www.europesays.com\/fr\/wp-json\/wp\/v2\/media?parent=323176"}],"wp:term":[{"taxonomy":"category","embeddable":true,"href":"https:\/\/www.europesays.com\/fr\/wp-json\/wp\/v2\/categories?post=323176"},{"taxonomy":"post_tag","embeddable":true,"href":"https:\/\/www.europesays.com\/fr\/wp-json\/wp\/v2\/tags?post=323176"}],"curies":[{"name":"wp","href":"https:\/\/api.w.org\/{rel}","templated":true}]}}