{"id":323183,"date":"2025-08-16T16:11:09","date_gmt":"2025-08-16T16:11:09","guid":{"rendered":"https:\/\/www.europesays.com\/fr\/323183\/"},"modified":"2025-08-16T16:11:09","modified_gmt":"2025-08-16T16:11:09","slug":"lallemagne-modernise-son-armee-avec-expansion-massive-de-flotte-de-drones-qui-passe-a-8-000-unites-business-am","status":"publish","type":"post","link":"https:\/\/www.europesays.com\/fr\/323183\/","title":{"rendered":"L&rsquo;Allemagne modernise son arm\u00e9e avec expansion massive de flotte de drones, qui passe \u00e0 8 000 unit\u00e9s &#8211; Business AM"},"content":{"rendered":"<p>Principaux renseignements<\/p>\n<ul class=\"wp-block-list\">\n<li><strong>L\u2019Allemagne pr\u00e9voit d\u2019augmenter consid\u00e9rablement sa flotte de drones pour atteindre plus de 8.000 UAV (V\u00e9hicules a\u00e9riens sans pilote<\/strong>)<strong> d\u2019ici 2029, ce qui repr\u00e9sente un effort de modernisation substantiel pour la Bundeswehr.<\/strong><\/li>\n<li><strong>L\u2019acquisition vise \u00e0 renforcer la surveillance, \u00e0 acc\u00e9l\u00e9rer l\u2019identification des cibles et \u00e0 am\u00e9liorer la flexibilit\u00e9 op\u00e9rationnelle dans les sc\u00e9narios de guerre moderne.<\/strong><\/li>\n<li><strong>La strat\u00e9gie globale de l\u2019Allemagne en mati\u00e8re de drones met l\u2019accent sur l\u2019adaptabilit\u00e9 et l\u2019acquisition continue.<\/strong><\/li>\n<\/ul>\n<p>Les forces arm\u00e9es allemandes sont en train de subir une transformation importante et pr\u00e9voient d\u2019augmenter consid\u00e9rablement la taille de leur flotte de drones. C\u2019est ce que rapporte <a href=\"https:\/\/x.com\/loyalmagazin\/status\/1955592688817864903\">Loyal Magazine<\/a>. D\u2019ici 2029, la Bundeswehr souhaite disposer de plus de 8.000 drones en service, ce qui repr\u00e9sente un bond spectaculaire par rapport aux 600 drones actuels. Cette expansion ambitieuse s\u2019inscrit dans le cadre d\u2019un effort de modernisation militaire plus vaste qui comprend l\u2019acquisition de chars, de v\u00e9hicules de combat d\u2019infanterie et d\u2019autres \u00e9quipements blind\u00e9s.<\/p>\n<p>Objectif multiple<\/p>\n<p>L\u2019objectif de cette acquisition substantielle de drones est multiple. Il vise \u00e0 am\u00e9liorer les capacit\u00e9s de surveillance, \u00e0 acc\u00e9l\u00e9rer l\u2019identification des cibles et, en fin de compte, \u00e0 accro\u00eetre la flexibilit\u00e9 op\u00e9rationnelle dans les sc\u00e9narios de guerre modernes. Le plan d\u2019acquisition d\u00e9crit des cat\u00e9gories de drones sp\u00e9cifiques: les mini-drones pour une utilisation imm\u00e9diate, les drones r\u00e9p\u00e9titeurs pour le soutien des communications et les munitions de fl\u00e2nerie con\u00e7ues pour rester en vol pendant de longues p\u00e9riodes avant de frapper des cibles d\u00e9sign\u00e9es.<\/p>\n<p><a href=\"https:\/\/fr.businessam.be\/boris-pistorius-le-populaire-ministre-allemand-de-la-defense-dirige-le-renforcement-de-larmee\/\" target=\"_blank\" rel=\"noopener\">Le ministre de la d\u00e9fense, Boris Pistorius<\/a>, a confirm\u00e9 qu\u2019une strat\u00e9gie globale en mati\u00e8re de drones \u00e9tait en cours d\u2019\u00e9laboration en collaboration avec des partenaires industriels. Cette strat\u00e9gie met l\u2019accent sur l\u2019adaptabilit\u00e9 et les cycles d\u2019acquisition continus, ce qui permet \u00e0 la Bundeswehr d\u2019int\u00e9grer rapidement des technologies de pointe et de minimiser les retards typiques associ\u00e9s aux acquisitions militaires traditionnelles. <\/p>\n<p>Bien que le budget pr\u00e9cis de ce programme n\u2019ait pas encore \u00e9t\u00e9 divulgu\u00e9, son ampleur sugg\u00e8re qu\u2019un engagement financier pluriannuel sera n\u00e9cessaire. Une coordination \u00e9troite avec les partenaires industriels sera cruciale pour respecter les d\u00e9lais de livraison ambitieux et garantir la disponibilit\u00e9 op\u00e9rationnelle de la Bundeswehr.<\/p>\n<p>Leader de la technologie<\/p>\n<p>Cette vaste expansion de la flotte de drones permettra \u00e0 l\u2019Allemagne de se positionner en tant que leader de la technologie des drones en Europe d\u2019ici 2029. <\/p>\n<p>En outre, la Bundeswehr pr\u00e9voit de maintenir une r\u00e9serve de 20 \u00e0 40 pour cent de la flotte de drones, ce qui permettra de remplacer rapidement les drones perdus, de maintenir l\u2019\u00e9tat de pr\u00e9paration au cours d\u2019op\u00e9rations prolong\u00e9es et de s\u2019adapter aux exigences accrues dans les conflits de haute intensit\u00e9. <\/p>\n<p>Cette initiative refl\u00e8te des d\u00e9veloppements similaires aux \u00c9tats-Unis, o\u00f9 le minist\u00e8re de la d\u00e9fense travaille sur une plateforme de type \u00ab\u00a0Amazon\u00a0\u00bb pour l\u2019achat direct de drones et d\u2019autres \u00e9quipements par les unit\u00e9s militaires. Toutefois, l\u2019approche de l\u2019Allemagne est plus large et englobe un large \u00e9ventail de syst\u00e8mes sans pilote destin\u00e9s \u00e0 renforcer la capacit\u00e9 op\u00e9rationnelle globale.<\/p>\n<blockquote class=\"twitter-tweet\" data-width=\"550\" data-dnt=\"true\">\n<p lang=\"de\" dir=\"ltr\">Die <a href=\"https:\/\/twitter.com\/hashtag\/Bundeswehr?src=hash&amp;ref_src=twsrc%5Etfw\" target=\"_blank\" rel=\"noopener\">#Bundeswehr<\/a> plant bis 2029 einen massiven Ausbau ihres Bestands an <a href=\"https:\/\/twitter.com\/hashtag\/Drohnen?src=hash&amp;ref_src=twsrc%5Etfw\" target=\"_blank\" rel=\"noopener\">#Drohnen<\/a>. Bis jetzt verf\u00fcgen die Streitkr\u00e4fte \u00fcber etwas mehr als 600 Drohnen, zum Ende der Dekade sollen es \u00fcber 8.000 sein. Das zeigen loyal vorliegende Informationen aus der Armee.<\/p>\n<p>\ud83d\udc49 Wesentliche Posten\u2026 <a href=\"https:\/\/t.co\/KVtGM0xoBN\">pic.twitter.com\/KVtGM0xoBN<\/a><\/p>\n<p>\u2014 .loyal \u2013 Das Magazin f\u00fcr Sicherheitspolitik (@loyalmagazin) <a href=\"https:\/\/twitter.com\/loyalmagazin\/status\/1955592688817864903?ref_src=twsrc%5Etfw\" target=\"_blank\" rel=\"noopener\">August 13, 2025<\/a><\/p><\/blockquote>\n<p><script async src=\"https:\/\/platform.twitter.com\/widgets.js\" charset=\"utf-8\"><\/script><\/p>\n","protected":false},"excerpt":{"rendered":"Principaux renseignements L\u2019Allemagne pr\u00e9voit d\u2019augmenter consid\u00e9rablement sa flotte de drones pour atteindre plus de 8.000 UAV (V\u00e9hicules a\u00e9riens&hellip;\n","protected":false},"author":2,"featured_media":250294,"comment_status":"","ping_status":"","sticky":false,"template":"","format":"standard","meta":{"footnotes":""},"categories":[1587],"tags":[11,672,1804,1805,1803,2024,1777,674,1801,3442,12,1802],"class_list":{"0":"post-323183","1":"post","2":"type-post","3":"status-publish","4":"format-standard","5":"has-post-thumbnail","7":"category-allemagne","8":"tag-actualites","9":"tag-allemagne","10":"tag-bundesrepublik-deutschland","11":"tag-de","12":"tag-deutschland","13":"tag-drones","14":"tag-eu","15":"tag-europe","16":"tag-germany","17":"tag-lallemagne","18":"tag-news","19":"tag-republique-federale-dallemagne"},"share_on_mastodon":{"url":"https:\/\/pubeurope.com\/@fr\/115039324351653939","error":""},"_links":{"self":[{"href":"https:\/\/www.europesays.com\/fr\/wp-json\/wp\/v2\/posts\/323183","targetHints":{"allow":["GET"]}}],"collection":[{"href":"https:\/\/www.europesays.com\/fr\/wp-json\/wp\/v2\/posts"}],"about":[{"href":"https:\/\/www.europesays.com\/fr\/wp-json\/wp\/v2\/types\/post"}],"author":[{"embeddable":true,"href":"https:\/\/www.europesays.com\/fr\/wp-json\/wp\/v2\/users\/2"}],"replies":[{"embeddable":true,"href":"https:\/\/www.europesays.com\/fr\/wp-json\/wp\/v2\/comments?post=323183"}],"version-history":[{"count":0,"href":"https:\/\/www.europesays.com\/fr\/wp-json\/wp\/v2\/posts\/323183\/revisions"}],"wp:featuredmedia":[{"embeddable":true,"href":"https:\/\/www.europesays.com\/fr\/wp-json\/wp\/v2\/media\/250294"}],"wp:attachment":[{"href":"https:\/\/www.europesays.com\/fr\/wp-json\/wp\/v2\/media?parent=323183"}],"wp:term":[{"taxonomy":"category","embeddable":true,"href":"https:\/\/www.europesays.com\/fr\/wp-json\/wp\/v2\/categories?post=323183"},{"taxonomy":"post_tag","embeddable":true,"href":"https:\/\/www.europesays.com\/fr\/wp-json\/wp\/v2\/tags?post=323183"}],"curies":[{"name":"wp","href":"https:\/\/api.w.org\/{rel}","templated":true}]}}