{"id":323185,"date":"2025-08-16T16:13:11","date_gmt":"2025-08-16T16:13:11","guid":{"rendered":"https:\/\/www.europesays.com\/fr\/323185\/"},"modified":"2025-08-16T16:13:11","modified_gmt":"2025-08-16T16:13:11","slug":"video-en-proie-a-de-violents-incendies-lespagne-appelle-lunion-europeenne-a-laide","status":"publish","type":"post","link":"https:\/\/www.europesays.com\/fr\/323185\/","title":{"rendered":"VIDEO. En proie \u00e0 de violents incendies, l&rsquo;Espagne appelle l&rsquo;Union europ\u00e9enne \u00e0 l&rsquo;aide"},"content":{"rendered":"<p>            lire plus tard<\/p>\n<p id=\"dialog__title\" class=\"dialog__title\">Pour sauvegarder cet article, connectez-vous ou cr\u00e9ez un compte franceinfo<\/p>\n<p class=\"dialog__description\">Sans paiement. Sans abonnement.<\/p>\n<p>        Fermer la fen\u00eatre d\u2019activation des notifications France Info<\/p>\n<p>            cr\u00e9er votre compte<\/p>\n<p>            se connecter<\/p>\n<p>        Fermer la fen\u00eatre de pr\u00e9sentation<\/p>\n<p>    Publi\u00e9 le 16\/08\/2025 13:57<\/p>\n<p>      Mis \u00e0 jour le 16\/08\/2025 15:00<\/p>\n<p>        Temps de lecture : 1min &#8211; vid\u00e9o : 2min<\/p>\n<p>    <img decoding=\"async\" class=\"francetv-player-wrapper__image\" alt=\"Dans le nord de la p\u00e9ninsule ib\u00e9rique, les incendies, toujours hors de contr\u00f4le, ont entra\u00een\u00e9 la mort d'un homme, dans la soir\u00e9e du vendredi 15 ao\u00fbt, au Portugal. Face \u00e0 l'ampleur des flammes, l'Espagne demande l'aide de l'Union europ\u00e9enne.\"  width=\"432\" height=\"243\" src=\"https:\/\/www.europesays.com\/fr\/wp-content\/uploads\/2025\/08\/068-aa-15082025-2373494-68a07d9bece4a616338851.jpg\" fetchpriority=\"high\"\/><\/p>\n<p>              Dans le nord de la p\u00e9ninsule ib\u00e9rique, les incendies, toujours hors de contr\u00f4le, ont entra\u00een\u00e9 la mort d&rsquo;un homme, dans la soir\u00e9e du vendredi 15 ao\u00fbt, au Portugal. Face \u00e0 l&rsquo;ampleur des flammes, l&rsquo;Espagne demande l&rsquo;aide de l&rsquo;Union europ\u00e9enne.<br \/>\n                    (France 2)<\/p>\n<p>      2min<\/p>\n<p>\n  Des incendies affectent \u00e9galement le Portugal voisin, o\u00f9 un homme est mort vendredi.\n<\/p>\n<p><strong>Ce texte correspond \u00e0 une partie de la retranscription du reportage ci-dessus. Cliquez sur la vid\u00e9o pour le regarder en int\u00e9gralit\u00e9.<\/strong><\/p>\n<p>Sans r\u00e9pit, les pompiers tentent de contenir les flammes. Ils se retrouvent face \u00e0 un mur de feu : <a href=\"https:\/\/www.franceinfo.fr\/faits-divers\/incendie\/incendies-en-espagne-un-troisieme-mort-recense-la-france-envoie-deux-canadair_7434997.html\" target=\"_blank\" rel=\"noopener nofollow\">115 000 hectares ont d\u00e9j\u00e0 br\u00fbl\u00e9 dans le nord-ouest de l&rsquo;Espagne<\/a> en deux semaines. Au lever du jour, vendredi, un \u00e9pais brouillard de fum\u00e9e est encore visible. Et autour, une v\u00e9g\u00e9tation calcin\u00e9e. Un peu plus loin, une voiture de police n&rsquo;a d&rsquo;autre choix que de faire demi-tour, bloqu\u00e9e par l&rsquo;incendie. Paniqu\u00e9s, les habitants du village fuient. \u00ab\u00a0Je vis ici depuis 40 ans et je n&rsquo;ai jamais rien vu de tel. Jamais de ma vie, je n&rsquo;ai vu cela. Ce qui se passe actuellement, ce sont des maisons en feu, des gens en feu\u00a0\u00bb, raconte une femme, en larmes.<\/p>\n<p>D&rsquo;autres, d\u00e9sesp\u00e9r\u00e9s, tentent eux-m\u00eames de prot\u00e9ger les maisons, avec parfois des moyens d\u00e9risoires. \u00ab\u00a0Des volontaires ! Des volontaires avec de l&rsquo;eau !\u00a0\u00bb, crie un homme. Dans une atmosph\u00e8re \u00e0 peine respirable, certains tentent comme ils peuvent de prot\u00e9ger cette citerne de gaz, qui peut exploser \u00e0 tout moment.<\/p>\n<p>Au centre du Portugal, un m\u00eame paysage de d\u00e9solation. Les flammes entrent soudainement dans ce village et touchent les maisons une \u00e0 une. Un habitant, d\u00e9sesp\u00e9r\u00e9, regarde ce qu&rsquo;il peut encore sauver de sa voiture, toujours fumante. Le feu progresse rapidement dans les for\u00eats de pins, aid\u00e9 par la s\u00e9cheresse et les vents forts. D\u00e9j\u00e0 60 000 hectares partis en fum\u00e9e et un danger permanent. Hier soir, les incendies ont fait une victime, un homme dans l&rsquo;est du pays.<\/p>\n","protected":false},"excerpt":{"rendered":"lire plus tard Pour sauvegarder cet article, connectez-vous ou cr\u00e9ez un compte franceinfo Sans paiement. Sans abonnement. Fermer&hellip;\n","protected":false},"author":2,"featured_media":323186,"comment_status":"","ping_status":"","sticky":false,"template":"","format":"standard","meta":{"footnotes":""},"categories":[1586],"tags":[11,1777,674,1779,1011,27,12,25,1778,364],"class_list":{"0":"post-323185","1":"post","2":"type-post","3":"status-publish","4":"format-standard","5":"has-post-thumbnail","7":"category-europe","8":"tag-actualites","9":"tag-eu","10":"tag-europe","11":"tag-european-union","12":"tag-fr","13":"tag-france","14":"tag-news","15":"tag-republique-francaise","16":"tag-ue","17":"tag-union-europeenne"},"share_on_mastodon":{"url":"https:\/\/pubeurope.com\/@fr\/115039332322877420","error":""},"_links":{"self":[{"href":"https:\/\/www.europesays.com\/fr\/wp-json\/wp\/v2\/posts\/323185","targetHints":{"allow":["GET"]}}],"collection":[{"href":"https:\/\/www.europesays.com\/fr\/wp-json\/wp\/v2\/posts"}],"about":[{"href":"https:\/\/www.europesays.com\/fr\/wp-json\/wp\/v2\/types\/post"}],"author":[{"embeddable":true,"href":"https:\/\/www.europesays.com\/fr\/wp-json\/wp\/v2\/users\/2"}],"replies":[{"embeddable":true,"href":"https:\/\/www.europesays.com\/fr\/wp-json\/wp\/v2\/comments?post=323185"}],"version-history":[{"count":0,"href":"https:\/\/www.europesays.com\/fr\/wp-json\/wp\/v2\/posts\/323185\/revisions"}],"wp:featuredmedia":[{"embeddable":true,"href":"https:\/\/www.europesays.com\/fr\/wp-json\/wp\/v2\/media\/323186"}],"wp:attachment":[{"href":"https:\/\/www.europesays.com\/fr\/wp-json\/wp\/v2\/media?parent=323185"}],"wp:term":[{"taxonomy":"category","embeddable":true,"href":"https:\/\/www.europesays.com\/fr\/wp-json\/wp\/v2\/categories?post=323185"},{"taxonomy":"post_tag","embeddable":true,"href":"https:\/\/www.europesays.com\/fr\/wp-json\/wp\/v2\/tags?post=323185"}],"curies":[{"name":"wp","href":"https:\/\/api.w.org\/{rel}","templated":true}]}}