{"id":323187,"date":"2025-08-16T16:14:12","date_gmt":"2025-08-16T16:14:12","guid":{"rendered":"https:\/\/www.europesays.com\/fr\/323187\/"},"modified":"2025-08-16T16:14:12","modified_gmt":"2025-08-16T16:14:12","slug":"le-pretre-dominique-spina-condamne-pour-viol-sur-mineur-renonce-finalement-a-sa-promotion","status":"publish","type":"post","link":"https:\/\/www.europesays.com\/fr\/323187\/","title":{"rendered":"le pr\u00eatre Dominique Spina, condamn\u00e9 pour viol sur mineur, renonce finalement \u00e0 sa promotion"},"content":{"rendered":"<p>        <img decoding=\"async\" loading=\"lazy\" src=\"https:\/\/www.europesays.com\/fr\/wp-content\/uploads\/2025\/07\/4bc4f11_upload-1-xd6tsbdomzu0-000-33a42pg.jpg\"  width=\"728\" height=\"410\" alt=\"L\u2019archev\u00eaque de Toulouse, Monseigneur Guy de Kerimel, ici \u00e0 Fronton (Haute-Garonne), le 26\u00a0f\u00e9vrier 2023, avait lui-m\u00eame annonc\u00e9 cette nomination, tr\u00e8s vite condamn\u00e9e par les \u00e9v\u00eaques de France.\"\/>  <\/p>\n<p>CHARLY TRIBALLEAU \/ AFP<\/p>\n<p>L\u2019archev\u00eaque de Toulouse, Monseigneur Guy de Kerimel, ici \u00e0 Fronton (Haute-Garonne), le 26\u00a0f\u00e9vrier 2023, avait lui-m\u00eame annonc\u00e9 cette nomination, tr\u00e8s vite condamn\u00e9e par les \u00e9v\u00eaques de France.<\/p>\n<p class=\"asset asset-text\">RELIGION &#8211; Promotion annul\u00e9e. En nommant d\u00e9but juin un pr\u00eatre condamn\u00e9 pour viol sur mineur en 2006\u00a0au poste de chancelier de son dioc\u00e8se, l\u2019archev\u00eaque de Toulouse avait suscit\u00e9 une vive pol\u00e9mique dans le milieu cl\u00e9rical. Ce samedi 16\u00a0ao\u00fbt, le pr\u00eatre initialement nomm\u00e9 a finalement renonc\u00e9 \u00e0 sa promotion <a href=\"https:\/\/www.huffingtonpost.fr\/france\/article\/l-archeveque-de-toulouse-justifie-la-nomination-d-un-pretre-condamne-pour-viol-sur-mineur_252335.html\" target=\"_blank\" rel=\"noopener\">\u00e0 la demande de l\u2019archev\u00eaque<\/a>.<\/p>\n<p class=\"asset asset-text\">Dans un communiqu\u00e9 du Dioc\u00e8se diffus\u00e9 ce samedi, l\u2019archev\u00eaque de Toulouse Guy de\u00a0Kerimel explique qu\u2019\u00e0 sa \u00ab\u00a0demande, le P\u00e8re Dominique Spina a renonc\u00e9 \u00e0 la charge de chancelier avec une r\u00e9elle disponibilit\u00e9 de c\u0153ur. Je l\u2019en remercie\u00a0\u00bb.<\/p>\n<p class=\"asset asset-text\">La semaine derni\u00e8re, <a href=\"https:\/\/www.huffingtonpost.fr\/france\/article\/les-eveques-de-france-critiquent-la-promotion-d-un-pretre-condamne-pour-viol-sur-un-adolescent_253446.html\" target=\"_blank\" rel=\"noopener\">les \u00e9v\u00eaques de France s\u2019\u00e9taient eux-m\u00eames soulev\u00e9s contre cette nomination<\/a>, estimant qu\u2019elle ne pouvait que \u00ab\u00a0raviver des blessures\u00a0\u00bb et \u00ab\u00a0d\u00e9concerter\u00a0\u00bb les fid\u00e8les. Le pr\u00eatre Dominique Spina a donc \u00e9t\u00e9 rattrap\u00e9 par son pass\u00e9\u00a0: lorsqu\u2019il \u00e9tait pr\u00eatre du dioc\u00e8se de Bayonne, il avait viol\u00e9 un lyc\u00e9en \u00e2g\u00e9 de 16\u00a0ans. Pour ces faits datant de 1993, l\u2019homme d\u2019\u00c9glise avait finalement \u00e9t\u00e9 condamn\u00e9 \u00e0 cinq ans de prison, dont une ann\u00e9e avec sursis.<\/p>\n<p class=\"asset asset-text\">De son c\u00f4t\u00e9, l\u2019archev\u00eaque de Toulouse Guy de\u00a0Kerimel avait d\u2019abord tenu bon face aux nombreuses critiques. Il expliquait m\u00eame dans un communiqu\u00e9 transmis \u00e0 l\u2019AFP avoir \u00ab\u00a0pris le parti de la mis\u00e9ricorde\u00a0\u00bb, \u00ab\u00a0en choisissant de nommer l\u2019abb\u00e9 Spina chancelier de la curie dioc\u00e9saine\u00a0\u00bb, alors qu\u2019il \u00e9tait depuis cinq ans employ\u00e9 aux archives, a-t-il pr\u00e9cis\u00e9. \u00ab\u00a0Ma d\u00e9cision avait \u00e9t\u00e9 interpr\u00e9t\u00e9e par de nombreuses personnes comme un camouflet envers les victimes d\u2019abus sexuel, j\u2019en demande pardon aux victimes\u00a0\u00bb, ajoute le communiqu\u00e9.<\/p>\n<p>                     En d\u00e9calage avec les engagements de l\u2019\u00c9glise    <\/p>\n<p class=\"asset asset-text\">Mais la responsabilit\u00e9 de chancelier n\u2019a pas sembl\u00e9 \u00eatre une promotion adapt\u00e9e au parcours de Dominique Spina. Comme le pr\u00e9cise le site internet du dioc\u00e8se, un chancelier est notamment en charge de l\u2019\u00e9tablissement et de la conservation des actes officiels de l\u2019archev\u00eaque. Il apporte \u00e9galement aide et conseil sur l\u2019administration des sacrements aux pr\u00eatres et aux paroisses.<\/p>\n<p class=\"asset asset-text\">Et si Monseigneur Guy de\u00a0Kerimel reconnaissait que \u00ab\u00a0l\u2019abb\u00e9 Spina a accompli une peine de 5\u00a0ans de prison dont un avec sursis pour des faits tr\u00e8s graves qui se sont d\u00e9roul\u00e9s il y a pr\u00e8s de 30\u00a0ans\u00a0\u00bb, il estimait que l\u2019homme \u2212n\u2019exer\u00e7ant \u00ab\u00a0plus de charge pastorale\u00a0\u00bb \u00e0 quelques exceptions pr\u00e8s \u2212 n\u2019avait plus rien \u00e0 se reprocher. Suffisant pour motiver sa nomination \u00ab\u00a0dans cette fonction administrative\u00a0\u00bb.<\/p>\n<p class=\"asset asset-text\">Parmi les nombreuses r\u00e9actions critiques, le m\u00e9dia <a href=\"https:\/\/tribunechretienne.com\/que-se-passe-t-il-dans-le-diocese-de-toulouse-la-nomination-du-pere-dominique-spina-condamne-pour-viol-sur-mineur-interroge\/\" target=\"_blank\" rel=\"noopener\" title=\"Nouvelle fen\u00eatre\">Tribune chr\u00e9tienne<\/a> avan\u00e7ait sur son site internet que cette nomination au poste deEN chancelier et de d\u00e9l\u00e9gu\u00e9 \u00e9piscopal aux mariages suscitait \u00ab\u00a0l\u2019incompr\u00e9hension\u00a0\u00bb. Et allait encore plus loin en rappelant que cette \u00ab\u00a0r\u00e9cente promotion \u00e0 la chancellerie, organe central de l\u2019administration canonique du dioc\u00e8se, surprend par son contraste avec les engagements affich\u00e9s par l\u2019\u00c9glise de France depuis la publication du rapport de la Commission ind\u00e9pendante sur les abus sexuels dans l\u2019\u00c9glise (CIASE) en 2021\u00a0\u00bb.<\/p>\n","protected":false},"excerpt":{"rendered":"CHARLY TRIBALLEAU \/ AFP L\u2019archev\u00eaque de Toulouse, Monseigneur Guy de Kerimel, ici \u00e0 Fronton (Haute-Garonne), le 26\u00a0f\u00e9vrier 2023,&hellip;\n","protected":false},"author":2,"featured_media":233237,"comment_status":"","ping_status":"","sticky":false,"template":"","format":"standard","meta":{"footnotes":""},"categories":[2],"tags":[11,12336,1011,27,12,1974,5969,4020,25,2312],"class_list":{"0":"post-323187","1":"post","2":"type-post","3":"status-publish","4":"format-standard","5":"has-post-thumbnail","7":"category-actualites","8":"tag-actualites","9":"tag-eglise","10":"tag-fr","11":"tag-france","12":"tag-news","13":"tag-pedocriminalite","14":"tag-pretre","15":"tag-religion","16":"tag-republique-francaise","17":"tag-toulouse"},"share_on_mastodon":{"url":"https:\/\/pubeurope.com\/@fr\/115039336135842807","error":""},"_links":{"self":[{"href":"https:\/\/www.europesays.com\/fr\/wp-json\/wp\/v2\/posts\/323187","targetHints":{"allow":["GET"]}}],"collection":[{"href":"https:\/\/www.europesays.com\/fr\/wp-json\/wp\/v2\/posts"}],"about":[{"href":"https:\/\/www.europesays.com\/fr\/wp-json\/wp\/v2\/types\/post"}],"author":[{"embeddable":true,"href":"https:\/\/www.europesays.com\/fr\/wp-json\/wp\/v2\/users\/2"}],"replies":[{"embeddable":true,"href":"https:\/\/www.europesays.com\/fr\/wp-json\/wp\/v2\/comments?post=323187"}],"version-history":[{"count":0,"href":"https:\/\/www.europesays.com\/fr\/wp-json\/wp\/v2\/posts\/323187\/revisions"}],"wp:featuredmedia":[{"embeddable":true,"href":"https:\/\/www.europesays.com\/fr\/wp-json\/wp\/v2\/media\/233237"}],"wp:attachment":[{"href":"https:\/\/www.europesays.com\/fr\/wp-json\/wp\/v2\/media?parent=323187"}],"wp:term":[{"taxonomy":"category","embeddable":true,"href":"https:\/\/www.europesays.com\/fr\/wp-json\/wp\/v2\/categories?post=323187"},{"taxonomy":"post_tag","embeddable":true,"href":"https:\/\/www.europesays.com\/fr\/wp-json\/wp\/v2\/tags?post=323187"}],"curies":[{"name":"wp","href":"https:\/\/api.w.org\/{rel}","templated":true}]}}