{"id":323196,"date":"2025-08-16T16:22:10","date_gmt":"2025-08-16T16:22:10","guid":{"rendered":"https:\/\/www.europesays.com\/fr\/323196\/"},"modified":"2025-08-16T16:22:10","modified_gmt":"2025-08-16T16:22:10","slug":"bagnaia-explique-ses-malheurs-par-un-grip-tres-bizarre-a-larriere","status":"publish","type":"post","link":"https:\/\/www.europesays.com\/fr\/323196\/","title":{"rendered":"Bagnaia explique ses malheurs par un grip \u00ab\u00a0tr\u00e8s bizarre\u00a0\u00bb \u00e0 l&rsquo;arri\u00e8re"},"content":{"rendered":"<p><a href=\"https:\/\/fr.motorsport.com\/driver\/pecco-bagnaia\/109394\/\" target=\"_blank\" rel=\"noopener\">Pecco Bagnaia<\/a> a connu un sc\u00e9nario auquel il est trop habitu\u00e9 cette ann\u00e9e. Au lendemain d&rsquo;essais encourageants au Red Bull Ring, avec <a href=\"https:\/\/fr.motorsport.com\/motogp\/news\/bagnaia-tres-fort-freinage-bonne-surprise-autriche\/10750950\/\" target=\"_blank\" rel=\"noopener\">de bonnes sensations au freinage<\/a>, l&rsquo;Italien a v\u00e9cu un sprint cauchemardesque, mais \u00e0 sa d\u00e9charge, il a cette fois d\u00fb composer avec un probl\u00e8me \u00e9vident sur sa moto.<\/p>\n<p>Sa course a d\u00e9but\u00e9 par une \u00e9norme glissade de l&rsquo;arri\u00e8re, qui l&rsquo;a fait passer de la troisi\u00e8me position sur la grille \u00e0 la 14e place. Sa d\u00e9gringolade dans la hi\u00e9rarchie a continu\u00e9 et il a commenc\u00e9 \u00e0 avoir d&rsquo;immenses secousses, qui l&rsquo;ont fait sortir de la piste au premier virage et l&rsquo;ont finalement contraint \u00e0 l&rsquo;abandon.<\/p>\n<p>Sans directement le nommer, Bagnaia d\u00e9signe un coupable\u00a0: son pneu arri\u00e8re. \u00ab\u00a0J&rsquo;attends juste que les ing\u00e9nieurs m&rsquo;expliquent ce qu&rsquo;il s&rsquo;est pass\u00e9\u00a0\u00bb, a d\u00e9clar\u00e9 le pilote Ducati. \u00ab\u00a0Sinc\u00e8rement, c&rsquo;est assez bizarre. J&rsquo;ai eu un d\u00e9part super mauvais mais d\u00e8s le tour de chauffe, j&rsquo;ai senti une adh\u00e9rence tr\u00e8s bizarre \u00e0 l&rsquo;arri\u00e8re, puis j&rsquo;ai \u00e9norm\u00e9ment gliss\u00e9 au d\u00e9part.\u00a0\u00bb<\/p>\n<p><a href=\"https:\/\/fr.motorsport.com\/driver\/fermin-aldeguer\/945314\/\" target=\"_blank\" rel=\"noopener\">Ferm\u00edn Aldeguer<\/a> a pris un d\u00e9part tr\u00e8s similaire mais a ensuite v\u00e9cu une course normale. \u00ab\u00a0On est partis du c\u00f4t\u00e9 sale de la piste\u00a0\u00bb, a relev\u00e9 Bagnaia, pour qui ce facteur ne peut pas expliquer \u00e0 lui seul ses propres difficult\u00e9s\u00a0: \u00ab\u00a0Ce n&rsquo;\u00e9tait pas id\u00e9al mais dans le tour de chauffe, j&rsquo;ai compris que quelque chose \u00e9tait bizarre \u00e0 la sortie du virage 3, parce que la moto a commenc\u00e9 \u00e0 beaucoup patiner en ligne droite. \u00c7a ne doit pas arriver, mais c&rsquo;est le cas parfois.\u00a0\u00bb<\/p>\n<p><img decoding=\"async\" class=\"sizer\" draggable=\"false\" src=\"data:image\/png;base64,iVBORw0KGgoAAAANSUhEUgAAABAAAAAJCAYAAAA7KqwyAAAAGXRFWHRTb2Z0d2FyZQBBZG9iZSBJbWFnZVJlYWR5ccllPAAAABpJREFUeNpi\/P\/\/PwMlgImBQjBqwLAwACDAAOVfAw9\/ZDvcAAAAAElFTkSuQmCC\" alt=\"\" loading=\"lazy\"\/><\/p>\n<p class=\"title\">VID\u00c9O &#8211; R\u00c9SUM\u00c9 : La course sprint au GP d&rsquo;Autriche<\/p>\n<p>Interrog\u00e9 sur de potentiels probl\u00e8mes similaires par le pass\u00e9, Bagnaia n&rsquo;a pas eu du mal \u00e0 d\u00e9signer deux courses\u00a0: \u00ab\u00a0\u00c0 Barcelone en 2023, au Qatar en 2023 en course sprint\u00a0\u00bb. Lors de la premi\u00e8re, il avait lourdement chut\u00e9 en sortant du premier virage et <a href=\"https:\/\/fr.motorsport.com\/motogp\/news\/bagnaia-reponses-cause-chute-barcelone\/10517371\/\" target=\"_blank\" rel=\"noopener\">avait incrimin\u00e9 son pneu arri\u00e8re<\/a>, qu&rsquo;il avait <a href=\"https:\/\/fr.motorsport.com\/motogp\/news\/bagnaia-colere-perdu-sensations-sprint\/10548609\/\" target=\"_blank\" rel=\"noopener\">une nouvelle fois jug\u00e9 coupable<\/a> \u00e0 Losail. D&rsquo;autres critiques ont \u00e9t\u00e9 formul\u00e9es l&rsquo;an dernier, avec des d\u00e9mentis de Michelin, <a href=\"https:\/\/fr.motorsport.com\/motogp\/news\/michelin-ecarte-probleme-pneu-bagnaia\/10650834\/\" target=\"_blank\" rel=\"noopener\">en Arag\u00f3n<\/a> ou encore <a href=\"https:\/\/fr.motorsport.com\/motogp\/news\/michelin-bagnaia-decrit-pas-probleme-pneu\/10657337\/\" target=\"_blank\" rel=\"noopener\">\u00e0 Misano<\/a>.<\/p>\n<p>Quelle que soit la nature du probl\u00e8me rencontr\u00e9 \u00e0 Spielberg, les images de la cam\u00e9ra embarqu\u00e9e ont clairement montr\u00e9 que quelque chose n&rsquo;allait pas sur la Ducati de Bagnaia ce samedi\u00a0: \u00ab\u00a0Apr\u00e8s trois tours, le pneu arri\u00e8re \u00e9tait compl\u00e8tement fini. J&rsquo;avais de grosses secousses en ligne droite puis au premier virage, je suis arriv\u00e9 sans freins parce que les secousses ont fait que le levier s&rsquo;est ouvert, donc j&rsquo;ai d\u00e9cid\u00e9 de m&rsquo;arr\u00eater. C&rsquo;\u00e9tait d\u00e9j\u00e0 trop.\u00a0\u00bb<\/p>\n<p>\u00ab\u00a0C&rsquo;est vraiment bizarre parce que je m&rsquo;attendais \u00e0 avoir le rythme suffisant pour jouer le podium, mais malheureusement, rien n&rsquo;a fonctionn\u00e9. On verra si je peux faire quelque chose de mieux demain, mais avant de dire quelque chose, j&rsquo;ai besoin d&rsquo;une explication pour mieux savoir quoi faire.\u00a0\u00bb<\/p>\n<p>Lire aussi :<\/p>\n<p>Dans cet article<\/p>\n<p>Soyez le premier inform\u00e9 et souscrivez aux alertes mails pour recevoir les infos en temps r\u00e9el<\/p>\n<p>    S&rsquo;abonner aux alertes de news<\/p>\n","protected":false},"excerpt":{"rendered":"Pecco Bagnaia a connu un sc\u00e9nario auquel il est trop habitu\u00e9 cette ann\u00e9e. Au lendemain d&rsquo;essais encourageants au&hellip;\n","protected":false},"author":2,"featured_media":323197,"comment_status":"","ping_status":"","sticky":false,"template":"","format":"standard","meta":{"footnotes":""},"categories":[1413],"tags":[46066,4950,1011,27,34489,1457,1456,1458,4951,34490,60],"class_list":{"0":"post-323196","1":"post","2":"type-post","3":"status-publish","4":"format-standard","5":"has-post-thumbnail","7":"category-moto","8":"tag-bagnaia-explique-ses-malheurs-par-un-grip-tru00e8s-bizarre-u00e0-larriu00e8re","9":"tag-ducati-team","10":"tag-fr","11":"tag-france","12":"tag-gp-dautriche","13":"tag-moto","14":"tag-motocycle","15":"tag-motogp","16":"tag-pecco-bagnaia","17":"tag-red-bull-ring","18":"tag-sports"},"share_on_mastodon":{"url":"https:\/\/pubeurope.com\/@fr\/115039367524863085","error":""},"_links":{"self":[{"href":"https:\/\/www.europesays.com\/fr\/wp-json\/wp\/v2\/posts\/323196","targetHints":{"allow":["GET"]}}],"collection":[{"href":"https:\/\/www.europesays.com\/fr\/wp-json\/wp\/v2\/posts"}],"about":[{"href":"https:\/\/www.europesays.com\/fr\/wp-json\/wp\/v2\/types\/post"}],"author":[{"embeddable":true,"href":"https:\/\/www.europesays.com\/fr\/wp-json\/wp\/v2\/users\/2"}],"replies":[{"embeddable":true,"href":"https:\/\/www.europesays.com\/fr\/wp-json\/wp\/v2\/comments?post=323196"}],"version-history":[{"count":0,"href":"https:\/\/www.europesays.com\/fr\/wp-json\/wp\/v2\/posts\/323196\/revisions"}],"wp:featuredmedia":[{"embeddable":true,"href":"https:\/\/www.europesays.com\/fr\/wp-json\/wp\/v2\/media\/323197"}],"wp:attachment":[{"href":"https:\/\/www.europesays.com\/fr\/wp-json\/wp\/v2\/media?parent=323196"}],"wp:term":[{"taxonomy":"category","embeddable":true,"href":"https:\/\/www.europesays.com\/fr\/wp-json\/wp\/v2\/categories?post=323196"},{"taxonomy":"post_tag","embeddable":true,"href":"https:\/\/www.europesays.com\/fr\/wp-json\/wp\/v2\/tags?post=323196"}],"curies":[{"name":"wp","href":"https:\/\/api.w.org\/{rel}","templated":true}]}}