{"id":323198,"date":"2025-08-16T16:23:15","date_gmt":"2025-08-16T16:23:15","guid":{"rendered":"https:\/\/www.europesays.com\/fr\/323198\/"},"modified":"2025-08-16T16:23:15","modified_gmt":"2025-08-16T16:23:15","slug":"belgique-face-a-la-menace-dune-rotation-au-mondial-f1-des-pays-veulent-organiser-des-gp","status":"publish","type":"post","link":"https:\/\/www.europesays.com\/fr\/323198\/","title":{"rendered":"Belgique face \u00e0 la menace d&rsquo;une rotation au Mondial F1 : \u00ab\u00a0Des pays veulent organiser des GP\u00a0\u00bb"},"content":{"rendered":"<p>Le succ\u00e8s grandissant de la Formule 1 dans de nouveaux pays met les circuits historiques sous pression : ils doivent \u00e9voluer ou risquent de dispara\u00eetre du calendrier mondial. C\u2019est notamment le cas du l\u00e9gendaire circuit de <strong>Spa-Francorchamps<\/strong>, dont la pr\u00e9sence n\u2019est pas encore assur\u00e9e pour les saisons 2028 et 2030.<\/p>\n<p>Melchior Wathelet, promoteur du Grand Prix de Belgique, attribue cette situation \u00e0 la popularit\u00e9 accrue de la Formule 1, notamment depuis la s\u00e9rie Drive to Survive sur Netflix et le r\u00e9cent film F1 avec Brad Pitt, produit par Lewis Hamilton. Cette dynamique favorise naturellement l\u2019entr\u00e9e de nouveaux circuits, une orientation \u00e9galement soulign\u00e9e par Liberty Media, la soci\u00e9t\u00e9 d\u00e9tentrice des droits commerciaux de la discipline.<\/p>\n<p>\u00ab Liberty Media est un acteur tr\u00e8s rigoureux, qui sait exactement o\u00f9 il veut aller. Ils prennent grand soin de l\u2019image de la Formule 1, un sport qui conna\u00eet un fort engouement actuellement. Beaucoup de pays souhaitent organiser des Grands Prix, ce qui modifie de plus en plus le calendrier, \u00bb explique Wathelet dans un entretien accord\u00e9 au tr\u00e8s s\u00e9rieux magazine n\u00e9erlandais Formule1.<\/p>\n<p><\/p>\n<p>Gr\u00e2ce au soutien financier de la R\u00e9gion wallonne, les n\u00e9gociations ont permis d\u2019obtenir un contrat de six ans incluant quatre Grands Prix, offrant une certaine visibilit\u00e9 \u00e0 moyen terme. Cependant, l\u2019avenir au-del\u00e0 de 2027, notamment en 2028 et 2030, reste incertain.<\/p>\n<p>Spa-Francorchamps a accueilli son premier Grand Prix en 1950, ann\u00e9e de la naissance de la Formule 1. Ce trac\u00e9 mythique a depuis re\u00e7u la cat\u00e9gorie reine \u00e0 57 reprises, ce qui en fait le quatri\u00e8me circuit le plus fr\u00e9quent\u00e9 derri\u00e8re Monza, Monaco et Silverstone. Malgr\u00e9 son histoire riche, le circuit belge doit aujourd\u2019hui composer avec la volont\u00e9 d\u2019int\u00e9grer de nouveaux trac\u00e9s au calendrier mondial.<\/p>\n<p><img data-lazyloaded=\"1\" decoding=\"async\" src=\"https:\/\/www.europesays.com\/fr\/wp-content\/uploads\/2025\/08\/Belgique-face-a-la-menace-dune-rotation-au-Mondial-F1.jpg\" alt=\"Le circuit de Spa-Francorchamps pourrait dispara\u00eetre des calendriers de 2028 et 2030\" style=\"max-width:100%; height:auto;\"\/>Le circuit de Spa-Francorchamps pourrait dispara\u00eetre des calendriers de 2028 et 2030. (Photo : Reproduction\/F2)<\/p>\n<p>Liberty Media envisage d\u2019agrandir encore la liste des circuits pr\u00e9sents au championnat, ce qui pourrait signifier moins de places pour les pistes traditionnelles. Toutefois, une pr\u00e9sence ponctuelle \u00e0 Spa en 2028 ou 2030 n\u2019est pas \u00e0 exclure.<\/p>\n<p>\u00ab Il \u00e9tait essentiel pour nous d\u2019avoir une visibilit\u00e9 au moins jusqu\u2019en 2027. Nous esp\u00e9rions aussi garantir des courses en 2029 et en 2031. Ainsi, l\u2019absence de Grand Prix en 2028 et 2030 est possible, mais il est aussi envisageable que nous soyons pr\u00e9sents. Je pr\u00e9f\u00e8re ne pas avancer de probabilit\u00e9 sur ce point \u00bb, conclut Melchior Wathelet.<\/p>\n<p>Du c\u00f4t\u00e9 du calendrier, la Formule 1 reprendra bient\u00f4t ses quartiers du 29 au 31 ao\u00fbt avec le Grand Prix des Pays-Bas.<\/p>\n<p>Points \u00e0 retenir<\/p>\n<ul>\n<li>La popularit\u00e9 de la Formule 1 s\u2019est amplifi\u00e9e gr\u00e2ce \u00e0 des productions m\u00e9diatiques de qualit\u00e9.<\/li>\n<li>Liberty Media, en gestionnaire avis\u00e9, adapte le calendrier au dynamisme de nouveaux march\u00e9s.<\/li>\n<li>Spa-Francorchamps, circuit embl\u00e9matique depuis 1950, doit faire face \u00e0 la concurrence accrue de nouveaux trac\u00e9s.<\/li>\n<li>Gr\u00e2ce \u00e0 la R\u00e9gion wallonne, un engagement moyen terme de six ans avec quatre \u00e9ditions a \u00e9t\u00e9 obtenu.<\/li>\n<li>L\u2019avenir de Spa au-del\u00e0 de 2027 reste incertain, sans garantie ferme pour 2028 et 2030.<\/li>\n<\/ul>\n<p>Enfin, force est de constater que l\u2019histoire ne suffira plus \u00e0 garantir sa place dans la valse des Grands Prix. Alors, les passionn\u00e9s devront-ils se r\u00e9soudre \u00e0 dire adieu un jour au volcanique circuit de Spa, ou verront-ils ce joyau belge revenir ponctuellement sous les projecteurs ? \u00c0 moins que Liberty Media ne choisisse simplement\u2026 de nous faire patienter encore avec un peu de suspense, une sp\u00e9cialit\u00e9 bien rod\u00e9e.<\/p>\n<p class=\"has-white-color has-text-color has-background has-link-color\" style=\"background-color:#b2b2b2;font-size:12px\">Cet article a \u00e9t\u00e9 g\u00e9n\u00e9r\u00e9 gr\u00e2ce \u00e0 l&rsquo;intelligence Artificielle. Chez LesNews, nos r\u00e9dacteurs exploitent l&rsquo;IA pour \u00e9laborer des articles innovants \u00e0 partir de <strong>sources fiables.<\/strong> Si vous rep\u00e9rez une image ou un contenu inappropri\u00e9, merci de nous le signaler via le <a href=\"https:\/\/lesnews.ca\/formulaire-dmca\/\" data-wpel-link=\"internal\" target=\"_blank\" rel=\"noopener\">formulaire DMCA <\/a>\u2013 nous agirons rapidement pour le corriger. \/ This article has been generated using Artificial Intelligence. At LesNews, our editors leverage AI to craft innovative articles <strong>sourced<\/strong> from <strong>reliable references<\/strong>. If you come across any image or content that appears inappropriate, please notify us through the <a href=\"https:\/\/lesnews.ca\/formulaire-dmca\/\" data-wpel-link=\"internal\" target=\"_blank\" rel=\"noopener\">DMCA form<\/a> \u2013 we will promptly take action to address it.<\/p>\n<p>  Navigation de l\u2019article<\/p>\n","protected":false},"excerpt":{"rendered":"Le succ\u00e8s grandissant de la Formule 1 dans de nouveaux pays met les circuits historiques sous pression :&hellip;\n","protected":false},"author":2,"featured_media":323199,"comment_status":"","ping_status":"","sticky":false,"template":"","format":"standard","meta":{"footnotes":""},"categories":[1412],"tags":[1451,1452,1453,1454,1455,1011,27,60],"class_list":{"0":"post-323198","1":"post","2":"type-post","3":"status-publish","4":"format-standard","5":"has-post-thumbnail","7":"category-f1","8":"tag-f1","9":"tag-formula-1","10":"tag-formula1","11":"tag-formule-1","12":"tag-formule1","13":"tag-fr","14":"tag-france","15":"tag-sports"},"share_on_mastodon":{"url":"https:\/\/pubeurope.com\/@fr\/115039371477425082","error":""},"_links":{"self":[{"href":"https:\/\/www.europesays.com\/fr\/wp-json\/wp\/v2\/posts\/323198","targetHints":{"allow":["GET"]}}],"collection":[{"href":"https:\/\/www.europesays.com\/fr\/wp-json\/wp\/v2\/posts"}],"about":[{"href":"https:\/\/www.europesays.com\/fr\/wp-json\/wp\/v2\/types\/post"}],"author":[{"embeddable":true,"href":"https:\/\/www.europesays.com\/fr\/wp-json\/wp\/v2\/users\/2"}],"replies":[{"embeddable":true,"href":"https:\/\/www.europesays.com\/fr\/wp-json\/wp\/v2\/comments?post=323198"}],"version-history":[{"count":0,"href":"https:\/\/www.europesays.com\/fr\/wp-json\/wp\/v2\/posts\/323198\/revisions"}],"wp:featuredmedia":[{"embeddable":true,"href":"https:\/\/www.europesays.com\/fr\/wp-json\/wp\/v2\/media\/323199"}],"wp:attachment":[{"href":"https:\/\/www.europesays.com\/fr\/wp-json\/wp\/v2\/media?parent=323198"}],"wp:term":[{"taxonomy":"category","embeddable":true,"href":"https:\/\/www.europesays.com\/fr\/wp-json\/wp\/v2\/categories?post=323198"},{"taxonomy":"post_tag","embeddable":true,"href":"https:\/\/www.europesays.com\/fr\/wp-json\/wp\/v2\/tags?post=323198"}],"curies":[{"name":"wp","href":"https:\/\/api.w.org\/{rel}","templated":true}]}}