{"id":323206,"date":"2025-08-16T16:27:09","date_gmt":"2025-08-16T16:27:09","guid":{"rendered":"https:\/\/www.europesays.com\/fr\/323206\/"},"modified":"2025-08-16T16:27:09","modified_gmt":"2025-08-16T16:27:09","slug":"sulaf-al-ghobari-une-jeune-syrienne-expose-ses-dessins-hyperrealistes-a-alencon","status":"publish","type":"post","link":"https:\/\/www.europesays.com\/fr\/323206\/","title":{"rendered":"Sulaf Al Ghobari, une jeune Syrienne expose ses dessins hyperr\u00e9alistes \u00e0 Alen\u00e7on"},"content":{"rendered":"<p>            Par<br \/>\n        <strong><br \/>\n            <a href=\"https:\/\/actu.fr\/auteur\/jean-christophe-buchot\" title=\"Consulter tous les articles de Jean-Christophe Buchot\" target=\"_blank\" rel=\"noopener\">Jean-Christophe Buchot<\/a><br \/>\n        <\/strong><\/p>\n<p>        Publi\u00e9 le<\/p>\n<p>            16 ao\u00fbt 2025 \u00e0 10h56        <\/p>\n<p>Pour cette troisi\u00e8me quinzaine de l\u2019\u00e9t\u00e9 2025 et jusqu\u2019au 16\u00a0ao\u00fbt, la galerie \u00e9ph\u00e9m\u00e8re Estiv\u2019Art accueille <a href=\"https:\/\/actu.fr\/normandie\/alencon_61001\/voici-les-sept-artistes-a-decouvrir-a-la-galerie-estivart-dalencon-jusquau-16-aout_63000353.html\" target=\"_blank\" rel=\"noopener\">sept artistes aux univers tr\u00e8s diff\u00e9rents<\/a>, dans tous les sens du terme.<\/p>\n<p class=\" wall-content\">Parmi eux, <b>Sulaf. Elle a 19\u00a0ans. Elle vit \u00e0 Alen\u00e7on<\/b> (<a href=\"https:\/\/actu.fr\/orne-hebdo\/\" target=\"_blank\" rel=\"noopener\">Orne<\/a>), dans le quartier de Perseigne. Elle dessine chaque jour, au moins deux heures. Pas sur tablette tactile, au fusain. L\u2019un de ses portraits lui a demand\u00e9 un mois entier de travail.<\/p>\n<p class=\" wall-content\">\u00ab\u2009Quand je dessine, je suis dans un autre monde. Je ne vois pas le temps passer\u2009\u00bb, confie-t-elle.<\/p>\n<p>N\u00e9e en Syrie<\/p>\n<p class=\" wall-content\"><b>N\u00e9e en 2005 \u00e0 Daraa, en Syrie<\/b>, Sulaf Al Ghobari quitte son pays \u00e0 l\u2019\u00e2ge de sept ans en raison de la guerre. Elle vit ensuite six ann\u00e9es en <b>Jordanie<\/b> avant de s\u2019installer en <b>France en 2019<\/b>. Ancienne \u00e9l\u00e8ve du lyc\u00e9e Marguerite-de-Navarre, elle n\u2019a pas obtenu son bac, mais se f\u00e9licite d\u2019avoir atteint un niveau B2 en fran\u00e7ais.<\/p>\n<p class=\" wall-content\">Aujourd\u2019hui, <b>elle h\u00e9site entre deux voies professionnelles<\/b> \u2013 pr\u00e9paratrice en pharmacie ou auxiliaire en pu\u00e9riculture \u2013 mais, dit-elle, \u00ab\u2009dans les deux cas, c\u2019est pour aider les autres\u2009\u00bb. Une certitude demeure\u2009: elle dessine, et<b> continuera \u00e0 dessiner<\/b>.<\/p>\n<p class=\" wall-content\"><b>Autodidacte<\/b>, Sulaf n\u2019a jamais pris de cours de dessin, mais aime transmettre son savoir \u00e0 son entourage. Elle travaille <b>\u00e0 partir de photographies,<\/b> le plus souvent de visages, qu\u2019elle observe attentivement avant de les traduire en images <b>hyperr\u00e9alistes<\/b>. \u00ab\u2009Le dessin, c\u2019est le souffle de l\u2019\u00e2me\u2009\u00bb, r\u00e9sume-t-elle.<\/p>\n<p>La r\u00e9v\u00e9lation du fusain<\/p>\n<p class=\" wall-content\">Le noir et le blanc dominent son travail au fusain. Son trait, pr\u00e9cis et \u00e9pur\u00e9, parvient \u00e0 convaincre par sa force expressive. Elle a d\u00e9j\u00e0 particip\u00e9 \u00e0 <b>plusieurs concours et multipli\u00e9 les expositions<\/b>. Cet \u00e9t\u00e9, ses \u0153uvres sont visibles \u00e0 Estiv\u2019Art, au 20 rue aux Sieurs.<\/p>\n<p class=\" wall-content\">\u00ab\u2009Les portraits, c\u2019est ce que je pr\u00e9f\u00e8re. Mais je peux dessiner sur commande\u2009\u00bb, pr\u00e9cise-t-elle.<\/p>\n<p class=\" wall-content\">Son histoire artistique prend un tournant d\u00e9cisif durant le confinement li\u00e9 \u00e0 la pand\u00e9mie. \u00ab\u2009<b>Mon premier dessin au fusain a \u00e9t\u00e9 une r\u00e9v\u00e9lation<\/b>\u2009: il ressemblait \u00e0 une vraie photographie. Depuis, c\u2019est bien plus qu\u2019un passe-temps, c\u2019est une vocation.\u2009\u00bb<\/p>\n<p>Des th\u00e8mes profond\u00e9ment humains<\/p>\n<p class=\" wall-content\">\u00c0 travers ses \u0153uvres, <b>Sulaf exprime ses \u00e9motions, son histoire et sa vision du monde<\/b>. \u00ab\u2009L\u2019art est pour moi un langage universel, un espace de libert\u00e9 et de r\u00e9silience. Je suis reconnaissante \u00e0 la France, un pays qui valorise l\u2019art et m\u2019a permis d\u2019\u00e9panouir mon talent.\u2009\u00bb<\/p>\n<p class=\" wall-content\">Ses portraits au fusain explorent <b>des th\u00e8mes profond\u00e9ment humains<\/b>\u2009: la vieillesse, la douleur, la m\u00e9moire, mais aussi la tendresse, la transformation int\u00e9rieure et la qu\u00eate d\u2019identit\u00e9. \u00ab\u2009Chaque visage que je dessine raconte une histoire, chaque regard porte une \u00e9motion. Je m\u2019inspire de la fragilit\u00e9 et de la force de l\u2019\u00eatre humain. Mon style m\u00eale r\u00e9alisme et symbolisme pour <b>inviter le spectateur \u00e0 ressentir, \u00e0 r\u00e9fl\u00e9chir,<\/b> et parfois \u00e0 se retrouver dans les fissures et les silences de mes portraits. \u00c0 travers le fusain, je raconte mon histoire, entre exil, r\u00e9silience et passion.\u2009\u00bb<\/p>\n<p>Et apr\u00e8s\u2009?<\/p>\n<p class=\" wall-content\">Une \u00e9cole d\u2019art pour parfaire sa technique\u2009? Elle ne semble pas y songer, malgr\u00e9 son talent \u00e9vident. Pour l\u2019instant,<b> elle cherche avant tout un m\u00e9tier,<\/b> un contrat d\u2019apprentissage ou bien \u00e0 reprendre ses \u00e9tudes.<\/p>\n<p class=\" wall-content\">Quoi qu\u2019il en soit, Sulaf avance. Une feuille, un crayon, un trait apr\u00e8s l\u2019autre. Le fusain comme ligne de fuite\u2026 ou de force.<\/p>\n<p>\u00c0 d\u00e9couvrir sur Instagram : sulaf_alghobari\u00c0 voir jusqu\u2019au 16 ao\u00fbt. <b>Estiv\u2019art,<\/b> 20 rue aux Sieurs \u00e0 Alen\u00e7on, entr\u00e9e gratuite, les mercredis et vendredis, de 13\u2009h \u00e0 18\u2009h, et les jeudis et samedis, de 10\u2009h \u00e0 12\u2009h\u200930 et de 13\u2009h\u200930 \u00e0 18\u2009h\u200930.<\/p>\n<p class=\" wall-content\">Suivez toute l\u2019actualit\u00e9 de vos villes et m\u00e9dias favoris en vous inscrivant \u00e0 <a href=\"https:\/\/moncompte.actu.fr\" title=\"D\u00e9couvez Mon Actu\" rel=\"nofollow noopener\" data-trk=\"{&quot;cta&quot;:{&quot;action&quot;:&quot;https:\\\/\\\/moncompte.actu.fr&quot;,&quot;category&quot;:&quot;mon compte&quot;,&quot;from&quot;:&quot;article footer&quot;,&quot;name&quot;:&quot;Mon actu&quot;,&quot;type&quot;:&quot;cta&quot;}}\" target=\"_blank\">Mon Actu<\/a>.<\/p>\n","protected":false},"excerpt":{"rendered":"Par Jean-Christophe Buchot Publi\u00e9 le 16 ao\u00fbt 2025 \u00e0 10h56 Pour cette troisi\u00e8me quinzaine de l\u2019\u00e9t\u00e9 2025 et&hellip;\n","protected":false},"author":2,"featured_media":323207,"comment_status":"","ping_status":"","sticky":false,"template":"","format":"standard","meta":{"footnotes":""},"categories":[1358],"tags":[1063,1348,1384,1385,1386,58,59,1011,27,104],"class_list":{"0":"post-323206","1":"post","2":"type-post","3":"status-publish","4":"format-standard","5":"has-post-thumbnail","7":"category-arts-et-design","8":"tag-animations","9":"tag-arts","10":"tag-arts-and-design","11":"tag-arts-et-design","12":"tag-design","13":"tag-divertissement","14":"tag-entertainment","15":"tag-fr","16":"tag-france","17":"tag-societe"},"share_on_mastodon":{"url":"https:\/\/pubeurope.com\/@fr\/115039387246176158","error":""},"_links":{"self":[{"href":"https:\/\/www.europesays.com\/fr\/wp-json\/wp\/v2\/posts\/323206","targetHints":{"allow":["GET"]}}],"collection":[{"href":"https:\/\/www.europesays.com\/fr\/wp-json\/wp\/v2\/posts"}],"about":[{"href":"https:\/\/www.europesays.com\/fr\/wp-json\/wp\/v2\/types\/post"}],"author":[{"embeddable":true,"href":"https:\/\/www.europesays.com\/fr\/wp-json\/wp\/v2\/users\/2"}],"replies":[{"embeddable":true,"href":"https:\/\/www.europesays.com\/fr\/wp-json\/wp\/v2\/comments?post=323206"}],"version-history":[{"count":0,"href":"https:\/\/www.europesays.com\/fr\/wp-json\/wp\/v2\/posts\/323206\/revisions"}],"wp:featuredmedia":[{"embeddable":true,"href":"https:\/\/www.europesays.com\/fr\/wp-json\/wp\/v2\/media\/323207"}],"wp:attachment":[{"href":"https:\/\/www.europesays.com\/fr\/wp-json\/wp\/v2\/media?parent=323206"}],"wp:term":[{"taxonomy":"category","embeddable":true,"href":"https:\/\/www.europesays.com\/fr\/wp-json\/wp\/v2\/categories?post=323206"},{"taxonomy":"post_tag","embeddable":true,"href":"https:\/\/www.europesays.com\/fr\/wp-json\/wp\/v2\/tags?post=323206"}],"curies":[{"name":"wp","href":"https:\/\/api.w.org\/{rel}","templated":true}]}}