{"id":323208,"date":"2025-08-16T16:28:23","date_gmt":"2025-08-16T16:28:23","guid":{"rendered":"https:\/\/www.europesays.com\/fr\/323208\/"},"modified":"2025-08-16T16:28:23","modified_gmt":"2025-08-16T16:28:23","slug":"roman-liens-subtils","status":"publish","type":"post","link":"https:\/\/www.europesays.com\/fr\/323208\/","title":{"rendered":"Roman. Liens subtils"},"content":{"rendered":"<p>Vingt-cinq ans apr\u00e8s La Conversation amoureuse , Alice Ferney explore l\u2019amiti\u00e9 entre un homme et une femme, entre confidences, silences et fronti\u00e8res floues. Marianne et Cyril, que tout oppose, tissent une relation faite de dialogues quotidiens, de d\u00e9saccords et de tendresse. En quarante chapitres vifs, Ferney interroge les liens, les limites et la parole qui fonde la relation. Un roman fin et subtil, o\u00f9 l\u2019amiti\u00e9 s\u2019\u00e9crit, comme en amour. (G.A.)<\/p>\n<p class=\"note\">Comme en amour , Alice Ferney, Actes Sud, 304 p., 22\u00a0\u20ac, (parution le 20\u00a0ao\u00fbt)<\/p>\n","protected":false},"excerpt":{"rendered":"Vingt-cinq ans apr\u00e8s La Conversation amoureuse , Alice Ferney explore l\u2019amiti\u00e9 entre un homme et une femme, entre&hellip;\n","protected":false},"author":2,"featured_media":323209,"comment_status":"","ping_status":"","sticky":false,"template":"","format":"standard","meta":{"footnotes":""},"categories":[1357],"tags":[1379,1687,58,59,1011,27,1380,2410],"class_list":{"0":"post-323208","1":"post","2":"type-post","3":"status-publish","4":"format-standard","5":"has-post-thumbnail","7":"category-livres","8":"tag-books","9":"tag-culture-loisirs","10":"tag-divertissement","11":"tag-entertainment","12":"tag-fr","13":"tag-france","14":"tag-livres","15":"tag-livres-bd"},"share_on_mastodon":{"url":"https:\/\/pubeurope.com\/@fr\/115039391208415646","error":""},"_links":{"self":[{"href":"https:\/\/www.europesays.com\/fr\/wp-json\/wp\/v2\/posts\/323208","targetHints":{"allow":["GET"]}}],"collection":[{"href":"https:\/\/www.europesays.com\/fr\/wp-json\/wp\/v2\/posts"}],"about":[{"href":"https:\/\/www.europesays.com\/fr\/wp-json\/wp\/v2\/types\/post"}],"author":[{"embeddable":true,"href":"https:\/\/www.europesays.com\/fr\/wp-json\/wp\/v2\/users\/2"}],"replies":[{"embeddable":true,"href":"https:\/\/www.europesays.com\/fr\/wp-json\/wp\/v2\/comments?post=323208"}],"version-history":[{"count":0,"href":"https:\/\/www.europesays.com\/fr\/wp-json\/wp\/v2\/posts\/323208\/revisions"}],"wp:featuredmedia":[{"embeddable":true,"href":"https:\/\/www.europesays.com\/fr\/wp-json\/wp\/v2\/media\/323209"}],"wp:attachment":[{"href":"https:\/\/www.europesays.com\/fr\/wp-json\/wp\/v2\/media?parent=323208"}],"wp:term":[{"taxonomy":"category","embeddable":true,"href":"https:\/\/www.europesays.com\/fr\/wp-json\/wp\/v2\/categories?post=323208"},{"taxonomy":"post_tag","embeddable":true,"href":"https:\/\/www.europesays.com\/fr\/wp-json\/wp\/v2\/tags?post=323208"}],"curies":[{"name":"wp","href":"https:\/\/api.w.org\/{rel}","templated":true}]}}