{"id":32321,"date":"2025-04-17T19:12:12","date_gmt":"2025-04-17T19:12:12","guid":{"rendered":"https:\/\/www.europesays.com\/fr\/32321\/"},"modified":"2025-04-17T19:12:12","modified_gmt":"2025-04-17T19:12:12","slug":"les-plus-beaux-cosplays-sont-de-sortie-la-folie-mangazur-ne-sessouffle-pas-a-toulon","status":"publish","type":"post","link":"https:\/\/www.europesays.com\/fr\/32321\/","title":{"rendered":"Les plus beaux cosplays sont de sortie: la folie Mang\u2019Azur ne s\u2019essouffle pas \u00e0 Toulon"},"content":{"rendered":"<p>Des d\u00e9guisements plus vrais que nature et \u00e0 couper le souffle.<\/p>\n<p>Depuis ce samedi dans le centre de Toulon, les cosplays (loisir qui consiste \u00e0 jouer le r\u00f4le d\u2019un personnage de fiction en imitant son costume, Ndlr) sont de sortie.<\/p>\n<p>Pas de quoi impressionner les Toulonnais, qui ont clairement pris l\u2019habitude d\u2019en voir d\u00e9filer chaque ann\u00e9e \u00e0 la m\u00eame p\u00e9riode. C\u2019est le retour du Mang\u2019Azur en ville!<\/p>\n<p>Pour la 18e ann\u00e9e, l\u2019\u00e9v\u00e9nement le plus attendu par les fans de culture asiatique se tient en bord de rade. Et si on pouvait croire que la folie s\u2019essoufflerait au fil des ans, il n\u2019en est rien. Les amoureux de la culture nippone et cor\u00e9enne ont particip\u00e9 en masse au festival d\u00e8s aujourd\u2019hui.<\/p>\n<p>Une vraie tradition<\/p>\n<p>              <img ci-src=\"https:\/\/www.varmatin.com\/vie-locale\/protec\/DATA_ART_15332333-kPsXLBKR.jpg?vh=d855d3&amp;ci_seal=1be0107fac\" alt=\"\"\/><\/p>\n<p>Pour certains, c\u2019est devenu une v\u00e9ritable tradition, comme le confie Margot. Passionn\u00e9e de jeux vid\u00e9o et manga depuis son jeune \u00e2ge, elle se rend au Mang\u2019Azur depuis son adolescence. Et \u00e0 22 ans, la passion est toujours l\u00e0: \u00ab\u00a0Je pr\u00e9pare ma venue ici depuis le mois de novembre. C\u2019est un festival o\u00f9 je retrouve des personnes qui partagent le m\u00eame amour que moi, c\u2019est un univers o\u00f9 je me sens bien\u00a0\u00bb, raconte la jeune fille qui a con\u00e7u elle-m\u00eame son cosplay.<\/p>\n<p>Un univers que partagent aussi Ana\u00efs, Malicia, Adenia et Manon, venus \u00e0 quatre pour profiter de la journ\u00e9e. \u00ab\u00a0Nous arrivons d\u2019Aubagne et de Gap. \u00c7a nous fait un peu de route, mais on ne manquerait pas l\u2019occasion de partager un bon moment et montrer nos cr\u00e9ations\u00a0\u00bb, rient-elles. \u00ab\u00a0Le Mang\u2019Azur est un des meilleurs \u00e9v\u00e9nements du Sud. L\u2019organisation est bien faite mais surtout, la culture asiatique dans son ensemble est bien repr\u00e9sent\u00e9e\u00a0\u00bb, se r\u00e9jouit Malicia. Et son amie Adenia d\u2019ajouter que \u00ab\u00a0le monde des anim\u00e9s est bien respect\u00e9, ce qui n\u2019est pas forc\u00e9ment le cas ailleurs. C\u2019est vraiment un festival au service des passionn\u00e9s\u00a0\u00bb.<\/p>\n<p>\u00ab\u00a0Toulon, une de mes meilleures dates\u00a0\u00bb<\/p>\n<p>              <img ci-src=\"https:\/\/www.varmatin.com\/vie-locale\/protec\/DATA_ART_15332325-PcavkmR6.jpg?vh=539c5c&amp;ci_seal=09fefaa884\" alt=\"\"\/><\/p>\n<p>Si c\u00f4t\u00e9 visiteurs la satisfaction est totale, c\u00f4t\u00e9 exposants aussi, les \u00e9loges pleuvent. Benjamin, est un grand habitu\u00e9. S\u2019il baigne dans cet univers depuis pr\u00e8s d\u2019une vingtaine d\u2019ann\u00e9es, il tient un stand au Mang\u2019Azur depuis 2014. \u00ab\u00a0Un bail\u00a0\u00bb, sourit-il.<\/p>\n<p>\u00ab\u00a0Je fais plusieurs festivals du genre partout en France, et je dois avouer que Toulon est l\u2019une de mes meilleures dates. L\u2019engouement est total, les visiteurs sont impliqu\u00e9s et \u00e7a se comprend: la nature intimiste du palais Neptune est maintenue, tout en s\u2019adaptant \u00e0 l\u2019\u00e9volution de la culture asiatique. Les bases traditionnelles sont toujours l\u00e0 et \u00e0 mon sens, c\u2019est ce qui explique le succ\u00e8s\u00a0\u00bb, analyse l\u2019artisan qui propose des costumes uniques \u00e0 la vente.<\/p>\n<p>\u00c0 ses c\u00f4t\u00e9s, ils sont pr\u00e8s de 90 commer\u00e7ants \u00e0 pr\u00e9senter leurs articles. Pour le plus grand bonheur des fans qui font le plein d\u2019accessoires et autres objets en lien avec l\u2019Asie. De la pop culture \u00e0 consommer sans mod\u00e9ration jusqu\u2019\u00e0 ce dimanche soir, pour les retardataires. Avec au programme des animations, des d\u00e9dicaces et de la K-pop pour vos oreilles.<\/p>\n<p>\u00c0 vos plus beaux cosplays!<\/p>\n","protected":false},"excerpt":{"rendered":"Des d\u00e9guisements plus vrais que nature et \u00e0 couper le souffle. Depuis ce samedi dans le centre de&hellip;\n","protected":false},"author":2,"featured_media":32322,"comment_status":"","ping_status":"","sticky":false,"template":"","format":"standard","meta":{"footnotes":""},"categories":[9619],"tags":[1111,11,1777,674,1011,27,12,882,25,2310,3366],"class_list":{"0":"post-32321","1":"post","2":"type-post","3":"status-publish","4":"format-standard","5":"has-post-thumbnail","7":"category-toulon","8":"tag-actu","9":"tag-actualites","10":"tag-eu","11":"tag-europe","12":"tag-fr","13":"tag-france","14":"tag-news","15":"tag-provence-alpes-cote-dazur","16":"tag-republique-francaise","17":"tag-toulon","18":"tag-vie-locale"},"share_on_mastodon":{"url":"https:\/\/pubeurope.com\/@fr\/114354896523741687","error":""},"_links":{"self":[{"href":"https:\/\/www.europesays.com\/fr\/wp-json\/wp\/v2\/posts\/32321","targetHints":{"allow":["GET"]}}],"collection":[{"href":"https:\/\/www.europesays.com\/fr\/wp-json\/wp\/v2\/posts"}],"about":[{"href":"https:\/\/www.europesays.com\/fr\/wp-json\/wp\/v2\/types\/post"}],"author":[{"embeddable":true,"href":"https:\/\/www.europesays.com\/fr\/wp-json\/wp\/v2\/users\/2"}],"replies":[{"embeddable":true,"href":"https:\/\/www.europesays.com\/fr\/wp-json\/wp\/v2\/comments?post=32321"}],"version-history":[{"count":0,"href":"https:\/\/www.europesays.com\/fr\/wp-json\/wp\/v2\/posts\/32321\/revisions"}],"wp:featuredmedia":[{"embeddable":true,"href":"https:\/\/www.europesays.com\/fr\/wp-json\/wp\/v2\/media\/32322"}],"wp:attachment":[{"href":"https:\/\/www.europesays.com\/fr\/wp-json\/wp\/v2\/media?parent=32321"}],"wp:term":[{"taxonomy":"category","embeddable":true,"href":"https:\/\/www.europesays.com\/fr\/wp-json\/wp\/v2\/categories?post=32321"},{"taxonomy":"post_tag","embeddable":true,"href":"https:\/\/www.europesays.com\/fr\/wp-json\/wp\/v2\/tags?post=32321"}],"curies":[{"name":"wp","href":"https:\/\/api.w.org\/{rel}","templated":true}]}}