{"id":323210,"date":"2025-08-16T16:29:16","date_gmt":"2025-08-16T16:29:16","guid":{"rendered":"https:\/\/www.europesays.com\/fr\/323210\/"},"modified":"2025-08-16T16:29:16","modified_gmt":"2025-08-16T16:29:16","slug":"meurtres-en-bearn-quand-je-revois-cette-sequence-jai-mal-catherine-marchal-blessee-sur-le-tournage-elle-nous-raconte-programme-tv-net","status":"publish","type":"post","link":"https:\/\/www.europesays.com\/fr\/323210\/","title":{"rendered":"Meurtres en B\u00e9arn : &quot;Quand je revois cette s\u00e9quence, j&#039;ai mal\u2026&quot; Catherine Marchal bless\u00e9e sur le tournage, elle nous raconte &#8211; programme-tv.net"},"content":{"rendered":"<ol>\n<li><a href=\"https:\/\/news.google.com\/rss\/articles\/CBMi_AFBVV95cUxNbGpMdXBnX1IxZEZGYWpFM25KRXVEMXU5RlhadVpsWU1RejI5d1RsaDd3bXVwSktLZFNVZjRNYlVzYjdnc1ExamVmMTUxXzRlQVQ2WjNCcW9udmktV3hLU1hFQk9WNnRWcXBLZUN6U1NSSkFIRXBLOWw1U3NWc2paQ25jQkJheDU0Q2RROXpJeFRJSFhUd2ttcE1NUkxlTzc0VnphMU1hWkhzb25tVW5tWG5MVU5GQWgwSThHZ0JFZVk5MzZyZ2xVc2o5dFcza01MRVQ0Uk92MnVSeXhvSlFtckFRYm45b01DZ2ZmdDFHMWRFbS1rWDJHOWQ4c24?oc=5\" target=\"_blank\" rel=\"nofollow noopener\">Meurtres en B\u00e9arn : \u00ab\u00a0Quand je revois cette s\u00e9quence, j&rsquo;ai mal\u2026\u00a0\u00bb Catherine Marchal bless\u00e9e sur le tournage, elle nous raconte<\/a>&nbsp;&nbsp;programme-tv.net<\/li>\n<li><a href=\"https:\/\/news.google.com\/rss\/articles\/CBMi7AFBVV95cUxQMnhxREdRRlpFSjQzdHNiUTJKZ2lxcm5qX0hUOXlid3BQZ3Q2OVIwS0tvWHhEODJwbjBfV0Zad3FFSlJhZjFRVGFNOTBmVW8yZ3lIQnFLYURPMVF6ZktjUlVvSnl5SUUtQzdXc2p3OU1wQ2Ntc0dVTUkybXkwR3VEcW1YdmgtTU1XVE8wdkZZMjFMRVdmR09KTXo0dzhDc2VGdDNnNTlvbDNlQVdhNmV4S3pTZ3RyQ3RoVGFCMFlfNjMyczhhYWNZdmxBQlo1TUc5V1kzUWQyYkp0MkVMbEZnQmdVUkdBOVFycmIzdg?oc=5\" target=\"_blank\" rel=\"nofollow noopener\">\u00ab Meurtres en B\u00e9arn \u00bb puis \u00ab Meurtres \u00e0 Gu\u00e9rande \u00bb : c&rsquo;est quoi l&rsquo;histoire des t\u00e9l\u00e9films diffus\u00e9s par France 3 ce soir, samedi 16 ao\u00fbt<\/a>&nbsp;&nbsp;F\u00e9min Actu<\/li>\n<li><a href=\"https:\/\/news.google.com\/rss\/articles\/CBMi8gFBVV95cUxQYnkwQ0RoMUV3MjdBeUFHYmhZMTVDMVA2T1J0LUZ4LXJCZ2ltYnV4RW05NVlnazNtRENQaVhXWHV4RkR5dU5JM2dhQ3VTaG03QnFRTmhqbkdfZHNUa3FlamdXeV9rTzVic3NHbjEtXzV5VlZLTlZPY01iWnBsbEMyckpTazJKMFJodEFYRmx3YWFyTGhYMnVmNnFXT0EtYmVza1M4bnJRQzFKMHp4Z2dTNUZiQ2JIRUJkaDhpUG13Y1ZPV1RRUENDOWVreUpfM2pFTjB2S0NJVTlUNkNTczlZY2lqSkhhRjVHWkhKWFlhYU0zZw?oc=5\" target=\"_blank\" rel=\"nofollow noopener\">\u00ab\u00a0Meurtres en B\u00e9arn\u00a0\u00bb avec Isabel Otero et Catherine Marchal sur France 3 samedi 16 ao\u00fbt 2025<\/a>&nbsp;&nbsp;Les coulisses de la T\u00e9l\u00e9vision<\/li>\n<li><a href=\"https:\/\/news.google.com\/rss\/articles\/CBMiuAFBVV95cUxPaVpORVZFQWJoZEJQV0dBUEZXVmVSWkx3MjVILVRVUmttZ0M5MDZxbllIcGN4b0pGQUhkcFdsa3dCYlBhcXNWbmlJVXpRYUo4WEduck1ncGpVMWNBVDNieTFvOGdSYktZM0tzTWt1dDB2Q1dCdlFIcnFWZ3lFR1ZpT2U1cGk4YWFBUnZ1ZzEyWEotSmJfYmRLMGxubDNIUEVTOVJEdEJ6T3FyM29zb05aOTlQWDhoRzgx0gG-AUFVX3lxTE85aUtWcFdwN1V3SFVTRUJpd2hDdzZiQl9JanozTVJIdEdSMGdrMnBIckktMzU2MWJUV28xek5UN0RrOUw0ZjhOcTloaHZWX2hLOENHTDdIX3BuWkNVQUxrX2luZndDbWwxTTE5SUlLN00ySG9kMzhiZGtMVnpGZ3hCNXlneHVZdXBpR2YyM0oySmRMSlFMZElsT1BSeEFDNlEzYWF3SktLQXdVQkNtbTEzTHZHa3N6ZTdyV1NGZlE?oc=5\" target=\"_blank\" rel=\"nofollow noopener\">\u00ab Meurtres en B\u00e9arn \u00bb : histoire et interpr\u00e8tes du t\u00e9l\u00e9film ce soir sur France 3 (16 ao\u00fbt)<\/a>&nbsp;&nbsp;Stars Actu<\/li>\n<li><a href=\"https:\/\/news.google.com\/rss\/articles\/CBMisgFBVV95cUxQQ0IwVEQycVJoRFE0enF1WDFwV1lJYXBrQm1acmFGbWU2SUgwVGViQjJuejlyZ3lEb21IV0JMajBxQ2Jja19JZ3pVdm9nNEt3SkJhWEdJOF9Ld2VBN0dyZWlXemxxMDlISVdqbjM4Zktzck9xOFljU0x5c3FyRkVEVWpzY0pNXzhZTm9mbUpjbHdLZU1IZnVwT3FlaVZNaXNwdEtnaUg0R3E5V2dFNkVrMG1R?oc=5\" target=\"_blank\" rel=\"nofollow noopener\">Isabel Otero admirative de la carri\u00e8re de sa fille Ana Girardot<\/a>&nbsp;&nbsp;programme-tv.net<\/li>\n<\/ol>\n","protected":false},"excerpt":{"rendered":"Meurtres en B\u00e9arn : \u00ab\u00a0Quand je revois cette s\u00e9quence, j&rsquo;ai mal\u2026\u00a0\u00bb Catherine Marchal bless\u00e9e sur le tournage, elle&hellip;\n","protected":false},"author":2,"featured_media":1445,"comment_status":"","ping_status":"","sticky":false,"template":"","format":"standard","meta":{"footnotes":""},"categories":[1356],"tags":[58,59,1011,27,252,1364],"class_list":{"0":"post-323210","1":"post","2":"type-post","3":"status-publish","4":"format-standard","5":"has-post-thumbnail","7":"category-television","8":"tag-divertissement","9":"tag-entertainment","10":"tag-fr","11":"tag-france","12":"tag-television","13":"tag-tv"},"share_on_mastodon":{"url":"https:\/\/pubeurope.com\/@fr\/115039395198997223","error":""},"_links":{"self":[{"href":"https:\/\/www.europesays.com\/fr\/wp-json\/wp\/v2\/posts\/323210","targetHints":{"allow":["GET"]}}],"collection":[{"href":"https:\/\/www.europesays.com\/fr\/wp-json\/wp\/v2\/posts"}],"about":[{"href":"https:\/\/www.europesays.com\/fr\/wp-json\/wp\/v2\/types\/post"}],"author":[{"embeddable":true,"href":"https:\/\/www.europesays.com\/fr\/wp-json\/wp\/v2\/users\/2"}],"replies":[{"embeddable":true,"href":"https:\/\/www.europesays.com\/fr\/wp-json\/wp\/v2\/comments?post=323210"}],"version-history":[{"count":0,"href":"https:\/\/www.europesays.com\/fr\/wp-json\/wp\/v2\/posts\/323210\/revisions"}],"wp:featuredmedia":[{"embeddable":true,"href":"https:\/\/www.europesays.com\/fr\/wp-json\/wp\/v2\/media\/1445"}],"wp:attachment":[{"href":"https:\/\/www.europesays.com\/fr\/wp-json\/wp\/v2\/media?parent=323210"}],"wp:term":[{"taxonomy":"category","embeddable":true,"href":"https:\/\/www.europesays.com\/fr\/wp-json\/wp\/v2\/categories?post=323210"},{"taxonomy":"post_tag","embeddable":true,"href":"https:\/\/www.europesays.com\/fr\/wp-json\/wp\/v2\/tags?post=323210"}],"curies":[{"name":"wp","href":"https:\/\/api.w.org\/{rel}","templated":true}]}}