{"id":323215,"date":"2025-08-16T16:32:16","date_gmt":"2025-08-16T16:32:16","guid":{"rendered":"https:\/\/www.europesays.com\/fr\/323215\/"},"modified":"2025-08-16T16:32:16","modified_gmt":"2025-08-16T16:32:16","slug":"ce-lait-que-lon-consomme-partout-en-france-augmenterait-le-risque-de-crise-cardiaque-2","status":"publish","type":"post","link":"https:\/\/www.europesays.com\/fr\/323215\/","title":{"rendered":"Ce lait que l\u2019on consomme partout en France augmenterait le risque de crise cardiaque"},"content":{"rendered":"<p>En Norv\u00e8ge, une <strong>vaste enqu\u00eate scientifique<\/strong> parue dans The American Journal of Clinical Nutrition vient \u00e9corner l\u2019image bien lisse d\u2019un aliment familier, longtemps per\u00e7u comme un alli\u00e9 du quotidien. Les donn\u00e9es accumul\u00e9es au fil des d\u00e9cennies laissent entrevoir un lien moins anodin qu\u2019il n\u2019y para\u00eet avec la <strong>sant\u00e9 cardiovasculaire<\/strong>, et invitent \u00e0 reconsid\u00e9rer certains choix de consommation.<\/p>\n<p>Lait entier ou \u00e9cr\u00e9m\u00e9 : un impact marqu\u00e9 sur la sant\u00e9<\/p>\n<p>Car c\u2019est bien du <strong>lait de vache<\/strong> dont il est question. Selon les chercheurs, sa teneur en mati\u00e8res grasses p\u00e8se lourd dans la balance : le lait \u00e9cr\u00e9m\u00e9 semblerait moins pr\u00e9judiciable que le lait entier, ce dernier \u00e9tant associ\u00e9 \u00e0 un <strong>risque accru de mortalit\u00e9<\/strong>. Une observation qui prend tout son sens quand on sait que, depuis les ann\u00e9es 1980, la consommation annuelle de lait liquide a chut\u00e9 de pr\u00e8s de 80 \u00e0 50 kg par habitant. L\u2019analyse s\u2019appuie sur trois \u00e9tudes conduites entre 1974 et 1988 <strong>aupr\u00e8s de 73 860 adulte<\/strong>s \u00e2g\u00e9s en moyenne de 41 ans. Les chiffres parlent d\u2019eux-m\u00eames : chez les plus grands buveurs, la mortalit\u00e9 toutes causes confondues grimpe de 22 %, et le risque de d\u00e9c\u00e8s li\u00e9 aux maladies cardiovasculaires de 12 %. La nuance est toutefois de taille : ceux qui <strong>optent pour le lait \u00e9cr\u00e9m\u00e9<\/strong> pr\u00e9sentent un risque cardiovasculaire r\u00e9duit de 7 % par rapport aux adeptes du lait entier.<\/p>\n<p>Lait all\u00e9g\u00e9 : des b\u00e9n\u00e9fices sans renoncer aux atouts nutritionnels<\/p>\n<p>Ces r\u00e9sultats demeurent valables (&#8230;)<\/p>\n<p><a href=\"https:\/\/www.grazia.fr\/beaute\/forme-minceur\/lait-consomme-partout-france-augmenterait-risque-crise-cardiaque-1179185.html?utm_campaign=partenariat&amp;utm_source=yahoo-articles&amp;utm_medium=flux\" rel=\"nofollow noopener\" target=\"_blank\" data-ylk=\"slk:Lire la suite sur Grazia;elm:context_link;itc:0;sec:content-canvas\" class=\"link \">Lire la suite sur Grazia<\/a><\/p>\n<p><a href=\"https:\/\/www.grazia.fr\/mode\/looks-de-stars\/amal-clooney-porte-cette-robe-glamour-qui-elance-la-silhouette-en-un-coup-doeil-apres-40-ans-1179710.html?utm_campaign=partenariat&amp;utm_source=yahoo-articles&amp;utm_medium=flux\" rel=\"nofollow noopener\" target=\"_blank\" data-ylk=\"slk:Amal Clooney porte cette robe glamour qui \u00e9lance la silhouette en un coup d&#039;oeil apr\u00e8s 40 ans;elm:context_link;itc:0;sec:content-canvas\" class=\"link \">Amal Clooney porte cette robe glamour qui \u00e9lance la silhouette en un coup d&rsquo;oeil apr\u00e8s 40 ans<\/a><br \/><a href=\"https:\/\/www.grazia.fr\/lifestyle\/psycho-sexo\/le-triangle-de-karpman-ce-schema-relationnel-toxique-qui-peut-vous-couter-bien-des-amities-1092813.html?utm_campaign=partenariat&amp;utm_source=yahoo-articles&amp;utm_medium=flux\" rel=\"nofollow noopener\" target=\"_blank\" data-ylk=\"slk:Ce sch\u00e9ma relationnel ultra toxique pourrait vous co\u00fbter bien des amiti\u00e9s;elm:context_link;itc:0;sec:content-canvas\" class=\"link \">Ce sch\u00e9ma relationnel ultra toxique pourrait vous co\u00fbter bien des amiti\u00e9s<\/a><br \/><a href=\"https:\/\/www.grazia.fr\/mode\/tendances-mode\/apercu-a-copenhague-cet-accessoire-chic-et-pratique-est-deja-partout-de-la-plage-aux-rues-branchees-1179444.html?utm_campaign=partenariat&amp;utm_source=yahoo-articles&amp;utm_medium=flux\" rel=\"nofollow noopener\" target=\"_blank\" data-ylk=\"slk:Aper\u00e7u \u00e0 Copenhague, cet accessoire chic et pratique est d\u00e9j\u00e0 partout, de la plage aux rues branch\u00e9es;elm:context_link;itc:0;sec:content-canvas\" class=\"link \">Aper\u00e7u \u00e0 Copenhague, cet accessoire chic et pratique est d\u00e9j\u00e0 partout, de la plage aux rues branch\u00e9es<\/a><br \/><a href=\"https:\/\/www.grazia.fr\/mode\/looks-de-stars\/meme-katy-perry-40-ans-porte-ce-jean-vintage-canonissime-qui-flattera-toutes-les-morphos-a-la-rentree-1179691.html?utm_campaign=partenariat&amp;utm_source=yahoo-articles&amp;utm_medium=flux\" rel=\"nofollow noopener\" target=\"_blank\" data-ylk=\"slk:M\u00eame Katy Perry (40 ans) porte ce jean vintage canonissime qui flattera toutes les morphos \u00e0 la rentr\u00e9e;elm:context_link;itc:0;sec:content-canvas\" class=\"link \">M\u00eame Katy Perry (40 ans) porte ce jean vintage canonissime qui flattera toutes les morphos \u00e0 la rentr\u00e9e<\/a><br \/><a href=\"https:\/\/www.grazia.fr\/mode\/bijoux\/cette-tendance-bijou-controversee-va-pimper-tous-vos-looks-de-rentree-et-les-filles-stylees-la-portent-deja-1179654.html?utm_campaign=partenariat&amp;utm_source=yahoo-articles&amp;utm_medium=flux\" rel=\"nofollow noopener\" target=\"_blank\" data-ylk=\"slk:Cette tendance bijou controvers\u00e9e va pimper tous vos looks de rentr\u00e9e (et les filles styl\u00e9es la portent d\u00e9j\u00e0);elm:context_link;itc:0;sec:content-canvas\" class=\"link \">Cette tendance bijou controvers\u00e9e va pimper tous vos looks de rentr\u00e9e (et les filles styl\u00e9es la portent d\u00e9j\u00e0)<\/a><\/p>\n","protected":false},"excerpt":{"rendered":"En Norv\u00e8ge, une vaste enqu\u00eate scientifique parue dans The American Journal of Clinical Nutrition vient \u00e9corner l\u2019image bien&hellip;\n","protected":false},"author":2,"featured_media":323216,"comment_status":"","ping_status":"","sticky":false,"template":"","format":"standard","meta":{"footnotes":""},"categories":[10],"tags":[46067,46069,46068,1011,27,72,18405,46070,30068,71],"class_list":{"0":"post-323215","1":"post","2":"type-post","3":"status-publish","4":"format-standard","5":"has-post-thumbnail","7":"category-sante","8":"tag-american-journal-of-clinical-nutrition","9":"tag-consommation-annuelle","10":"tag-enquete-scientifique","11":"tag-fr","12":"tag-france","13":"tag-health","14":"tag-lait-de-vache","15":"tag-lait-entier","16":"tag-risque-cardiovasculaire","17":"tag-sante"},"share_on_mastodon":{"url":"https:\/\/pubeurope.com\/@fr\/115039406857807407","error":""},"_links":{"self":[{"href":"https:\/\/www.europesays.com\/fr\/wp-json\/wp\/v2\/posts\/323215","targetHints":{"allow":["GET"]}}],"collection":[{"href":"https:\/\/www.europesays.com\/fr\/wp-json\/wp\/v2\/posts"}],"about":[{"href":"https:\/\/www.europesays.com\/fr\/wp-json\/wp\/v2\/types\/post"}],"author":[{"embeddable":true,"href":"https:\/\/www.europesays.com\/fr\/wp-json\/wp\/v2\/users\/2"}],"replies":[{"embeddable":true,"href":"https:\/\/www.europesays.com\/fr\/wp-json\/wp\/v2\/comments?post=323215"}],"version-history":[{"count":0,"href":"https:\/\/www.europesays.com\/fr\/wp-json\/wp\/v2\/posts\/323215\/revisions"}],"wp:featuredmedia":[{"embeddable":true,"href":"https:\/\/www.europesays.com\/fr\/wp-json\/wp\/v2\/media\/323216"}],"wp:attachment":[{"href":"https:\/\/www.europesays.com\/fr\/wp-json\/wp\/v2\/media?parent=323215"}],"wp:term":[{"taxonomy":"category","embeddable":true,"href":"https:\/\/www.europesays.com\/fr\/wp-json\/wp\/v2\/categories?post=323215"},{"taxonomy":"post_tag","embeddable":true,"href":"https:\/\/www.europesays.com\/fr\/wp-json\/wp\/v2\/tags?post=323215"}],"curies":[{"name":"wp","href":"https:\/\/api.w.org\/{rel}","templated":true}]}}