{"id":323227,"date":"2025-08-16T16:39:18","date_gmt":"2025-08-16T16:39:18","guid":{"rendered":"https:\/\/www.europesays.com\/fr\/323227\/"},"modified":"2025-08-16T16:39:18","modified_gmt":"2025-08-16T16:39:18","slug":"le-comite-du-souvenir-francais-de-woerth-mis-en-veille-apres-un-discours-denoncant-les-idees-dextreme-droite","status":"publish","type":"post","link":"https:\/\/www.europesays.com\/fr\/323227\/","title":{"rendered":"Le comit\u00e9 du Souvenir fran\u00e7ais de Woerth \u00ab\u00a0mis en veille\u00a0\u00bb apr\u00e8s un discours d\u00e9non\u00e7ant les id\u00e9es d\u2019extr\u00eame droite"},"content":{"rendered":"<p>Comme chaque ann\u00e9e, les \u00e9lus du canton se r\u00e9unissent pour comm\u00e9morer la bataille de Froeschwiller-Woerth (Bas-Rhin) sous l\u2019\u00e9gide du <a href=\"https:\/\/www.20minutes.fr\/societe\/4123199-20241125-lot-garonne-deux-jeunes-benevoles-engagent-association-souvenir-francais\" target=\"_blank\" class=\"c-link c-link--is-underlined\" rel=\"noopener\">Souvenir fran\u00e7ais<\/a>. Cette fois, la m\u00e9moire de cette bataille vieille de 155 ans est entach\u00e9e par une pol\u00e9mique.<\/p>\n<p>Lors de cette comm\u00e9moration, le pr\u00e9sident du Souvenir fran\u00e7ais de Woerth, Beno\u00eet Sigrist a tenu un discours contre les \u00ab\u00a0id\u00e9ologies brunes et naus\u00e9abondes [\u2026] <a href=\"https:\/\/www.20minutes.fr\/dossier\/extreme_droite\" target=\"_blank\" class=\"c-link c-link--is-underlined\" rel=\"noopener\">d\u2019extr\u00eame droite<\/a>\u00a0\u00bb en \u00ab\u00a0recherche incessante de boucs \u00e9missaires\u00a0\u00bb.<\/p>\n<p>\u00ab\u00a0Insulte\u00a0\u00bb et \u00ab\u00a0diffamation\u00a0\u00bb<\/p>\n<p>Une tirade qui ne passe pas aupr\u00e8s du d\u00e9put\u00e9 du <a href=\"https:\/\/www.20minutes.fr\/politique\/rassemblement-national\/\" target=\"_blank\" class=\"c-link c-link--is-underlined\" rel=\"noopener\">Rassemblement national <\/a>(RN) de la 8e circonscription du d\u00e9partement, <a href=\"https:\/\/www.20minutes.fr\/politique\/assemblee_nationale\/4100242-20240708-bas-rhin-theo-bernhardt-rn-tele-assemblee-nationale-passant-alsace\" target=\"_blank\" class=\"c-link c-link--is-underlined\" rel=\"noopener\">Th\u00e9o Bernhardt<\/a>. Selon les informations relay\u00e9es par<a href=\"https:\/\/www.mediapart.fr\/journal\/politique\/150825\/le-president-du-souvenir-francais-d-un-village-du-bas-rhin-ecarte-apres-un-discours-contre-l-extreme-dr\" target=\"_blank\" class=\"c-link c-link--is-underlined\" rel=\"noopener\"> Rue89 Strasbourg<\/a>, ce dernier aurait confront\u00e9 son confr\u00e8re \u00e0 la fin de son discours qu\u2019il juge \u00eatre \u00ab\u00a0une insulte pour les 13\u00a0millions d\u2019\u00e9lecteurs\u00a0\u00bb de son parti avant de porter plainte le lendemain pour \u00ab\u00a0diffamation publique\u00a0\u00bb.<\/p>\n<\/p>\n<p>Mardi, Beno\u00eet Sigrist, depuis dix-sept ann\u00e9es \u00e0 la t\u00eate du comit\u00e9, apprend \u00eatre \u00ab\u00a0mis en veille\u00a0\u00bb par le d\u00e9l\u00e9gu\u00e9 r\u00e9gional adjoint de l\u2019association. \u00ab\u00a0La direction r\u00e9gionale ne veut plus que je puisse m\u2019exprimer au nom du Souvenir fran\u00e7ais. [\u2026] A aucun moment je n\u2019ai nomm\u00e9 ou mis en cause directement le RN, seulement les id\u00e9ologies de l\u2019extr\u00eame droite\u00a0\u00bb, confie l\u2019homme de 56 ans contact\u00e9 par le m\u00e9dia d\u2019investigation.<\/p>\n<p>\u00ab\u00a0Solution temporaire\u00a0\u00bb<\/p>\n<p>De son c\u00f4t\u00e9, le d\u00e9l\u00e9gu\u00e9 g\u00e9n\u00e9ral du Souvenir fran\u00e7ais du Bas-Rhin, Fabrice Jaou\u00ebn d\u00e9ment pousser le principal concern\u00e9 vers la sortie mais plaide \u00ab\u00a0une solution temporaire\u00a0\u00bb dans le but de \u00ab\u00a0veiller \u00e0 la neutralit\u00e9 politique, religieuse, philosophique et syndicale\u00a0\u00bb de l\u2019association.<\/p>\n<p><a href=\"https:\/\/www.20minutes.fr\/dossier\/extreme_droite\" target=\"_blank\" class=\"c-link c-btn c-btn--primary\" rel=\"noopener\">Toute l&rsquo;actualit\u00e9 sur l&rsquo;extr\u00eame droite<\/a><\/p>\n<p>\u00ab\u00a0Assomm\u00e9\u00a0\u00bb par \u00ab\u00a0l\u2019ampleur\u00a0\u00bb de cette histoire, le pr\u00e9sident du comit\u00e9 a appris mardi via un article de <a href=\"https:\/\/www.liberation.fr\/politique\/elections\/en-alsace-la-guerre-de-1870-les-lecons-du-passe-et-un-depute-rn-vexe-20250812_TU37PNJRDNB6ROD4PCKC3Q4XBY\/\" target=\"_blank\" class=\"c-link c-link--is-underlined\" rel=\"noopener\">Lib\u00e9ration<\/a>, que Th\u00e9o Bernhardt aurait re\u00e7u des excuses de la part du Souvenir fran\u00e7ais. Mercredi, Beno\u00eet Sigrist a annonc\u00e9 aux membres de son comit\u00e9 sa mise en retrait non sans d\u00e9ception. \u00ab\u00a0Nous ne sommes plus que quatre. Si je d\u00e9missionne, c\u2019est dix-sept ans de travail qui vont dispara\u00eetre\u00a0\u00bb, a-t-il conclu aupr\u00e8s de Rue89 Strasbourg.<\/p>\n","protected":false},"excerpt":{"rendered":"Comme chaque ann\u00e9e, les \u00e9lus du canton se r\u00e9unissent pour comm\u00e9morer la bataille de Froeschwiller-Woerth (Bas-Rhin) sous l\u2019\u00e9gide&hellip;\n","protected":false},"author":2,"featured_media":323228,"comment_status":"","ping_status":"","sticky":false,"template":"","format":"standard","meta":{"footnotes":""},"categories":[2],"tags":[47,11,2389,2649,422,1011,27,775,12,316,2556,104],"class_list":{"0":"post-323227","1":"post","2":"type-post","3":"status-publish","4":"format-standard","5":"has-post-thumbnail","7":"category-actualites","8":"tag-actualite","9":"tag-actualites","10":"tag-alsace","11":"tag-bas-rhin","12":"tag-depute","13":"tag-fr","14":"tag-france","15":"tag-grand-est","16":"tag-news","17":"tag-politique","18":"tag-rassemblement-national-rn","19":"tag-societe"},"share_on_mastodon":{"url":"https:\/\/pubeurope.com\/@fr\/115039434411360699","error":""},"_links":{"self":[{"href":"https:\/\/www.europesays.com\/fr\/wp-json\/wp\/v2\/posts\/323227","targetHints":{"allow":["GET"]}}],"collection":[{"href":"https:\/\/www.europesays.com\/fr\/wp-json\/wp\/v2\/posts"}],"about":[{"href":"https:\/\/www.europesays.com\/fr\/wp-json\/wp\/v2\/types\/post"}],"author":[{"embeddable":true,"href":"https:\/\/www.europesays.com\/fr\/wp-json\/wp\/v2\/users\/2"}],"replies":[{"embeddable":true,"href":"https:\/\/www.europesays.com\/fr\/wp-json\/wp\/v2\/comments?post=323227"}],"version-history":[{"count":0,"href":"https:\/\/www.europesays.com\/fr\/wp-json\/wp\/v2\/posts\/323227\/revisions"}],"wp:featuredmedia":[{"embeddable":true,"href":"https:\/\/www.europesays.com\/fr\/wp-json\/wp\/v2\/media\/323228"}],"wp:attachment":[{"href":"https:\/\/www.europesays.com\/fr\/wp-json\/wp\/v2\/media?parent=323227"}],"wp:term":[{"taxonomy":"category","embeddable":true,"href":"https:\/\/www.europesays.com\/fr\/wp-json\/wp\/v2\/categories?post=323227"},{"taxonomy":"post_tag","embeddable":true,"href":"https:\/\/www.europesays.com\/fr\/wp-json\/wp\/v2\/tags?post=323227"}],"curies":[{"name":"wp","href":"https:\/\/api.w.org\/{rel}","templated":true}]}}