{"id":323229,"date":"2025-08-16T16:40:12","date_gmt":"2025-08-16T16:40:12","guid":{"rendered":"https:\/\/www.europesays.com\/fr\/323229\/"},"modified":"2025-08-16T16:40:12","modified_gmt":"2025-08-16T16:40:12","slug":"saint-etienne-dun-batiment-industriel-a-complexe-sportif-lincroyable-metamorphose-des-halles-barrouin","status":"publish","type":"post","link":"https:\/\/www.europesays.com\/fr\/323229\/","title":{"rendered":"Saint-\u00c9tienne. D&rsquo;un b\u00e2timent industriel \u00e0 complexe sportif, l\u2019incroyable m\u00e9tamorphose des halles Barrouin"},"content":{"rendered":"<p>L\u2019histoire des halles Barrouin d\u00e9marre en 1865 avec Charles Barrouin, ancien directeur du Creusot et ing\u00e9nieur. \u00c0 l\u2019\u00e2ge de 52 ans, il entreprend de b\u00e2tir une nouvelle usine, d\u00e9di\u00e9e \u00e0 la production de blindages et au forgeage de pi\u00e8ces de grande taille. Son choix se porte sur la plaine du Cros, future zone du Marais, un emplacement strat\u00e9gique \u00e0 proximit\u00e9 de la voie ferr\u00e9e.<\/p>\n<p>Une usine qui fa\u00e7onne le quartier<\/p>\n<p>Cette usine, d\u2019une taille consid\u00e9rable pour Saint-\u00c9tienne, va rapidement s\u2019\u00e9tendre, devenant, dans les ann\u00e9es 1910, la principale occupante des lieux. Son influence est telle qu\u2019elle fa\u00e7onne le quartier, y&#8230;<\/p>\n","protected":false},"excerpt":{"rendered":"L\u2019histoire des halles Barrouin d\u00e9marre en 1865 avec Charles Barrouin, ancien directeur du Creusot et ing\u00e9nieur. \u00c0 l\u2019\u00e2ge&hellip;\n","protected":false},"author":2,"featured_media":323230,"comment_status":"","ping_status":"","sticky":false,"template":"","format":"standard","meta":{"footnotes":""},"categories":[9653],"tags":[1111,11,2430,1687,7539,1777,674,1011,27,12,2661,25,4001,7538],"class_list":{"0":"post-323229","1":"post","2":"type-post","3":"status-publish","4":"format-standard","5":"has-post-thumbnail","7":"category-saint-etienne","8":"tag-actu","9":"tag-actualites","10":"tag-auvergne-rhone-alpes","11":"tag-culture-loisirs","12":"tag-edition-loire-sud","13":"tag-eu","14":"tag-europe","15":"tag-fr","16":"tag-france","17":"tag-news","18":"tag-patrimoine-culturel","19":"tag-republique-francaise","20":"tag-saint-etienne","21":"tag-saint-etienne-ville"},"share_on_mastodon":{"url":"https:\/\/pubeurope.com\/@fr\/115039438325690785","error":""},"_links":{"self":[{"href":"https:\/\/www.europesays.com\/fr\/wp-json\/wp\/v2\/posts\/323229","targetHints":{"allow":["GET"]}}],"collection":[{"href":"https:\/\/www.europesays.com\/fr\/wp-json\/wp\/v2\/posts"}],"about":[{"href":"https:\/\/www.europesays.com\/fr\/wp-json\/wp\/v2\/types\/post"}],"author":[{"embeddable":true,"href":"https:\/\/www.europesays.com\/fr\/wp-json\/wp\/v2\/users\/2"}],"replies":[{"embeddable":true,"href":"https:\/\/www.europesays.com\/fr\/wp-json\/wp\/v2\/comments?post=323229"}],"version-history":[{"count":0,"href":"https:\/\/www.europesays.com\/fr\/wp-json\/wp\/v2\/posts\/323229\/revisions"}],"wp:featuredmedia":[{"embeddable":true,"href":"https:\/\/www.europesays.com\/fr\/wp-json\/wp\/v2\/media\/323230"}],"wp:attachment":[{"href":"https:\/\/www.europesays.com\/fr\/wp-json\/wp\/v2\/media?parent=323229"}],"wp:term":[{"taxonomy":"category","embeddable":true,"href":"https:\/\/www.europesays.com\/fr\/wp-json\/wp\/v2\/categories?post=323229"},{"taxonomy":"post_tag","embeddable":true,"href":"https:\/\/www.europesays.com\/fr\/wp-json\/wp\/v2\/tags?post=323229"}],"curies":[{"name":"wp","href":"https:\/\/api.w.org\/{rel}","templated":true}]}}