{"id":323234,"date":"2025-08-16T16:43:18","date_gmt":"2025-08-16T16:43:18","guid":{"rendered":"https:\/\/www.europesays.com\/fr\/323234\/"},"modified":"2025-08-16T16:43:18","modified_gmt":"2025-08-16T16:43:18","slug":"qui-est-larriere-droit-rayan-bamba","status":"publish","type":"post","link":"https:\/\/www.europesays.com\/fr\/323234\/","title":{"rendered":"qui est l&rsquo;arri\u00e8re droit Rayan Bamba"},"content":{"rendered":"<p>N\u00e9 \u00e0 Paris, form\u00e9 au Stade Rennais, le lat\u00e9ral droit Rayan Bamba a d\u00e9barqu\u00e9 \u00e0 Nancy en ao\u00fbt 2025 sous forme de pr\u00eat, apr\u00e8s avoir prolong\u00e9 de deux ans son contrat avec le\u00a0club breton.<\/p>\n<p>L&rsquo;ASNL avait pu appr\u00e9cier son talent la saison derni\u00e8re, lorsqu&rsquo;il portait le maillot de Concarneau, o\u00f9 il \u00e9tait d\u00e9j\u00e0 pr\u00eat\u00e9. Avec les Thoniers, il avait d&rsquo;ailleurs \u00e9t\u00e9 \u00e9lu meilleur joueur du championnat \u00e0 son poste.\u00a0\u00a0<\/p>\n","protected":false},"excerpt":{"rendered":"N\u00e9 \u00e0 Paris, form\u00e9 au Stade Rennais, le lat\u00e9ral droit Rayan Bamba a d\u00e9barqu\u00e9 \u00e0 Nancy en ao\u00fbt&hellip;\n","protected":false},"author":2,"featured_media":323235,"comment_status":"","ping_status":"","sticky":false,"template":"","format":"standard","meta":{"footnotes":""},"categories":[9635],"tags":[1111,11,3703,1704,1777,674,63,1011,27,5325,775,230,1702,12,25,517,1700],"class_list":{"0":"post-323234","1":"post","2":"type-post","3":"status-publish","4":"format-standard","5":"has-post-thumbnail","7":"category-nancy","8":"tag-actu","9":"tag-actualites","10":"tag-asnl","11":"tag-edition-nancy-et-agglomeration","12":"tag-eu","13":"tag-europe","14":"tag-football","15":"tag-fr","16":"tag-france","17":"tag-galerie-media","18":"tag-grand-est","19":"tag-infographie","20":"tag-nancy","21":"tag-news","22":"tag-republique-francaise","23":"tag-sport","24":"tag-sport-lorrain"},"share_on_mastodon":{"url":"https:\/\/pubeurope.com\/@fr\/115039450201669854","error":""},"_links":{"self":[{"href":"https:\/\/www.europesays.com\/fr\/wp-json\/wp\/v2\/posts\/323234","targetHints":{"allow":["GET"]}}],"collection":[{"href":"https:\/\/www.europesays.com\/fr\/wp-json\/wp\/v2\/posts"}],"about":[{"href":"https:\/\/www.europesays.com\/fr\/wp-json\/wp\/v2\/types\/post"}],"author":[{"embeddable":true,"href":"https:\/\/www.europesays.com\/fr\/wp-json\/wp\/v2\/users\/2"}],"replies":[{"embeddable":true,"href":"https:\/\/www.europesays.com\/fr\/wp-json\/wp\/v2\/comments?post=323234"}],"version-history":[{"count":0,"href":"https:\/\/www.europesays.com\/fr\/wp-json\/wp\/v2\/posts\/323234\/revisions"}],"wp:featuredmedia":[{"embeddable":true,"href":"https:\/\/www.europesays.com\/fr\/wp-json\/wp\/v2\/media\/323235"}],"wp:attachment":[{"href":"https:\/\/www.europesays.com\/fr\/wp-json\/wp\/v2\/media?parent=323234"}],"wp:term":[{"taxonomy":"category","embeddable":true,"href":"https:\/\/www.europesays.com\/fr\/wp-json\/wp\/v2\/categories?post=323234"},{"taxonomy":"post_tag","embeddable":true,"href":"https:\/\/www.europesays.com\/fr\/wp-json\/wp\/v2\/tags?post=323234"}],"curies":[{"name":"wp","href":"https:\/\/api.w.org\/{rel}","templated":true}]}}