{"id":323236,"date":"2025-08-16T16:44:36","date_gmt":"2025-08-16T16:44:36","guid":{"rendered":"https:\/\/www.europesays.com\/fr\/323236\/"},"modified":"2025-08-16T16:44:36","modified_gmt":"2025-08-16T16:44:36","slug":"a-toulon-les-pause-parents-au-soutien-des-jeunes-parents-en-quete-de-reponses","status":"publish","type":"post","link":"https:\/\/www.europesays.com\/fr\/323236\/","title":{"rendered":"A Toulon, Les Pause Parents au soutien des jeunes parents en qu\u00eate de r\u00e9ponses"},"content":{"rendered":"<p>Les mains dans l&rsquo;eau, Kelly joue avec sa petite fille de deux ans et demi sur l&rsquo;un des ateliers mis en place ce mercredi 9 avril sur le place d&rsquo;Armes, \u00e0 Toulon, \u00e0 l&rsquo;occasion de la Journ\u00e9e des Familles, organis\u00e9e dans le cadre de la \u00a07e \u00e9dition de la <a href=\"https:\/\/www.caf.fr\/allocataires\/caf-du-var\/actualites-departementales\/la-quinzaine-des-familles-revient-dans-le-var-du-29-mars-au-13-avril\" rel=\"nofollow noopener\" target=\"_blank\">Quinzaine des Familles<\/a> pilot\u00e9e par la Caf du Var. \u00ab\u00a0<strong>Ce n&rsquo;est pas tout rose<\/strong>. On manque parfois d&rsquo;un peu de soutien. Donc c&rsquo;est int\u00e9ressant de voir qu&rsquo;il existe des structures pour nous accompagner\u00a0\u00bb, confie cette jeune maman en d\u00e9couvrant le stand d&rsquo;<a href=\"https:\/\/www.afltransition.fr\/pause-parents\" rel=\"nofollow noopener\" target=\"_blank\">AFL Transition<\/a>.<\/p>\n<p>Renforcer le lien parent-enfant<\/p>\n<p>Cette association g\u00e8re <strong>trois espaces d&rsquo;accueil<\/strong> pour <strong>parents et enfants, de 0 \u00e0 6 ans<\/strong>, \u00e0 Toulon et Ollioules\u00a0: Les Pause Parents, dans lesquelles sont am\u00e9nag\u00e9s diff\u00e9rentes activit\u00e9s d&rsquo;\u00e9veil, de cr\u00e9ativit\u00e9 ou encore de motricit\u00e9. \u00a0\u00a0\u00ab\u00a0Avec l&rsquo;\u00e9cole ou la cr\u00e8che, ils ne prennent pas forc\u00e9ment le temps de le faire au quotidien. Cela permet de renforcer le lien entre eux\u00a0\u00bb, explique Ang\u00e8le Bernardo, m\u00e9diatrice sociale \u00e0 la Pause Parents de La Beaucaire, \u00e0 Toulon.<\/p>\n<p>Accompagner sans juger<\/p>\n<p>Au-del\u00e0 de ces activit\u00e9s, des <strong>ateliers d&rsquo;\u00e9veil et de baby massages<\/strong>, de soins aux nourrissons sont aussi propos\u00e9es pour les parents en qu\u00eate de soutien ou de r\u00e9ponses ainsi que des repas partag\u00e9s ou des <strong>consultations psychologiques individuelles ou familiales<\/strong>. \u00ab\u00a0Les parents se posent de plus en plus de questions sur l&rsquo;\u00e9ducation, ils savent les cons\u00e9quences que cela aura sur le futur adulte. Cette conscience est tr\u00e8s importante\u00a0\u00bb, t\u00e9moignage Nathalie Rocailleux, psychologue clinicienne, fondatrice de La Pause Parents. \u00ab\u00a0On sait \u00e0 quel point c&rsquo;est difficile d&rsquo;\u00eatre parent, c&rsquo;est une charge mentale \u00e9norme avec \u00a0aussi beaucoup d&rsquo;\u00e9motion. On va essayer de trouver des solutions ensemble, sans jugement\u00a0\u00bb. Un accompagnement gratuit et accessible librement.<\/p>\n<p>\u00a0<\/p>\n<p>Infos pratiques\u00a0:<\/p>\n<p>Pause Parents de Toulon Ouest\u00a0: 24 rue Victore Clappier, \u00e0 Toulon<\/p>\n<p>de La Beaucaire\u00a0: Espace Enfant et Famille, Bat 49. Bd des Collines, HLM La Beaucaire<\/p>\n<p>\u00e0 Ollioules\u00a0: Espace Pu\u00e9riculture &#8211;\u00a019 rue Anatole France<\/p>\n","protected":false},"excerpt":{"rendered":"Les mains dans l&rsquo;eau, Kelly joue avec sa petite fille de deux ans et demi sur l&rsquo;un des&hellip;\n","protected":false},"author":2,"featured_media":323237,"comment_status":"","ping_status":"","sticky":false,"template":"","format":"standard","meta":{"footnotes":""},"categories":[9619],"tags":[1111,11,1777,674,1011,27,12,882,25,2310],"class_list":{"0":"post-323236","1":"post","2":"type-post","3":"status-publish","4":"format-standard","5":"has-post-thumbnail","7":"category-toulon","8":"tag-actu","9":"tag-actualites","10":"tag-eu","11":"tag-europe","12":"tag-fr","13":"tag-france","14":"tag-news","15":"tag-provence-alpes-cote-dazur","16":"tag-republique-francaise","17":"tag-toulon"},"share_on_mastodon":{"url":"https:\/\/pubeurope.com\/@fr\/115039454037490402","error":""},"_links":{"self":[{"href":"https:\/\/www.europesays.com\/fr\/wp-json\/wp\/v2\/posts\/323236","targetHints":{"allow":["GET"]}}],"collection":[{"href":"https:\/\/www.europesays.com\/fr\/wp-json\/wp\/v2\/posts"}],"about":[{"href":"https:\/\/www.europesays.com\/fr\/wp-json\/wp\/v2\/types\/post"}],"author":[{"embeddable":true,"href":"https:\/\/www.europesays.com\/fr\/wp-json\/wp\/v2\/users\/2"}],"replies":[{"embeddable":true,"href":"https:\/\/www.europesays.com\/fr\/wp-json\/wp\/v2\/comments?post=323236"}],"version-history":[{"count":0,"href":"https:\/\/www.europesays.com\/fr\/wp-json\/wp\/v2\/posts\/323236\/revisions"}],"wp:featuredmedia":[{"embeddable":true,"href":"https:\/\/www.europesays.com\/fr\/wp-json\/wp\/v2\/media\/323237"}],"wp:attachment":[{"href":"https:\/\/www.europesays.com\/fr\/wp-json\/wp\/v2\/media?parent=323236"}],"wp:term":[{"taxonomy":"category","embeddable":true,"href":"https:\/\/www.europesays.com\/fr\/wp-json\/wp\/v2\/categories?post=323236"},{"taxonomy":"post_tag","embeddable":true,"href":"https:\/\/www.europesays.com\/fr\/wp-json\/wp\/v2\/tags?post=323236"}],"curies":[{"name":"wp","href":"https:\/\/api.w.org\/{rel}","templated":true}]}}