{"id":323242,"date":"2025-08-16T16:48:12","date_gmt":"2025-08-16T16:48:12","guid":{"rendered":"https:\/\/www.europesays.com\/fr\/323242\/"},"modified":"2025-08-16T16:48:12","modified_gmt":"2025-08-16T16:48:12","slug":"le-comptoir-par-lepicurius-a-rouen-vaut-il-le-detour-le-verdict-de-notre-critique-culinaire","status":"publish","type":"post","link":"https:\/\/www.europesays.com\/fr\/323242\/","title":{"rendered":"Le Comptoir par l&rsquo;\u00c9picurius \u00e0 Rouen vaut-il le d\u00e9tour ? Le verdict de notre critique culinaire"},"content":{"rendered":"<p>            Par<br \/>\n        <strong><br \/>\n            <a href=\"https:\/\/actu.fr\/auteur\/laredaction\" title=\"Consulter tous les articles de R\u00e9daction Normandie\" rel=\"nofollow noopener\" target=\"_blank\">R\u00e9daction Normandie<\/a><br \/>\n        <\/strong><\/p>\n<p>        Publi\u00e9 le<\/p>\n<p>            16 ao\u00fbt 2025 \u00e0 17h42        <\/p>\n<p><strong>Rue Damiette \u00e0 Rouen<\/strong>, le restaurant <strong>l\u2019\u00c9picurius<\/strong> jouit d\u00e9j\u00e0 d\u2019une belle r\u00e9putation. Alors la venue d\u2019un petit fr\u00e8re, <a href=\"https:\/\/actu.fr\/normandie\/rouen_76540\/le-comptoir-un-nouveau-bar-a-vins-et-tapas-signe-par-le-chef-de-l-epicurius-a-rouen_62661892.html\" rel=\"nofollow noopener\" target=\"_blank\">le Comptoir<\/a>, o\u00f9 l\u2019on peut boire un verre et manger, a mis l\u2019eau \u00e0 la bouche \u00e0 notre critique culinaire. <strong>Il nous donne son verdict.\u00a0<\/strong><\/p>\n<p>Le Comptoir, pour boire un verre\u2026<\/p>\n<p class=\" wall-content\">Le comptoir par l\u2019\u00c9picurius ! \u00c9videmment le nom est all\u00e9chant et c\u2019est malgr\u00e9 tout plein d\u2019attente et d\u2019esp\u00e9rance que nous nous dirigeons vers le petit fr\u00e8re nouveau-n\u00e9 du restaurant de la rue Damiette. <strong>Bien conscient que le concept est volontairement diff\u00e9rent<\/strong>, simplifi\u00e9 et d\u00e9tendu, nous prenons place dans la rue passante en cette soir\u00e9e estivale.<\/p>\n<p class=\" wall-content\">La carte des vins est ramass\u00e9e, mais aussi agr\u00e9able qu\u2019abordable. <strong>C\u2019est au verre qu\u2019on peut se r\u00e9galer<\/strong> un peu plus avec des \u00ab petits vins \u00bb originaux, comme un Ventoux blanc ou le Fer Aigu du saumurois Pierre Adrien Vad\u00e9. Plus abordable qu\u2019\u00e0 l\u2019\u00c9picurius juste voisin, <strong>c\u2019est vraiment l\u2019occasion d\u2019un bon moment<\/strong>.<\/p>\n<p class=\" wall-content\">Selon les serveuses, le conseil sera acad\u00e9mique mais juste, ou au contraire absent. Passons sur la gouttelette essuy\u00e9e avec le doigt\u2026 On regrettera peut-\u00eatre l\u2019absence de l\u2019indication des mill\u00e9simes au verre.<\/p>\n<p class=\" wall-content\">La carte des spiritueux est \u00e9galement fournie quoique plus classique, \u00e0 l\u2019exception <strong>des gins qui font un peu voyager.<\/strong> Dommage qu\u2019ils soient tous propos\u00e9s en tonic, notamment The Botanist dont la rondeur onctueuse se serait appr\u00e9ci\u00e9e pour elle-m\u00eame.<\/p>\n<p>Une attente bien longue<\/p>\n<p class=\" wall-content\">C\u00f4t\u00e9 plat, si le press\u00e9 de b\u0153uf, foie gras vinaigrette au jus de truffe <strong>\u00e9taient absolument superbe<\/strong>, le poireau vinaigrette \u00e9tait un peu lourd et le saumon marin\u00e9 \u00e0 l\u2019aneth peu gouteux pour trois points de mayonnaise miso et agrumes assez fade \u00e9galement.<\/p>\n<p class=\" wall-content\">Le service pour sa part, oscillait entre une serveuse des plus agr\u00e9able et d\u00e9sol\u00e9e de l\u2019attente que, seule au service ce soir-l\u00e0, elle ne pouvait r\u00e9duire (cela faisait trois heures que nous \u00e9tions l\u00e0 quand nous avons renonc\u00e9 \u00e0 commander un second plat) et deux serveuses occup\u00e9es au fond du bar pendant que j\u2019attendais, \u00e9tant pourtant seul ce second soir, au point que j\u2019ai d\u00fb aller moi-m\u00eame demander mon verre de vin. Un vin servi dans un verre chaud \u00ab qui sort du lave-vaisselle \u00bb.<\/p>\n<p class=\" wall-content\"><strong>De belles choses donc, malgr\u00e9 certaines d\u00e9ceptions<\/strong> qui, on l\u2019esp\u00e8re, ne seront plus qu\u2019un souvenir lors d\u2019un prochain passage.<\/p>\n<p>Comment travaille notre critique<\/p>\n<p>Cette critique a \u00e9t\u00e9 r\u00e9alis\u00e9e par Cyril Brun, collaborateur r\u00e9gulier de 76actu. Professionnel du milieu de la restauration, il teste de nombreux restaurants depuis plusieurs ann\u00e9es. <\/p>\n<p>Avec objectivit\u00e9, il livre donc son avis sur les nouvelles cuisines de Rouen et du Havre, en prenant en compte plusieurs crit\u00e8res : <br \/>\u2022 le positionnement du restaurant. On ne juge pas une brasserie comme on juge un gastronomique \u00e9toil\u00e9 ;<br \/>\u2022 la qualit\u00e9 des plats servis, en prenant en compte le temps de pr\u00e9paration, la cuisson, la cr\u00e9ativit\u00e9, les ar\u00f4mes, l&rsquo;\u00e9quilibre des saveurs, l&rsquo;originalit\u00e9&#8230; ;<br \/>\u2022 la qualit\u00e9 du service ;<br \/>\u2022 la qualit\u00e9 des vins.<\/p>\n<p>Enfin, comme le rappelle Cyril Brun, la critique est \u00ab une photo destin\u00e9e \u00e0 \u00e9clairer le client. Bien entendu, une photo n&rsquo;est pas une vid\u00e9o. Mais le client est en droit de savoir qu&rsquo;il risque de tomber sur une mauvaise photo ou une belle image \u00bb. Ou plus simplement, \u00e0 chacun aussi de se faire son avis !<\/p>\n<p>Le Comptoir par l\u2019\u00c9picurius, 29 rue Damiette \u00e0 Rouen.<\/p>\n<p>Suivez l\u2019actualit\u00e9 de Rouen <a href=\"https:\/\/www.whatsapp.com\/channel\/0029VaKfnf99hXF2ddApFB1D\" rel=\"nofollow noopener\" target=\"_blank\">sur notre cha\u00eene WhatsApp<\/a> et <a href=\"https:\/\/www.tiktok.com\/@76actu.fr?lang=fr\" rel=\"nofollow noopener\" target=\"_blank\">sur notre compte TikTok<\/a><\/p>\n<p class=\" wall-content\"><strong>Cyril Brun<\/strong><\/p>\n<p class=\" wall-content\">Suivez toute l\u2019actualit\u00e9 de vos villes et m\u00e9dias favoris en vous inscrivant \u00e0 <a href=\"https:\/\/moncompte.actu.fr\" title=\"D\u00e9couvez Mon Actu\" rel=\"nofollow noopener\" data-trk=\"{&quot;cta&quot;:{&quot;action&quot;:&quot;https:\\\/\\\/moncompte.actu.fr&quot;,&quot;category&quot;:&quot;mon compte&quot;,&quot;from&quot;:&quot;article footer&quot;,&quot;name&quot;:&quot;Mon actu&quot;,&quot;type&quot;:&quot;cta&quot;}}\" target=\"_blank\">Mon Actu<\/a>.<\/p>\n<p>                    <script async src=\"\/\/www.tiktok.com\/embed.js\"><\/script><\/p>\n","protected":false},"excerpt":{"rendered":"Par R\u00e9daction Normandie Publi\u00e9 le 16 ao\u00fbt 2025 \u00e0 17h42 Rue Damiette \u00e0 Rouen, le restaurant l\u2019\u00c9picurius jouit&hellip;\n","protected":false},"author":2,"featured_media":323243,"comment_status":"","ping_status":"","sticky":false,"template":"","format":"standard","meta":{"footnotes":""},"categories":[9587],"tags":[1111,11,9086,902,1777,674,1011,27,1661,1652,12,5161,25,9590],"class_list":{"0":"post-323242","1":"post","2":"type-post","3":"status-publish","4":"format-standard","5":"has-post-thumbnail","7":"category-rouen","8":"tag-actu","9":"tag-actualites","10":"tag-bon-plan-a-rouen","11":"tag-cuisine","12":"tag-eu","13":"tag-europe","14":"tag-fr","15":"tag-france","16":"tag-gastronomie","17":"tag-loisirs-culture","18":"tag-news","19":"tag-normandie","20":"tag-republique-francaise","21":"tag-rouen"},"share_on_mastodon":{"url":"https:\/\/pubeurope.com\/@fr\/115039469781600880","error":""},"_links":{"self":[{"href":"https:\/\/www.europesays.com\/fr\/wp-json\/wp\/v2\/posts\/323242","targetHints":{"allow":["GET"]}}],"collection":[{"href":"https:\/\/www.europesays.com\/fr\/wp-json\/wp\/v2\/posts"}],"about":[{"href":"https:\/\/www.europesays.com\/fr\/wp-json\/wp\/v2\/types\/post"}],"author":[{"embeddable":true,"href":"https:\/\/www.europesays.com\/fr\/wp-json\/wp\/v2\/users\/2"}],"replies":[{"embeddable":true,"href":"https:\/\/www.europesays.com\/fr\/wp-json\/wp\/v2\/comments?post=323242"}],"version-history":[{"count":0,"href":"https:\/\/www.europesays.com\/fr\/wp-json\/wp\/v2\/posts\/323242\/revisions"}],"wp:featuredmedia":[{"embeddable":true,"href":"https:\/\/www.europesays.com\/fr\/wp-json\/wp\/v2\/media\/323243"}],"wp:attachment":[{"href":"https:\/\/www.europesays.com\/fr\/wp-json\/wp\/v2\/media?parent=323242"}],"wp:term":[{"taxonomy":"category","embeddable":true,"href":"https:\/\/www.europesays.com\/fr\/wp-json\/wp\/v2\/categories?post=323242"},{"taxonomy":"post_tag","embeddable":true,"href":"https:\/\/www.europesays.com\/fr\/wp-json\/wp\/v2\/tags?post=323242"}],"curies":[{"name":"wp","href":"https:\/\/api.w.org\/{rel}","templated":true}]}}