{"id":323244,"date":"2025-08-16T16:49:58","date_gmt":"2025-08-16T16:49:58","guid":{"rendered":"https:\/\/www.europesays.com\/fr\/323244\/"},"modified":"2025-08-16T16:49:58","modified_gmt":"2025-08-16T16:49:58","slug":"on-doit-faire-de-gaston-gerard-une-forteresse-ridira-affiche-ses-ambitions-a-domicile","status":"publish","type":"post","link":"https:\/\/www.europesays.com\/fr\/323244\/","title":{"rendered":"\u00ab\u00a0On doit faire de Gaston-G\u00e9rard une forteresse\u00a0\u00bb, Ridira affiche ses ambitions \u00e0 domicile"},"content":{"rendered":"<p>Zapping Foot National Les Petits Princes du Rocher, immersion dans le Groupe \u00c9lite de l\u2019AS Monaco !<\/p>\n<p>Vainqueur \u00e0 Orl\u00e9ans pour lancer sa saison, le DFCO re\u00e7oit ce vendredi le FC Rouen avec la volont\u00e9 d\u2019encha\u00eener. Baptiste Ridira a affich\u00e9 son ambition : imposer Gaston-G\u00e9rard comme un terrain imprenable, tout en rappelant que tout reste perfectible. \u00ab\u00a0On doit faire de Gaston-G\u00e9rard une forteresse. Quand on joue \u00e0 domicile, ce ne doit pas \u00eatre nos genoux mais ceux des adversaires qui tremblent\u00a0\u00bb, a-t-il martel\u00e9. Satisfait d\u2019avoir pris trois points loin de ses bases, l\u2019entra\u00eeneur ne veut pas voir son \u00e9quipe tomber dans l\u2019euphorie. \u00ab\u00a0On ne peut pas se permettre de penser que c\u2019\u00e9tait un match parfait. C\u2019\u00e9tait loin de l\u2019\u00eatre. Il y a encore pas mal de choses \u00e0 corriger, sur le tempo global et certaines actions d\u00e9fensives.\u00a0\u00bb<\/p>\n<p>Un groupe presque au complet<\/p>\n<p>Pour ce rendez-vous, Ridira doit composer sans Ben-Chayeel Hamada, victime d\u2019une blessure \u00e0 un ischio-jambier mardi matin et absent environ trois semaines. \u00ab\u00a0C\u2019est dommage, par rapport \u00e0 son entr\u00e9e \u00e0 Orl\u00e9ans et son profil polyvalent\u00a0\u00bb, a-t-il regrett\u00e9. En revanche, Julio Tavares, Waly Diouf et Loris Dupont font leur premi\u00e8re apparition dans le groupe, tandis que Fady Khetir poursuit sa pr\u00e9paration. L\u2019entra\u00eeneur insiste : \u00ab\u00a0On est sur des timings de pr\u00e9paration diff\u00e9rents, il faut amener les joueurs progressivement \u00e0 leur meilleur niveau.\u00a0\u00bb Le technicien se dit \u00e9galement satisfait de l\u2019atmosph\u00e8re autour du club : \u00ab\u00a0Aujourd\u2019hui je me sens soutenu. On sent qu\u2019il y a de l\u2019attente, pas de d\u00e9fiance. C\u2019est sain.\u00a0\u00bb<\/p>\n<p>Sur l\u2019adversaire, Ridira note un FC Rouen \u00ab\u00a0plus discret\u00a0\u00bb que la saison pass\u00e9e, avec un recrutement qu\u2019il juge \u00ab\u00a0judicieux\u00a0\u00bb, citant notamment Nassim Titebah, Rapha\u00ebl Gerbeaud et Kenny Rocha. \u00ab\u00a0Pour moi, c\u2019est une \u00e9quipe moins expos\u00e9e et plus sereine pour travailler\u00a0\u00bb, estime-t-il. Interrog\u00e9 sur la situation de l\u2019AC Ajaccio, exclu des championnats nationaux, il a exprim\u00e9 sa tristesse : \u00ab\u00a0C\u2019est un club historique. Je pense \u00e0 l\u2019entra\u00eeneur, aux joueurs, au public\u2026 Il y a beaucoup de dommages collat\u00e9raux. La situation est identique depuis trois saisons avec Sochaux, Bordeaux\u2026 J\u2019esp\u00e8re que le foot fran\u00e7ais ne revivra pas \u00e7a chaque ann\u00e9e\u00a0\u00bb.<\/p>\n<p>Partagez cette info avec vos amis et vos proches en cliquant ici<br \/>Dijon : \u00ab\u00a0On doit faire de Gaston-G\u00e9rard une forteresse\u00a0\u00bb, Ridira affiche ses ambitions \u00e0 domicile<\/p>\n<p>Vainqueur \u00e0 Orl\u00e9ans pour lancer sa saison, le DFCO re\u00e7oit ce vendredi le FC Rouen avec la volont\u00e9 d\u2019encha\u00eener. Baptiste Ridira a affich\u00e9 son ambition : imposer Gaston-G\u00e9rard comme un terrain imprenable, tout en rappelant que tout reste perfectible.<\/p>\n<p> <img decoding=\"async\" width=\"76\" height=\"76\" loading=\"lazy\" src=\"https:\/\/static.wui.fr\/images_v3\/avatar-footnational.png\" alt=\"Matias Archambeau\"\/><\/p>\n","protected":false},"excerpt":{"rendered":"Zapping Foot National Les Petits Princes du Rocher, immersion dans le Groupe \u00c9lite de l\u2019AS Monaco ! Vainqueur&hellip;\n","protected":false},"author":2,"featured_media":323245,"comment_status":"","ping_status":"","sticky":false,"template":"","format":"standard","meta":{"footnotes":""},"categories":[9587],"tags":[1111,11,1777,674,1011,27,12,5161,25,9590],"class_list":{"0":"post-323244","1":"post","2":"type-post","3":"status-publish","4":"format-standard","5":"has-post-thumbnail","7":"category-rouen","8":"tag-actu","9":"tag-actualites","10":"tag-eu","11":"tag-europe","12":"tag-fr","13":"tag-france","14":"tag-news","15":"tag-normandie","16":"tag-republique-francaise","17":"tag-rouen"},"share_on_mastodon":{"url":"https:\/\/pubeurope.com\/@fr\/115039477688090243","error":""},"_links":{"self":[{"href":"https:\/\/www.europesays.com\/fr\/wp-json\/wp\/v2\/posts\/323244","targetHints":{"allow":["GET"]}}],"collection":[{"href":"https:\/\/www.europesays.com\/fr\/wp-json\/wp\/v2\/posts"}],"about":[{"href":"https:\/\/www.europesays.com\/fr\/wp-json\/wp\/v2\/types\/post"}],"author":[{"embeddable":true,"href":"https:\/\/www.europesays.com\/fr\/wp-json\/wp\/v2\/users\/2"}],"replies":[{"embeddable":true,"href":"https:\/\/www.europesays.com\/fr\/wp-json\/wp\/v2\/comments?post=323244"}],"version-history":[{"count":0,"href":"https:\/\/www.europesays.com\/fr\/wp-json\/wp\/v2\/posts\/323244\/revisions"}],"wp:featuredmedia":[{"embeddable":true,"href":"https:\/\/www.europesays.com\/fr\/wp-json\/wp\/v2\/media\/323245"}],"wp:attachment":[{"href":"https:\/\/www.europesays.com\/fr\/wp-json\/wp\/v2\/media?parent=323244"}],"wp:term":[{"taxonomy":"category","embeddable":true,"href":"https:\/\/www.europesays.com\/fr\/wp-json\/wp\/v2\/categories?post=323244"},{"taxonomy":"post_tag","embeddable":true,"href":"https:\/\/www.europesays.com\/fr\/wp-json\/wp\/v2\/tags?post=323244"}],"curies":[{"name":"wp","href":"https:\/\/api.w.org\/{rel}","templated":true}]}}